{"id":36033,"date":"2017-12-30T00:37:27","date_gmt":"2017-12-30T03:37:27","guid":{"rendered":"http:\/\/caririemacao.com\/1\/?p=36033"},"modified":"2017-12-30T00:37:27","modified_gmt":"2017-12-30T03:37:27","slug":"duplicacao-da-br-230-entre-cg-e-cariri-sera-iniciada-em-janeiro","status":"publish","type":"post","link":"https:\/\/www.caririemacao.com\/1\/2017\/12\/30\/duplicacao-da-br-230-entre-cg-e-cariri-sera-iniciada-em-janeiro\/","title":{"rendered":"Duplica\u00e7\u00e3o da BR-230 entre CG e Cariri ser\u00e1 iniciada em janeiro"},"content":{"rendered":"<p><strong>\u00a0<\/strong>As obras de duplica\u00e7\u00e3o da BR-230, entre Campina Grande e Pra\u00e7a do Meio do Mundo, ser\u00e3o iniciadas na segunda quinzena de janeiro.<\/p>\n<p>O superintendente do DNIT na Para\u00edba, Francisco Lacerda, informou que o decreto autoriza o in\u00edcio da obra foi assinado nessa quinta-feira (28). A previs\u00e3o da conclus\u00e3o \u00e9 de at\u00e9 tr\u00eas anos.<\/p>\n<p>Ao todo, ser\u00e3o investidos cerca de R$ 330 milh\u00f5es para a duplica\u00e7\u00e3o de aproximadamente 32 quil\u00f4metros.<\/p>\n<p>A constru\u00e7\u00e3o, que ser\u00e1 feita por uma cons\u00f3rcio mineiro, iniciar\u00e1 na sa\u00edda de Campina e se estender\u00e1 at\u00e9 o bifurcamento das BRs 230 e 412 pr\u00f3ximo a Pra\u00e7a do Meio do Mundo.<\/p>\n<p><strong>CARIRI EM A\u00c7\u00c3O<\/strong><\/p>\n<p><strong>\u00a0<\/strong><strong>Leia mais not\u00edcias em\u00a0<\/strong><a style=\"font-style: inherit; font-weight: inherit;\" href=\"http:\/\/www.caririemacao.com\/\"><strong style=\"font-style: inherit;\">caririemacao.com<\/strong><\/a><strong style=\"font-style: inherit;\">, siga nossa p\u00e1gina no\u00a0<\/strong><a style=\"font-style: inherit; font-weight: inherit;\" href=\"https:\/\/www.facebook.com\/CaririEmAcao\/?ref=aymt_homepage_panel\"><strong style=\"font-style: inherit;\">Facebook<\/strong><\/a>,<strong style=\"font-style: inherit;\">\u00a0<\/strong><a style=\"font-style: inherit; font-weight: inherit;\" href=\"https:\/\/www.instagram.com\/cariri_em_acao\/?hl=pt-br\"><strong style=\"font-style: inherit;\">Instagram<\/strong><\/a><strong style=\"font-style: inherit;\">\u00a0e\u00a0<\/strong><a style=\"font-style: inherit; font-weight: inherit;\" href=\"https:\/\/www.youtube.com\/channel\/UCAptA0jQuYQy8vMhLt2m4qg\"><strong style=\"font-style: inherit;\">Youtube<\/strong><\/a><strong style=\"font-style: inherit;\">\u00a0e veja nossas mat\u00e9rias, v\u00eddeos e fotos. Voc\u00ea tamb\u00e9m pode enviar informa\u00e7\u00f5es \u00e0 Reda\u00e7\u00e3o do Portal Cariri em A\u00e7\u00e3o pelo WhatsApp (83) 9 9634.5791, (83) 9 9601-1162.<\/strong><\/p>\n","protected":false},"excerpt":{"rendered":"<p>\u00a0As obras de duplica\u00e7\u00e3o da BR-230, entre Campina Grande e Pra\u00e7a do Meio do Mundo, ser\u00e3o iniciadas na segunda quinzena de janeiro. O superintendente do&hellip; <\/p>\n","protected":false},"author":2,"featured_media":36034,"comment_status":"closed","ping_status":"closed","sticky":false,"template":"","format":"standard","meta":{"sfsi_plus_gutenberg_text_before_share":"","sfsi_plus_gutenberg_show_text_before_share":"","sfsi_plus_gutenberg_icon_type":"","sfsi_plus_gutenberg_icon_alignemt":"","sfsi_plus_gutenburg_max_per_row":"","footnotes":""},"categories":[2],"tags":[],"class_list":["post-36033","post","type-post","status-publish","format-standard","has-post-thumbnail","hentry","category-geral"],"_links":{"self":[{"href":"https:\/\/www.caririemacao.com\/1\/wp-json\/wp\/v2\/posts\/36033","targetHints":{"allow":["GET"]}}],"collection":[{"href":"https:\/\/www.caririemacao.com\/1\/wp-json\/wp\/v2\/posts"}],"about":[{"href":"https:\/\/www.caririemacao.com\/1\/wp-json\/wp\/v2\/types\/post"}],"author":[{"embeddable":true,"href":"https:\/\/www.caririemacao.com\/1\/wp-json\/wp\/v2\/users\/2"}],"replies":[{"embeddable":true,"href":"https:\/\/www.caririemacao.com\/1\/wp-json\/wp\/v2\/comments?post=36033"}],"version-history":[{"count":0,"href":"https:\/\/www.caririemacao.com\/1\/wp-json\/wp\/v2\/posts\/36033\/revisions"}],"wp:featuredmedia":[{"embeddable":true,"href":"https:\/\/www.caririemacao.com\/1\/wp-json\/wp\/v2\/media\/36034"}],"wp:attachment":[{"href":"https:\/\/www.caririemacao.com\/1\/wp-json\/wp\/v2\/media?parent=36033"}],"wp:term":[{"taxonomy":"category","embeddable":true,"href":"https:\/\/www.caririemacao.com\/1\/wp-json\/wp\/v2\/categories?post=36033"},{"taxonomy":"post_tag","embeddable":true,"href":"https:\/\/www.caririemacao.com\/1\/wp-json\/wp\/v2\/tags?post=36033"}],"curies":[{"name":"wp","href":"https:\/\/api.w.org\/{rel}","templated":true}]}}