{"id":36044,"date":"2017-12-30T08:31:54","date_gmt":"2017-12-30T11:31:54","guid":{"rendered":"http:\/\/caririemacao.com\/1\/?p=36044"},"modified":"2017-12-30T08:31:54","modified_gmt":"2017-12-30T11:31:54","slug":"presidente-da-fpf-agora-so-se-reelege-uma-vez","status":"publish","type":"post","link":"https:\/\/www.caririemacao.com\/1\/2017\/12\/30\/presidente-da-fpf-agora-so-se-reelege-uma-vez\/","title":{"rendered":"Presidente da FPF agora s\u00f3 se reelege uma vez"},"content":{"rendered":"<p>Com a aprova\u00e7\u00e3o da reforma estatut\u00e1ria, em reuni\u00e3o de Assembleia Geral Extraordin\u00e1ria,\u00a0 realizada na manh\u00e3 desta sexta-feira (29), na sede da Federa\u00e7\u00e3o Paraibana de Futebol (FPF), os clubes aprovaram algumas mudas no estatuto da entidade, onde o ponto mais importante foi o direito de apenas uma reelei\u00e7\u00e3o a presidente, ou seja dois mandatos de quatros anos.<\/p>\n<p>Os dirigentes\u00a0 aprovaram ainda, outras modifica\u00e7\u00f5es como a inclus\u00e3o na elei\u00e7\u00e3o do representante dos atletas que ter\u00e1 direito a um voto;\u00a0 a cria\u00e7\u00e3o de tr\u00eas vice-presidentes eleitos em conjunto com o presidente; e a subscri\u00e7\u00e3o de chapas ao pleito com o apoio de 16 clubes, sendo oito profissionais e oito amadores ou ligas, al\u00e9m da prerrogativa de antecipa\u00e7\u00e3o de elei\u00e7\u00e3o somente permitida por 3\/4 do col\u00e9gio eleitoral. Antes o poder era da presid\u00eancia.<\/p>\n<p>O presidente Amadeu Rodrigues considerou um marco de sua administra\u00e7\u00e3o as mudan\u00e7as aprovadas pelos clubes que seguiu todo o rito do Estatuto cogoom a convoca\u00e7\u00e3o respeitando os prazos e divulgada em jornal da cidade.<\/p>\n<p>\u201cEstou feliz porque uma promessa de campanha se concretizou gra\u00e7as ao apoio dos clubes. N\u00e3o tinha sentido um presidente se perpetuar no poder. Agora s\u00e3o apenas dois mandatos, o suficiente para desenvolver um bom trabalho e passar o bast\u00e3o para outro\u201d, disse Amadeu.<\/p>\n<p>Toda a reforma foi amplamente discutida pelos presentes e aprovada por unanimidade. Al\u00e9m do mandato, a pr\u00f3xima elei\u00e7\u00e3o muda de configura\u00e7\u00e3o a chapa, uma vez que ao inv\u00e9s de um vice presidente ter\u00e3o tr\u00eas, seguindo\u00a0 as diretrizes da CBF que tem v\u00e1rios vice presidentes.<\/p>\n<p><strong>CARIRI EM A\u00c7\u00c3O<\/strong><\/p>\n<p><em>Com Portal Correio\/Foto: Reprodu\u00e7\u00e3o google<\/em><\/p>\n<p><strong>Leia mais not\u00edcias em\u00a0<\/strong><a href=\"http:\/\/www.caririemacao.com\/\"><strong>caririemacao.com<\/strong><\/a><strong>, siga nossa p\u00e1gina no\u00a0<\/strong><a href=\"https:\/\/www.facebook.com\/CaririEmAcao\/?ref=aymt_homepage_panel\"><strong>Facebook<\/strong><\/a>,<strong>\u00a0<\/strong><a href=\"https:\/\/www.instagram.com\/cariri_em_acao\/?hl=pt-br\"><strong>Instagram<\/strong><\/a><strong>\u00a0e <\/strong><a href=\"https:\/\/www.youtube.com\/channel\/UCAptA0jQuYQy8vMhLt2m4qg\"><strong>Youtube<\/strong><\/a><strong>\u00a0e veja nossas mat\u00e9rias, v\u00eddeos e fotos. Voc\u00ea tamb\u00e9m pode enviar informa\u00e7\u00f5es \u00e0 Reda\u00e7\u00e3o do Portal Cariri em A\u00e7\u00e3o pelo WhatsApp (83) 9 9634.5791, (83) 9 9601-1162.<\/strong><\/p>\n","protected":false},"excerpt":{"rendered":"<p>Com a aprova\u00e7\u00e3o da reforma estatut\u00e1ria, em reuni\u00e3o de Assembleia Geral Extraordin\u00e1ria,\u00a0 realizada na manh\u00e3 desta sexta-feira (29), na sede da Federa\u00e7\u00e3o Paraibana de Futebol&hellip; <\/p>\n","protected":false},"author":2,"featured_media":36045,"comment_status":"closed","ping_status":"closed","sticky":false,"template":"","format":"standard","meta":{"sfsi_plus_gutenberg_text_before_share":"","sfsi_plus_gutenberg_show_text_before_share":"","sfsi_plus_gutenberg_icon_type":"","sfsi_plus_gutenberg_icon_alignemt":"","sfsi_plus_gutenburg_max_per_row":"","footnotes":""},"categories":[13],"tags":[],"class_list":["post-36044","post","type-post","status-publish","format-standard","has-post-thumbnail","hentry","category-esportes"],"_links":{"self":[{"href":"https:\/\/www.caririemacao.com\/1\/wp-json\/wp\/v2\/posts\/36044","targetHints":{"allow":["GET"]}}],"collection":[{"href":"https:\/\/www.caririemacao.com\/1\/wp-json\/wp\/v2\/posts"}],"about":[{"href":"https:\/\/www.caririemacao.com\/1\/wp-json\/wp\/v2\/types\/post"}],"author":[{"embeddable":true,"href":"https:\/\/www.caririemacao.com\/1\/wp-json\/wp\/v2\/users\/2"}],"replies":[{"embeddable":true,"href":"https:\/\/www.caririemacao.com\/1\/wp-json\/wp\/v2\/comments?post=36044"}],"version-history":[{"count":0,"href":"https:\/\/www.caririemacao.com\/1\/wp-json\/wp\/v2\/posts\/36044\/revisions"}],"wp:featuredmedia":[{"embeddable":true,"href":"https:\/\/www.caririemacao.com\/1\/wp-json\/wp\/v2\/media\/36045"}],"wp:attachment":[{"href":"https:\/\/www.caririemacao.com\/1\/wp-json\/wp\/v2\/media?parent=36044"}],"wp:term":[{"taxonomy":"category","embeddable":true,"href":"https:\/\/www.caririemacao.com\/1\/wp-json\/wp\/v2\/categories?post=36044"},{"taxonomy":"post_tag","embeddable":true,"href":"https:\/\/www.caririemacao.com\/1\/wp-json\/wp\/v2\/tags?post=36044"}],"curies":[{"name":"wp","href":"https:\/\/api.w.org\/{rel}","templated":true}]}}