{"id":36047,"date":"2017-12-30T08:34:29","date_gmt":"2017-12-30T11:34:29","guid":{"rendered":"http:\/\/caririemacao.com\/1\/?p=36047"},"modified":"2017-12-30T08:34:29","modified_gmt":"2017-12-30T11:34:29","slug":"prefeito-sandro-moco-incentiva-realizacao-do-natal-feliz-no-pindurao","status":"publish","type":"post","link":"https:\/\/www.caririemacao.com\/1\/2017\/12\/30\/prefeito-sandro-moco-incentiva-realizacao-do-natal-feliz-no-pindurao\/","title":{"rendered":"Prefeito Sandro M\u00f4co incentiva realiza\u00e7\u00e3o do Natal Feliz no Pindur\u00e3o"},"content":{"rendered":"<div class=\"contentPost\">\n<p>O Governo Municipal de Camala\u00fa, atrav\u00e9s da Secretaria de Trabalho e A\u00e7\u00e3o Social, promoveu no Distrito do Pindur\u00e3o o Natal Feliz.<\/p>\n<p>Na ocasi\u00e3o foi levado ao querido distrito, o Papai Noel que distribuiu presentes para todas as crian\u00e7as daquela localidade.<\/p>\n<p>A extens\u00e3o de v\u00e1rias a\u00e7\u00f5es administrativas e benef\u00edcios sociais para o distrito de Pindur\u00e3o, demonstrou durante todo o ano a forma democr\u00e1tica como o prefeito Sandro M\u00f4co tratou aquela comunidade.<\/p>\n<p>O objetivo da gest\u00e3o municipal em 2018 \u00e9 continuar com esta pol\u00edtica de inclus\u00e3o levando cada vez mais a\u00e7\u00f5es para o povo deste distrito e para Camala\u00fa como um todo.<\/p>\n<p><strong>CARIRI EM A\u00c7\u00c3O<\/strong><\/p>\n<p><em>Com CL \/Foto: Reprodu\u00e7\u00e3o google<\/em><\/p>\n<p><strong>Leia mais not\u00edcias em\u00a0<\/strong><a href=\"http:\/\/www.caririemacao.com\/\"><strong>caririemacao.com<\/strong><\/a><strong>, siga nossa p\u00e1gina no\u00a0<\/strong><a href=\"https:\/\/www.facebook.com\/CaririEmAcao\/?ref=aymt_homepage_panel\"><strong>Facebook<\/strong><\/a>,<strong>\u00a0<\/strong><a href=\"https:\/\/www.instagram.com\/cariri_em_acao\/?hl=pt-br\"><strong>Instagram<\/strong><\/a><strong>\u00a0e <\/strong><a href=\"https:\/\/www.youtube.com\/channel\/UCAptA0jQuYQy8vMhLt2m4qg\"><strong>Youtube<\/strong><\/a><strong>\u00a0e veja nossas mat\u00e9rias, v\u00eddeos e fotos. Voc\u00ea tamb\u00e9m pode enviar informa\u00e7\u00f5es \u00e0 Reda\u00e7\u00e3o do Portal Cariri em A\u00e7\u00e3o pelo WhatsApp (83) 9 9634.5791, (83) 9 9601-1162.<\/strong><\/p>\n<\/div>\n","protected":false},"excerpt":{"rendered":"<p>O Governo Municipal de Camala\u00fa, atrav\u00e9s da Secretaria de Trabalho e A\u00e7\u00e3o Social, promoveu no Distrito do Pindur\u00e3o o Natal Feliz. Na ocasi\u00e3o foi levado&hellip; <\/p>\n","protected":false},"author":2,"featured_media":36048,"comment_status":"closed","ping_status":"closed","sticky":false,"template":"","format":"standard","meta":{"sfsi_plus_gutenberg_text_before_share":"","sfsi_plus_gutenberg_show_text_before_share":"","sfsi_plus_gutenberg_icon_type":"","sfsi_plus_gutenberg_icon_alignemt":"","sfsi_plus_gutenburg_max_per_row":"","footnotes":""},"categories":[6],"tags":[],"class_list":["post-36047","post","type-post","status-publish","format-standard","has-post-thumbnail","hentry","category-cidades"],"_links":{"self":[{"href":"https:\/\/www.caririemacao.com\/1\/wp-json\/wp\/v2\/posts\/36047","targetHints":{"allow":["GET"]}}],"collection":[{"href":"https:\/\/www.caririemacao.com\/1\/wp-json\/wp\/v2\/posts"}],"about":[{"href":"https:\/\/www.caririemacao.com\/1\/wp-json\/wp\/v2\/types\/post"}],"author":[{"embeddable":true,"href":"https:\/\/www.caririemacao.com\/1\/wp-json\/wp\/v2\/users\/2"}],"replies":[{"embeddable":true,"href":"https:\/\/www.caririemacao.com\/1\/wp-json\/wp\/v2\/comments?post=36047"}],"version-history":[{"count":0,"href":"https:\/\/www.caririemacao.com\/1\/wp-json\/wp\/v2\/posts\/36047\/revisions"}],"wp:featuredmedia":[{"embeddable":true,"href":"https:\/\/www.caririemacao.com\/1\/wp-json\/wp\/v2\/media\/36048"}],"wp:attachment":[{"href":"https:\/\/www.caririemacao.com\/1\/wp-json\/wp\/v2\/media?parent=36047"}],"wp:term":[{"taxonomy":"category","embeddable":true,"href":"https:\/\/www.caririemacao.com\/1\/wp-json\/wp\/v2\/categories?post=36047"},{"taxonomy":"post_tag","embeddable":true,"href":"https:\/\/www.caririemacao.com\/1\/wp-json\/wp\/v2\/tags?post=36047"}],"curies":[{"name":"wp","href":"https:\/\/api.w.org\/{rel}","templated":true}]}}