{"id":36050,"date":"2017-12-30T08:43:35","date_gmt":"2017-12-30T11:43:35","guid":{"rendered":"http:\/\/caririemacao.com\/1\/?p=36050"},"modified":"2017-12-30T08:43:35","modified_gmt":"2017-12-30T11:43:35","slug":"lei-sancionada-permite-acesso-de-cao-guia-a-locais-e-transportes-na-pb","status":"publish","type":"post","link":"https:\/\/www.caririemacao.com\/1\/2017\/12\/30\/lei-sancionada-permite-acesso-de-cao-guia-a-locais-e-transportes-na-pb\/","title":{"rendered":"Lei sancionada permite acesso de c\u00e3o-guia a locais e transportes na PB"},"content":{"rendered":"<p>Foi sancionada pelo governador Ricardo Coutinho (PSB) e publicada no Di\u00e1rio Oficial do Estado desta sexta-feira (29) uma lei de autoria do deputado estadual Adriano Galdino (PSB) que garante \u00e0s pessoas com defici\u00eancia que ingressem e permane\u00e7am acompanhadas de c\u00e3o-guia em quaisquer transportes, locais p\u00fablicos ou privados de uso coletivo na Para\u00edba.\u00a0<a href=\"http:\/\/static.paraiba.pb.gov.br\/2017\/12\/Diario-Oficial-29-12-2017.pdf\"><strong>O texto pode ser lido a partir da segunda p\u00e1gina da edi\u00e7\u00e3o do DOE<\/strong><\/a>.<\/p>\n<p>Segundo a norma sancionada, \u00e9 garantido livre acesso a quem necessita do animal para transitar pelas ruas, mas imp\u00f5e algumas regras. Conforme o par\u00e1grafo 1\u00ba do artigo 1\u00ba da lei, o ingresso e a perman\u00eancia do c\u00e3o em fase de socializa\u00e7\u00e3o ou treinamentos somente poder\u00e3o ocorrer quando em companhia de seu treinador, instrutor ou acompanhantes habilitados. Tamb\u00e9m fica proibido o ingresso de c\u00e3o-guia em estabelecimentos de sa\u00fade nos setores de isolamento, quimioterapia, transplante, assist\u00eancia a queimados, centro cir\u00fargico, central de material e esteriliza\u00e7\u00e3o, unidade de tratamento intensivo e semi-intensivo, em \u00e1reas de preparo de medicamentos, farm\u00e1cia hospitalar, em \u00e1reas de manipula\u00e7\u00e3o, processamento, prepara\u00e7\u00e3o e armazenamento de alimentos e em casos especiais ou determinados pela Comiss\u00e3o de Controle de Infec\u00e7\u00e3o Hospitalar dos servi\u00e7os de sa\u00fade. \u00c9 proibido o ingresso, ainda, nos locais em que seja obrigat\u00f3ria a esteriliza\u00e7\u00e3o individual.<\/p>\n<p>Com rela\u00e7\u00e3o ao transporte p\u00fablico, de acordo com a lei, o deficiente acompanhado de c\u00e3o-guia ocupar\u00e1, preferencialmente, o assento mais amplo, com maior espa\u00e7o livre a sua volta ou pr\u00f3ximo de uma passagem, de acordo com o meio de transporte. \u00c9 proibida a cobran\u00e7a de taxa adicional devido ao transporte do animal.<\/p>\n<p>O texto estabelece que em caso de discrimina\u00e7\u00e3o ou descumprimento dos dispositivos legais o infrator ficar\u00e1 sujeito a multa de 25 UFR-PB (R$ 1.181,50) a 1.100 UFR-PB (R$ 51.986), considerados o porte do empreendimento e as circunst\u00e2ncias da infra\u00e7\u00e3o, no caso de impedir ou dificultar o ingresso e a perman\u00eancia do cidad\u00e3o com defici\u00eancia acompanhado pelo c\u00e3o-guia ou do treinador, instrutor ou acompanhante habilitado do animal em fase de socializa\u00e7\u00e3o ou de treinamento.<\/p>\n<p><strong>CARIRI EM A\u00c7\u00c3O<\/strong><\/p>\n<p><em>Com Portal Correio\/Foto: Reprodu\u00e7\u00e3o google\u00a0\u00a0<\/em><\/p>\n<p><strong>Leia mais not\u00edcias em\u00a0<\/strong><a href=\"http:\/\/www.caririemacao.com\/\"><strong>caririemacao.com<\/strong><\/a><strong>, siga nossa p\u00e1gina no\u00a0<\/strong><a href=\"https:\/\/www.facebook.com\/CaririEmAcao\/?ref=aymt_homepage_panel\"><strong>Facebook<\/strong><\/a>,<strong>\u00a0<\/strong><a href=\"https:\/\/www.instagram.com\/cariri_em_acao\/?hl=pt-br\"><strong>Instagram<\/strong><\/a><strong>\u00a0e <\/strong><a href=\"https:\/\/www.youtube.com\/channel\/UCAptA0jQuYQy8vMhLt2m4qg\"><strong>Youtube<\/strong><\/a><strong>\u00a0e veja nossas mat\u00e9rias, v\u00eddeos e fotos. Voc\u00ea tamb\u00e9m pode enviar informa\u00e7\u00f5es \u00e0 Reda\u00e7\u00e3o do Portal Cariri em A\u00e7\u00e3o pelo WhatsApp (83) 9 9634.5791, (83) 9 9601-1162.<\/strong><\/p>\n","protected":false},"excerpt":{"rendered":"<p>Foi sancionada pelo governador Ricardo Coutinho (PSB) e publicada no Di\u00e1rio Oficial do Estado desta sexta-feira (29) uma lei de autoria do deputado estadual Adriano&hellip; <\/p>\n","protected":false},"author":2,"featured_media":36051,"comment_status":"closed","ping_status":"closed","sticky":false,"template":"","format":"standard","meta":{"sfsi_plus_gutenberg_text_before_share":"","sfsi_plus_gutenberg_show_text_before_share":"","sfsi_plus_gutenberg_icon_type":"","sfsi_plus_gutenberg_icon_alignemt":"","sfsi_plus_gutenburg_max_per_row":"","footnotes":""},"categories":[2],"tags":[],"class_list":["post-36050","post","type-post","status-publish","format-standard","has-post-thumbnail","hentry","category-geral"],"_links":{"self":[{"href":"https:\/\/www.caririemacao.com\/1\/wp-json\/wp\/v2\/posts\/36050","targetHints":{"allow":["GET"]}}],"collection":[{"href":"https:\/\/www.caririemacao.com\/1\/wp-json\/wp\/v2\/posts"}],"about":[{"href":"https:\/\/www.caririemacao.com\/1\/wp-json\/wp\/v2\/types\/post"}],"author":[{"embeddable":true,"href":"https:\/\/www.caririemacao.com\/1\/wp-json\/wp\/v2\/users\/2"}],"replies":[{"embeddable":true,"href":"https:\/\/www.caririemacao.com\/1\/wp-json\/wp\/v2\/comments?post=36050"}],"version-history":[{"count":0,"href":"https:\/\/www.caririemacao.com\/1\/wp-json\/wp\/v2\/posts\/36050\/revisions"}],"wp:featuredmedia":[{"embeddable":true,"href":"https:\/\/www.caririemacao.com\/1\/wp-json\/wp\/v2\/media\/36051"}],"wp:attachment":[{"href":"https:\/\/www.caririemacao.com\/1\/wp-json\/wp\/v2\/media?parent=36050"}],"wp:term":[{"taxonomy":"category","embeddable":true,"href":"https:\/\/www.caririemacao.com\/1\/wp-json\/wp\/v2\/categories?post=36050"},{"taxonomy":"post_tag","embeddable":true,"href":"https:\/\/www.caririemacao.com\/1\/wp-json\/wp\/v2\/tags?post=36050"}],"curies":[{"name":"wp","href":"https:\/\/api.w.org\/{rel}","templated":true}]}}