{"id":36056,"date":"2017-12-30T08:51:08","date_gmt":"2017-12-30T11:51:08","guid":{"rendered":"http:\/\/caririemacao.com\/1\/?p=36056"},"modified":"2017-12-30T08:51:08","modified_gmt":"2017-12-30T11:51:08","slug":"governo-libera-recursos-para-municipios-da-pb","status":"publish","type":"post","link":"https:\/\/www.caririemacao.com\/1\/2017\/12\/30\/governo-libera-recursos-para-municipios-da-pb\/","title":{"rendered":"Governo libera recursos para munic\u00edpios da PB"},"content":{"rendered":"<p>O presidente da Rep\u00fablica, Michel Temer, assinou medida provis\u00f3ria (MP) que ajuda munic\u00edpios com dificuldades financeiras emergenciais. Com a a\u00e7\u00e3o, o governo libera R$ 2 bilh\u00f5es da Uni\u00e3o para entes que recebem recursos do Fundo de Participa\u00e7\u00e3o dos Munic\u00edpios (FPM), que benefici\u00e1ria cidades paraibanas.<\/p>\n<p>Pela medida, que dever\u00e1 ser publicada em edi\u00e7\u00e3o extra do Di\u00e1rio Oficial da Uni\u00e3o (DOU) desta sexta (29), o valor para cada munic\u00edpio ser\u00e1 calculado de acordo com as regras do FPM, que considera o n\u00famero de habitantes para a distribui\u00e7\u00e3o dos recursos. As regras determinam que o dinheiro seja entregue ap\u00f3s a readequa\u00e7\u00e3o do Or\u00e7amento. Os recursos dever\u00e3o ser aplicados, preferencialmente, nas \u00e1reas de sa\u00fade e educa\u00e7\u00e3o.<\/p>\n<p>\u201cO governo, no in\u00edcio de 2018, promover\u00e1 um apoio financeiro no valor de R$ 2 bilh\u00f5es com objetivo de auxiliar os munic\u00edpios brasileiros que desde 2015 v\u00eam atravessando sucessivas situa\u00e7\u00f5es de pen\u00faria\u201d, explicou o ministro-chefe da Secretaria de Governo, Carlos Marun. \u201cEssa medida provis\u00f3ria \u00e9 uma prova do compromisso do governo\u201d, disse.<\/p>\n<p><strong>CARIRI EM A\u00c7\u00c3O<\/strong><\/p>\n<p><em>Com Mais PB\/Foto: Reprodu\u00e7\u00e3o google<\/em><\/p>\n<p><strong>Leia mais not\u00edcias em\u00a0<\/strong><a href=\"http:\/\/www.caririemacao.com\/\"><strong>caririemacao.com<\/strong><\/a><strong>, siga nossa p\u00e1gina no\u00a0<\/strong><a href=\"https:\/\/www.facebook.com\/CaririEmAcao\/?ref=aymt_homepage_panel\"><strong>Facebook<\/strong><\/a>,<strong>\u00a0<\/strong><a href=\"https:\/\/www.instagram.com\/cariri_em_acao\/?hl=pt-br\"><strong>Instagram<\/strong><\/a><strong>\u00a0e <\/strong><a href=\"https:\/\/www.youtube.com\/channel\/UCAptA0jQuYQy8vMhLt2m4qg\"><strong>Youtube<\/strong><\/a><strong>\u00a0e veja nossas mat\u00e9rias, v\u00eddeos e fotos. Voc\u00ea tamb\u00e9m pode enviar informa\u00e7\u00f5es \u00e0 Reda\u00e7\u00e3o do Portal Cariri em A\u00e7\u00e3o pelo WhatsApp (83) 9 9634.5791, (83) 9 9601-1162.<\/strong><\/p>\n","protected":false},"excerpt":{"rendered":"<p>O presidente da Rep\u00fablica, Michel Temer, assinou medida provis\u00f3ria (MP) que ajuda munic\u00edpios com dificuldades financeiras emergenciais. Com a a\u00e7\u00e3o, o governo libera R$ 2&hellip; <\/p>\n","protected":false},"author":2,"featured_media":36057,"comment_status":"closed","ping_status":"closed","sticky":false,"template":"","format":"standard","meta":{"sfsi_plus_gutenberg_text_before_share":"","sfsi_plus_gutenberg_show_text_before_share":"","sfsi_plus_gutenberg_icon_type":"","sfsi_plus_gutenberg_icon_alignemt":"","sfsi_plus_gutenburg_max_per_row":"","footnotes":""},"categories":[11],"tags":[],"class_list":["post-36056","post","type-post","status-publish","format-standard","has-post-thumbnail","hentry","category-politica"],"_links":{"self":[{"href":"https:\/\/www.caririemacao.com\/1\/wp-json\/wp\/v2\/posts\/36056","targetHints":{"allow":["GET"]}}],"collection":[{"href":"https:\/\/www.caririemacao.com\/1\/wp-json\/wp\/v2\/posts"}],"about":[{"href":"https:\/\/www.caririemacao.com\/1\/wp-json\/wp\/v2\/types\/post"}],"author":[{"embeddable":true,"href":"https:\/\/www.caririemacao.com\/1\/wp-json\/wp\/v2\/users\/2"}],"replies":[{"embeddable":true,"href":"https:\/\/www.caririemacao.com\/1\/wp-json\/wp\/v2\/comments?post=36056"}],"version-history":[{"count":0,"href":"https:\/\/www.caririemacao.com\/1\/wp-json\/wp\/v2\/posts\/36056\/revisions"}],"wp:featuredmedia":[{"embeddable":true,"href":"https:\/\/www.caririemacao.com\/1\/wp-json\/wp\/v2\/media\/36057"}],"wp:attachment":[{"href":"https:\/\/www.caririemacao.com\/1\/wp-json\/wp\/v2\/media?parent=36056"}],"wp:term":[{"taxonomy":"category","embeddable":true,"href":"https:\/\/www.caririemacao.com\/1\/wp-json\/wp\/v2\/categories?post=36056"},{"taxonomy":"post_tag","embeddable":true,"href":"https:\/\/www.caririemacao.com\/1\/wp-json\/wp\/v2\/tags?post=36056"}],"curies":[{"name":"wp","href":"https:\/\/api.w.org\/{rel}","templated":true}]}}