{"id":36059,"date":"2017-12-30T08:58:43","date_gmt":"2017-12-30T11:58:43","guid":{"rendered":"http:\/\/caririemacao.com\/1\/?p=36059"},"modified":"2017-12-30T09:00:18","modified_gmt":"2017-12-30T12:00:18","slug":"licenciamento-2018-na-paraiba-tem-calendario-publicado","status":"publish","type":"post","link":"https:\/\/www.caririemacao.com\/1\/2017\/12\/30\/licenciamento-2018-na-paraiba-tem-calendario-publicado\/","title":{"rendered":"Licenciamento 2018 na Para\u00edba tem calend\u00e1rio publicado"},"content":{"rendered":"<div class=\"mc-column content-media content-media--normal content-photo\" data-block-type=\"backstage-photo\" data-block-id=\"0\">\n<div class=\"content-media__container\">\n<div class=\"content-media__description-centered \">\n<p class=\"content-media__description\">O calend\u00e1rio de pagamento do licenciamento de ve\u00edculos referente ao ano de 2018 na Para\u00edba foi publicado nesta sexta-feira (29) pelo Departamento Estadual de Tr\u00e2nsito (Detran-PB). De acordo com o \u00f3rg\u00e3o, o calend\u00e1rio segue as mesmas datas que a Secretaria de Estado da Receita (SER) definiu como prazo m\u00e1ximo para pagamento do Imposto sobre a Propriedade de Ve\u00edculos Automotores (IPVA).<\/p>\n<\/div>\n<\/div>\n<\/div>\n<div class=\"mc-column content-text active-extra-styles \" data-block-type=\"unstyled\" data-block-weight=\"50\" data-block-id=\"4\">\n<p class=\"content-text__container \" data-track-category=\"Link no Texto\" data-track-links=\"\">Al\u00e9m do licenciamento, as taxas incluem Bombeiro, Seguro Obrigat\u00f3rio e Multas, se houver. As regras para pagamento do IPVA, como, por exemplo, desconto de 10% na cota \u00fanica \u00e0 vista, parcelamento em at\u00e9 tr\u00eas vezes e o calend\u00e1rio ampliado nos doze meses do ano, continuam para o exerc\u00edcio de 2018.<\/p>\n<\/div>\n<div class=\"mc-column content-text active-extra-styles \" data-block-type=\"unstyled\" data-block-weight=\"22\" data-block-id=\"5\">\n<p class=\"content-text__container \" data-track-category=\"Link no Texto\" data-track-links=\"\">A redu\u00e7\u00e3o m\u00e9dia do valor do tributo, com base em pesquisa realizada pela Funda\u00e7\u00e3o Instituto de Pesquisas Econ\u00f4micas (Fipe), ser\u00e1 de 2,9%.<\/p>\n<\/div>\n<div class=\"mc-column content-text active-extra-styles\" style=\"text-align: center;\" data-block-type=\"raw\" data-block-weight=\"10\" data-block-id=\"6\">\n<blockquote class=\"content-blockquote theme-border-color-primary-before\"><p>Calend\u00e1rio de pagamento do IPVA e Licenciamento 2018 na Para\u00edba<\/p><\/blockquote>\n<\/div>\n<div class=\"row medium-uncollapsed content-text\">\n<div class=\"column medium-centered medium-22 large-20\">\n<div class=\"show-table\">\n<p class=\"mc-column show-table__title\">Licenciatura e IPVA 2018: Calend\u00e1rio de pagamento<\/p>\n<div class=\"show-table__centralized\">\n<div class=\"show-table__container\">\n<table class=\"show-table__content show-table__content--highlight-top \">\n<tbody>\n<tr>\n<td>Final de placa<\/td>\n<td>1\u00aa parcela ou cota \u00fanica com desconto<\/td>\n<td>2\u00aa parcela<\/td>\n<td>3\u00aa parcela ou cota \u00fanica sem desconto<\/td>\n<\/tr>\n<tr>\n<td>1<\/td>\n<td>31 de janeiro<\/td>\n<td>28 de fevereiro<\/td>\n<td>28 de mar\u00e7o<\/td>\n<\/tr>\n<tr>\n<td>2<\/td>\n<td>28 de fevereiro<\/td>\n<td>28 de mar\u00e7o<\/td>\n<td>30 de abril<\/td>\n<\/tr>\n<tr>\n<td>3<\/td>\n<td>28 de mar\u00e7o<\/td>\n<td>30 de abril<\/td>\n<td>30 de maio<\/td>\n<\/tr>\n<tr>\n<td>4<\/td>\n<td>30 de abril<\/td>\n<td>30 de maio<\/td>\n<td>29 de junho<\/td>\n<\/tr>\n<tr>\n<td>5<\/td>\n<td>30 de maio<\/td>\n<td>29 de junho<\/td>\n<td>31 de julho<\/td>\n<\/tr>\n<tr>\n<td>6<\/td>\n<td>29 de junho<\/td>\n<td>31 de julho<\/td>\n<td>31 de agosto<\/td>\n<\/tr>\n<tr>\n<td>7<\/td>\n<td>31 de julho<\/td>\n<td>31 de agosto<\/td>\n<td>28 de setembro<\/td>\n<\/tr>\n<tr>\n<td>8<\/td>\n<td>31 de agosto<\/td>\n<td>28 de setembro<\/td>\n<td>31 de outubro<\/td>\n<\/tr>\n<tr>\n<td>9<\/td>\n<td>28 de setembro<\/td>\n<td>31 de outubro<\/td>\n<td>30 de novembro<\/td>\n<\/tr>\n<tr>\n<td>0<\/td>\n<td>31 de outubro<\/td>\n<td>30 de novembro<\/td>\n<td>28 de dezembro<\/td>\n<\/tr>\n<\/tbody>\n<\/table>\n<\/div>\n<div class=\"show-table__footer\">\n<div class=\"show-table__source\">Fonte: SER e Detran-PB<\/div>\n<\/div>\n<\/div>\n<\/div>\n<\/div>\n<\/div>\n<div class=\"mc-column content-text active-extra-styles\" data-block-type=\"raw\" data-block-weight=\"6\" data-block-id=\"7\">\n<div class=\"content-intertitle\">\n<p><strong>Tabela do IPVA 2018 na Para\u00edba<\/strong><\/p>\n<\/div>\n<\/div>\n<div class=\"mc-column content-text active-extra-styles \" data-block-type=\"unstyled\" data-block-weight=\"49\" data-block-id=\"8\">\n<p class=\"content-text__container \" data-track-category=\"Link no Texto\" data-track-links=\"\">Os propriet\u00e1rios de ve\u00edculos v\u00e3o ter um calend\u00e1rio ampliado para realizar o pagamento do IPVA em 2018. A data-limite de vencimento ser\u00e1 o \u00faltimo dia \u00fatil de cada m\u00eas no per\u00edodo de janeiro a outubro para quem optar pelo pagamento da cota \u00fanica \u00e0 vista ou ent\u00e3o pelo parcelamento.<\/p>\n<\/div>\n<div class=\"mc-column content-text active-extra-styles \" data-block-type=\"unstyled\" data-block-weight=\"102\" data-block-id=\"10\">\n<p class=\"content-text__container \" data-track-category=\"Link no Texto\" data-track-links=\"\">Por exemplo, o propriet\u00e1rio com placa final 1, a data limite de vencimento ser\u00e1 o dia 31 de janeiro de 2018, enquanto a placa final 2 ser\u00e1 o dia 28 de fevereiro. No m\u00eas de mar\u00e7o, ser\u00e1 a vez do propriet\u00e1rio com placa de ve\u00edculo final 3, mas dever\u00e1 realizar o pagamento antecipado no dia 28 de mar\u00e7o para evitar pagar juros e multas ou perder o desconto na op\u00e7\u00e3o \u00e0 vista e, assim, sucessivamente, at\u00e9 o m\u00eas de outubro, quando encerra a op\u00e7\u00e3o do cota \u00fanica ou parcelado, tendo a data limite de pagamento para o \u00faltimo dia \u00fatil do m\u00eas.<\/p>\n<\/div>\n<div class=\"mc-column content-text active-extra-styles \" data-block-type=\"unstyled\" data-block-weight=\"39\" data-block-id=\"11\">\n<p class=\"content-text__container \" data-track-category=\"Link no Texto\" data-track-links=\"\">O contribuinte ter\u00e1 tr\u00eas op\u00e7\u00f5es de pagamento do IPVA. Al\u00e9m da cota \u00fanica \u00e0 vista com desconto de 10%, as outras duas alternativas s\u00e3o o parcelamento em tr\u00eas vezes do tributo ou pagamento total ao final do terceiro m\u00eas.<\/p>\n<p class=\"content-text__container \" data-track-category=\"Link no Texto\" data-track-links=\"\"><strong>Emiss\u00e3o dos boletos do IPVA 2018<\/strong><\/p>\n<\/div>\n<div class=\"mc-column content-text active-extra-styles \" data-block-type=\"unstyled\" data-block-weight=\"53\" data-block-id=\"13\">\n<p class=\"content-text__container \" data-track-category=\"Link no Texto\" data-track-links=\"\">O m\u00e9todo de emiss\u00e3o de boletos para o pagamento do Imposto sobre a Propriedade de Ve\u00edculos Automotores (IPVA) e do licenciamento do Detran-PB teve mudan\u00e7as em 2017 e passou a ser feita apenas de forma online. Confira a tabela para consulta do valor do IPVA de todos os modelos e anos de ve\u00edculos.<\/p>\n<\/div>\n<div class=\"mc-column content-text active-extra-styles \" data-block-type=\"unstyled\" data-block-weight=\"56\" data-block-id=\"14\">\n<p class=\"content-text__container \" data-track-category=\"Link no Texto\" data-track-links=\"\">O boleto do IPVA pode ser emitido no site da Receita Federal. Ao acessar o link, \u00e9 necess\u00e1rio que o propriet\u00e1rio informe o n\u00famero do CPF ou CNPJ, a placa e o Renavam do ve\u00edculo e inserir um c\u00f3digo de seguran\u00e7a. Ao clicar em \u201cAvan\u00e7ar\u201d, \u00e9 poss\u00edvel visualizar o boleto e realizar a impress\u00e3o do documento.<\/p>\n<p class=\"content-text__container \" data-track-category=\"Link no Texto\" data-track-links=\"\"><strong>Isen\u00e7\u00e3o do IPVA 2018<\/strong><\/p>\n<\/div>\n<div class=\"mc-column content-text active-extra-styles \" data-block-type=\"unstyled\" data-block-weight=\"87\" data-block-id=\"16\">\n<p class=\"content-text__container \" data-track-category=\"Link no Texto\" data-track-links=\"\">Em 2018, mais de 331 mil ve\u00edculos ficar\u00e3o isentos do IPVA no Estado da Para\u00edba (25% do total). Segundo a Receita Estadual, os ve\u00edculos com ano de fabrica\u00e7\u00e3o abaixo de 2003 ficar\u00e3o isentos de pagamento do IPVA. A legisla\u00e7\u00e3o em vigor assegura isen\u00e7\u00e3o do imposto para propriet\u00e1rios de carros, motos ou qualquer outro ve\u00edculo com 15 anos completos do ano de fabrica\u00e7\u00e3o. Contudo, esses ve\u00edculos n\u00e3o ficar\u00e3o isentos das demais taxas que envolvem o emplacamento, como seguro obrigat\u00f3rio (Dpvat), licenciamento do Detran e a taxa de bombeiro.<\/p>\n<p class=\"content-text__container \" data-track-category=\"Link no Texto\" data-track-links=\"\"><span style=\"font-family: inherit; font-size: inherit; font-style: inherit; font-variant-ligatures: inherit; font-variant-caps: inherit; font-weight: inherit; text-align: center;\">J\u00e1 os portadores de defici\u00eancia f\u00edsica, visual, mental severa ou profunda, ou autista dever\u00e3o requerer a isen\u00e7\u00e3o do IPVA de 2018 at\u00e9 o dia 29 de dezembro em qualquer reparti\u00e7\u00e3o fiscal do Estado para ter direito ao benef\u00edcio da isen\u00e7\u00e3o no pr\u00f3ximo ano.<\/span><\/p>\n<p><strong>CARIRI EM A\u00c7\u00c3O<\/strong><\/p>\n<p><em>Com G1 \/Foto: Reprodu\u00e7\u00e3o google\u00a0<\/em><\/p>\n<p><strong>Leia mais not\u00edcias em\u00a0<\/strong><a href=\"http:\/\/www.caririemacao.com\/\"><strong>caririemacao.com<\/strong><\/a><strong>, siga nossa p\u00e1gina no\u00a0<\/strong><a href=\"https:\/\/www.facebook.com\/CaririEmAcao\/?ref=aymt_homepage_panel\"><strong>Facebook<\/strong><\/a>,<strong>\u00a0<\/strong><a href=\"https:\/\/www.instagram.com\/cariri_em_acao\/?hl=pt-br\"><strong>Instagram<\/strong><\/a><strong>\u00a0e <\/strong><a href=\"https:\/\/www.youtube.com\/channel\/UCAptA0jQuYQy8vMhLt2m4qg\"><strong>Youtube<\/strong><\/a><strong>\u00a0e veja nossas mat\u00e9rias, v\u00eddeos e fotos. Voc\u00ea tamb\u00e9m pode enviar informa\u00e7\u00f5es \u00e0 Reda\u00e7\u00e3o do Portal Cariri em A\u00e7\u00e3o pelo WhatsApp (83) 9 9634.5791, (83) 9 9601-1162.<\/strong><\/p>\n<\/div>\n","protected":false},"excerpt":{"rendered":"<p>O calend\u00e1rio de pagamento do licenciamento de ve\u00edculos referente ao ano de 2018 na Para\u00edba foi publicado nesta sexta-feira (29) pelo Departamento Estadual de Tr\u00e2nsito&hellip; <\/p>\n","protected":false},"author":2,"featured_media":36061,"comment_status":"closed","ping_status":"closed","sticky":false,"template":"","format":"standard","meta":{"sfsi_plus_gutenberg_text_before_share":"","sfsi_plus_gutenberg_show_text_before_share":"","sfsi_plus_gutenberg_icon_type":"","sfsi_plus_gutenberg_icon_alignemt":"","sfsi_plus_gutenburg_max_per_row":"","footnotes":""},"categories":[2],"tags":[],"class_list":["post-36059","post","type-post","status-publish","format-standard","has-post-thumbnail","hentry","category-geral"],"_links":{"self":[{"href":"https:\/\/www.caririemacao.com\/1\/wp-json\/wp\/v2\/posts\/36059","targetHints":{"allow":["GET"]}}],"collection":[{"href":"https:\/\/www.caririemacao.com\/1\/wp-json\/wp\/v2\/posts"}],"about":[{"href":"https:\/\/www.caririemacao.com\/1\/wp-json\/wp\/v2\/types\/post"}],"author":[{"embeddable":true,"href":"https:\/\/www.caririemacao.com\/1\/wp-json\/wp\/v2\/users\/2"}],"replies":[{"embeddable":true,"href":"https:\/\/www.caririemacao.com\/1\/wp-json\/wp\/v2\/comments?post=36059"}],"version-history":[{"count":0,"href":"https:\/\/www.caririemacao.com\/1\/wp-json\/wp\/v2\/posts\/36059\/revisions"}],"wp:featuredmedia":[{"embeddable":true,"href":"https:\/\/www.caririemacao.com\/1\/wp-json\/wp\/v2\/media\/36061"}],"wp:attachment":[{"href":"https:\/\/www.caririemacao.com\/1\/wp-json\/wp\/v2\/media?parent=36059"}],"wp:term":[{"taxonomy":"category","embeddable":true,"href":"https:\/\/www.caririemacao.com\/1\/wp-json\/wp\/v2\/categories?post=36059"},{"taxonomy":"post_tag","embeddable":true,"href":"https:\/\/www.caririemacao.com\/1\/wp-json\/wp\/v2\/tags?post=36059"}],"curies":[{"name":"wp","href":"https:\/\/api.w.org\/{rel}","templated":true}]}}