{"id":36063,"date":"2017-12-30T09:02:19","date_gmt":"2017-12-30T12:02:19","guid":{"rendered":"http:\/\/caririemacao.com\/1\/?p=36063"},"modified":"2017-12-30T09:02:19","modified_gmt":"2017-12-30T12:02:19","slug":"maranhao-sustenta-candidatura-importante-que-campina-esteja-representada","status":"publish","type":"post","link":"https:\/\/www.caririemacao.com\/1\/2017\/12\/30\/maranhao-sustenta-candidatura-importante-que-campina-esteja-representada\/","title":{"rendered":"Maranh\u00e3o sustenta candidatura: \u201cImportante que Campina esteja representada\u201d"},"content":{"rendered":"<section class=\"l-noticia\">Se depender do senador Jos\u00e9 Maranh\u00e3o (MDB), al\u00e9m de se manter na disputa ao Governo do Estado, a chapa liderada por ele ainda vai contar com um nome de Campina Grande para garantir a representatividade eleitoral. Em declara\u00e7\u00f5es concedidas \u00e0 imprensa durante uma confraterniza\u00e7\u00e3o realizada em um restaurante da Capital, o emedebista garantiu que n\u00e3o h\u00e1 d\u00favidas sobre sua postula\u00e7\u00e3o.<\/p>\n<p>\u201cSe tem, me diga qual \u00e9 que eu quero tirar\u201d, brincou Maranh\u00e3o. Questionado sobre a composi\u00e7\u00e3o da chapa, o senador lembrou a import\u00e2ncia de ter um nome do segundo maior col\u00e9gio eleitoral do estado. \u201cPoder\u00e1 ser de Campina Grande. Vai depender muito do entendimento, da conversa, das alian\u00e7as que n\u00f3s posamos formar. N\u00e3o se pode pensar em nenhum solu\u00e7\u00e3o que n\u00e3o possa envolver tamb\u00e9m os interesses e os projetos para desenvolvimento e valoriza\u00e7\u00e3o de Campina Grande\u201d, refor\u00e7ou.<\/p>\n<p>Em rela\u00e7\u00e3o a outras legendas no projeto da oposi\u00e7\u00e3o, especificamente do PSD, o ex-governador voltou a salientar que n\u00e3o h\u00e1 alian\u00e7a atual, mas destacou que os partidos podem voltar a se unir. \u201cN\u00e3o temos nenhum alian\u00e7a, mas nada nos impede de ter uma at\u00e9 o final das conven\u00e7\u00f5es, quando as candidaturas e chapas v\u00e3o ser constitu\u00eddas\u201d, disse. Sobre os demais candidatos, ele afirmou ter \u2018respeito a todos\u2019, mas que essa elei\u00e7\u00e3o conta com um diferencial que \u00e9 a \u2018independ\u00eancia do eleitor\u2019. \u201cEstou muito sereno sobre essas quest\u00f5es, mas vai chegar o tempo em que isso vai afunilar e vamos ter que discutir para tirarmos uma posi\u00e7\u00e3o. Eu aposto na uni\u00e3o e n\u00e3o na divis\u00e3o. N\u00e3o sei qual \u00e9 o tempo, acho que at\u00e9 as conven\u00e7\u00f5es\u201d, arriscou.<\/p>\n<p>A confraterniza\u00e7\u00e3o do senador foi marcada pelas presen\u00e7as do senador C\u00e1ssio Cunha Lima (PSDB), pelo correligion\u00e1rio Manoel J\u00fanior, pelo prefeito Luciano Cartaxo(PSD); al\u00e9m aus\u00eancias de Raimundo Lira (MDB), Romero Rodrigues (PSDB) e Veneziano Vital (MDB).<\/p>\n<p><strong>CARIRI EM A\u00c7\u00c3O<\/strong><\/p>\n<p><em>Com Blog do Gordinho\/Foto: Reprodu\u00e7\u00e3o google<\/em><\/p>\n<p><strong>Leia mais not\u00edcias em\u00a0<\/strong><a href=\"http:\/\/www.caririemacao.com\/\"><strong>caririemacao.com<\/strong><\/a><strong>, siga nossa p\u00e1gina no\u00a0<\/strong><a href=\"https:\/\/www.facebook.com\/CaririEmAcao\/?ref=aymt_homepage_panel\"><strong>Facebook<\/strong><\/a>,<strong>\u00a0<\/strong><a href=\"https:\/\/www.instagram.com\/cariri_em_acao\/?hl=pt-br\"><strong>Instagram<\/strong><\/a><strong>\u00a0e <\/strong><a href=\"https:\/\/www.youtube.com\/channel\/UCAptA0jQuYQy8vMhLt2m4qg\"><strong>Youtube<\/strong><\/a><strong>\u00a0e veja nossas mat\u00e9rias, v\u00eddeos e fotos. Voc\u00ea tamb\u00e9m pode enviar informa\u00e7\u00f5es \u00e0 Reda\u00e7\u00e3o do Portal Cariri em A\u00e7\u00e3o pelo WhatsApp (83) 9 9634.5791, (83) 9 9601-1162.<\/strong><\/p>\n<\/section>\n","protected":false},"excerpt":{"rendered":"<p>Se depender do senador Jos\u00e9 Maranh\u00e3o (MDB), al\u00e9m de se manter na disputa ao Governo do Estado, a chapa liderada por ele ainda vai contar&hellip; <\/p>\n","protected":false},"author":2,"featured_media":36064,"comment_status":"closed","ping_status":"closed","sticky":false,"template":"","format":"standard","meta":{"sfsi_plus_gutenberg_text_before_share":"","sfsi_plus_gutenberg_show_text_before_share":"","sfsi_plus_gutenberg_icon_type":"","sfsi_plus_gutenberg_icon_alignemt":"","sfsi_plus_gutenburg_max_per_row":"","footnotes":""},"categories":[1],"tags":[],"class_list":["post-36063","post","type-post","status-publish","format-standard","has-post-thumbnail","hentry","category-o-site"],"_links":{"self":[{"href":"https:\/\/www.caririemacao.com\/1\/wp-json\/wp\/v2\/posts\/36063","targetHints":{"allow":["GET"]}}],"collection":[{"href":"https:\/\/www.caririemacao.com\/1\/wp-json\/wp\/v2\/posts"}],"about":[{"href":"https:\/\/www.caririemacao.com\/1\/wp-json\/wp\/v2\/types\/post"}],"author":[{"embeddable":true,"href":"https:\/\/www.caririemacao.com\/1\/wp-json\/wp\/v2\/users\/2"}],"replies":[{"embeddable":true,"href":"https:\/\/www.caririemacao.com\/1\/wp-json\/wp\/v2\/comments?post=36063"}],"version-history":[{"count":0,"href":"https:\/\/www.caririemacao.com\/1\/wp-json\/wp\/v2\/posts\/36063\/revisions"}],"wp:featuredmedia":[{"embeddable":true,"href":"https:\/\/www.caririemacao.com\/1\/wp-json\/wp\/v2\/media\/36064"}],"wp:attachment":[{"href":"https:\/\/www.caririemacao.com\/1\/wp-json\/wp\/v2\/media?parent=36063"}],"wp:term":[{"taxonomy":"category","embeddable":true,"href":"https:\/\/www.caririemacao.com\/1\/wp-json\/wp\/v2\/categories?post=36063"},{"taxonomy":"post_tag","embeddable":true,"href":"https:\/\/www.caririemacao.com\/1\/wp-json\/wp\/v2\/tags?post=36063"}],"curies":[{"name":"wp","href":"https:\/\/api.w.org\/{rel}","templated":true}]}}