{"id":36066,"date":"2017-12-30T12:37:09","date_gmt":"2017-12-30T15:37:09","guid":{"rendered":"http:\/\/caririemacao.com\/1\/?p=36066"},"modified":"2017-12-30T12:52:17","modified_gmt":"2017-12-30T15:52:17","slug":"governador-de-ro-nao-pode-haver-faca-no-pescoco-por-previdencia","status":"publish","type":"post","link":"https:\/\/www.caririemacao.com\/1\/2017\/12\/30\/governador-de-ro-nao-pode-haver-faca-no-pescoco-por-previdencia\/","title":{"rendered":"Governador de RO: n\u00e3o pode haver \u2018faca no pesco\u00e7o\u2019 por Previd\u00eancia"},"content":{"rendered":"<p>Depois das declara\u00e7\u00f5es do ministro da Secretaria de Governo,\u00a0Carlos Marun, de que facilitar\u00e1 a libera\u00e7\u00e3o de recursos da Caixa a estados cujos governadores pressionarem deputados federais a apoiarem a\u00a0reforma da Previd\u00eancia, o governador de Rond\u00f4nia,\u00a0Conf\u00facio Moura\u00a0(PMDB), afirmou que \u201cn\u00e3o h\u00e1 como passar a faca no pesco\u00e7o\u201d dos mandat\u00e1rios estaduais para que tentem influenciar os votos dos parlamentares.<\/p>\n<p>Governador desde 2011, o peemedebista atribui as declara\u00e7\u00f5es do rec\u00e9m-nomeado Marun ao \u201centusiasmo de in\u00edcio de cargo\u201d e afirma que apenas alguns poucos deputados est\u00e3o indecisos sobre como votar\u00e3o nas mudan\u00e7as nas aposentadorias. Ele calcula que em Rond\u00f4nia, onde sete parlamentares s\u00e3o de partidos da base aliada e um \u00e9 do PSDB, apenas quatro devem apoiar a reforma.<\/p>\n<p>Nesta entrevista a VEJA, Conf\u00facio Moura fala tamb\u00e9m sobre as suas pretens\u00f5es eleitorais em 2018 e a disputa presidencial, avalia as mudan\u00e7as no PMDB, que\u00a0acaba de ser rebatizado como MDB, e elogia o legado dos governos petistas a seu estado.<\/p>\n<p>Governadores ficaram incomodados com a declara\u00e7\u00e3o do ministro Carlos Marun de que o governo troca a libera\u00e7\u00e3o de recursos da Caixa aos estados por apoio \u00e0 reforma da Previd\u00eancia. Isso \u00e9 chantagem ou \u201ca\u00e7\u00e3o de governo\u201d, como disse Marun?\u00a0O ministro Marun tem um estilo muito espont\u00e2neo, mas tenho certeza que n\u00e3o \u00e9 a opini\u00e3o do presidente, que h\u00e1 pouco tempo convocou todos os governadores para falar de reforma da Previd\u00eancia em um almo\u00e7o. Ele foi extremamente cort\u00eas, n\u00e3o usou essas express\u00f5es. Pediu empenho dos governadores, falou da import\u00e2ncia da reforma para os estados. Creio que Marun est\u00e1 movido por um entusiasmo de in\u00edcio de cargo, quer mostrar servi\u00e7o, quer abafar, fazer estilo de trucul\u00eancia. N\u00e3o h\u00e1 como passar a faca no pesco\u00e7o de governador para mudar a opini\u00e3o de deputados.<\/p>\n<p>Tr\u00eas dos oito deputados federais de Rond\u00f4nia, mesmo sendo de partidos da base aliada, votaram contra Temer nas den\u00fancias da Procuradoria-Geral da Rep\u00fablica. O senhor tem procurado deputados para falar de reforma da Previd\u00eancia?\u00a0Os deputados federais dos estados j\u00e1 est\u00e3o decididos se v\u00e3o votar a favor da reforma ou n\u00e3o. Um ou outro ainda est\u00e1 indeciso. L\u00e1 em Rond\u00f4nia, j\u00e1 sei quem s\u00e3o os que votam a favor e os que votam contra. A gente, com muito trabalho, pode segurar quatro dos oito votos.<\/p>\n<p>Ent\u00e3o diminuiu o apoio a Temer na bancada?\u00a0Diminuiu. Na reforma da Previd\u00eancia, \u00e0 medida em que aproximam as elei\u00e7\u00f5es, h\u00e1 a impress\u00e3o de que vai perder voto. Acho que ganha votos. Fui o deputado mais votado do estado depois de apoiar as reformas estruturais do Fernando Henrique. Mas h\u00e1 um pensamento de alguns parlamentares de que o voto na reforma vai contra o povo, principalmente os trabalhadores rurais, que s\u00e3o muito numerosos no Norte e no Nordeste.<\/p>\n<p>\u201cN\u00e3o h\u00e1 como passar a faca no pesco\u00e7o de governador para mudar a opini\u00e3o de deputados\u201d<\/p>\n<p>Em seu blog, al\u00e9m de poesias, broncas em secret\u00e1rios e at\u00e9 cr\u00edticas a seu pr\u00f3prio governo, o senhor escreveu que \u201cgoverno tem hora que \u00e9 uma desgra\u00e7a\u201d porque \u201caliena o homem\u201d. Temer se alienou em rela\u00e7\u00e3o \u00e0 gravidade das grava\u00e7\u00f5es da JBS?\u00a0Tenho certeza de que o presidente se arrependeu muito daquilo. Todo mundo olha pra tr\u00e1s e v\u00ea erros, ele n\u00e3o cometeria aquilo de novo, de receber aquele empres\u00e1rio t\u00e3o influente no governo horas mortas da noite. Foi uma infelicidade muito grande. Eu falo da aliena\u00e7\u00e3o do governo no sentido de que o governante n\u00e3o faz tudo o que quer, \u00e9 natural.<\/p>\n<p>O senhor vai disputar as elei\u00e7\u00f5es em 2018?\u00a0Se eu tiver que disputar, disputarei o Senado. Vou decidir em fevereiro. Estou analisando dados, primeiro temos que pesquisar se o nome \u00e9 vi\u00e1vel. Ningu\u00e9m \u00e9 candidato por ser candidato, n\u00e3o sabemos como ser\u00e1 a rea\u00e7\u00e3o da popula\u00e7\u00e3o na elei\u00e7\u00e3o.<\/p>\n<p>Caso dispute uma das duas vagas ao Senado, o senhor concorreria com Valdir Raupp, que buscar\u00e1 a reelei\u00e7\u00e3o tamb\u00e9m pelo PMDB.\u00a0Primeiro temos que fazer uma an\u00e1lise em pesquisas, ver se um n\u00e3o engole o outro, uma autofagia interna. Ou se um equilibra o outro, se soma. A aceita\u00e7\u00e3o do PMDB em Rond\u00f4nia ainda \u00e9 boa porque a maioria dos governadores foi do PMDB, o partido ainda tem um nome consagrado.<\/p>\n<p>Mas Raupp foi desgastado pela Lava Jato, \u00e9 r\u00e9u no STF por corrup\u00e7\u00e3o. Mesmo assim, o senhor cogitaria sair do PMDB para ele ser o candidato do partido?\u00a0Como ele \u00e9 senador, tem a prefer\u00eancia, \u00e9 o candidato do PMDB. Eu \u00e9 que tenho que analisar a conveni\u00eancia de ficar no PMDB ou de sair a outro partido que me permita, se eleito, uma margem para meu pensamento de reformas, liberal, de ajuste da economia, ajuste fiscal.<\/p>\n<p>Recebeu convites de outros partidos?\u00a0Sim. O PTB me convidou, Solidariedade, PDT e PSB tamb\u00e9m, e alguns partidos ligados a igrejas evang\u00e9licas.<\/p>\n<p>A mudan\u00e7a de nome do PMDB para MDB diminuir\u00e1 mesmo o desgaste da legenda?\u00a0O partido teve seu momento hist\u00f3rico important\u00edssimo como MDB, saudoso, querido, de um grande trabalho em busca da redemocratiza\u00e7\u00e3o do pa\u00eds. E teve o partido que veio se descarrilando ao longo do tempo. Esse retorno ao passado deve ser um trabalho de reencontro consigo mesmo, de reescrita da pr\u00f3pria hist\u00f3ria, de corre\u00e7\u00e3o de rumos.<\/p>\n<p>Falta ao PMDB, mais do que mudar de nome, firmeza em casos de peemedebistas envolvidos em corrup\u00e7\u00e3o e at\u00e9 mesmo presos, como o ex-ministro Geddel Vieira Lima?N\u00e3o estou saindo em defesa de Geddel, nem de ningu\u00e9m, mas os casos t\u00eam que ser julgados minimamente, depois de aceitas as den\u00fancias. Se condenado, ele automaticamente est\u00e1 afastado, fica ineleg\u00edvel, est\u00e1 fora da pol\u00edtica. A maior puni\u00e7\u00e3o \u00e9 a exclus\u00e3o pelo Judici\u00e1rio.<\/p>\n<p>Peemedebistas vinham dizendo que o partido deveria ter candidato a presidente em 2018, mas at\u00e9 agora n\u00e3o apareceu nenhum nome. O PMDB n\u00e3o tem hoje nomes competitivos \u00e0 disputa da Presid\u00eancia?\u00a0\u00a0N\u00e3o tem. O partido sempre se confortou e ficou conformado com a for\u00e7a do interior, dos estados, dos munic\u00edpios, ter mais vereadores, mais deputados estaduais, mais deputados federais e mais senadores. Sempre confortou o PMDB, ao longo desses \u00faltimos 30 anos, fazer maioria no Congresso, articular posi\u00e7\u00f5es no governo, ocupar cargos de vice, minist\u00e9rios. Mas n\u00e3o preparou o grande l\u00edder brasileiro, n\u00e3o temos esse nome.<\/p>\n<div>\n<div><span class=\"ctaText\">Leia Tamb\u00e9m:\u00a0<\/span>\u00a0\u00a0<span class=\"postTitle\">Moreira Franco diz ter convic\u00e7\u00e3o de que reforma da Previd\u00eancia ser\u00e1 aprovada<\/span><\/div>\n<\/div>\n<p>O senhor v\u00ea chances de algum \u201coutsider\u201d ser eleito presidente do Brasil?\u00a0Os pa\u00edses da regi\u00e3o t\u00eam provado o contr\u00e1rio. A elei\u00e7\u00e3o de Macri [presidente da Argentina] era previs\u00edvel, no Chile era previs\u00edvel, na Col\u00f4mbia e no Paraguai tamb\u00e9m. N\u00e3o tem havido grandes mudan\u00e7as, embora o mundo esteja insatisfeito com a pol\u00edtica. O que a popula\u00e7\u00e3o brasileira quer? Qual \u00e9 o perfil? O futuro presidente tem que ser de carne e osso, com erros e falhas, mas que trabalha duro. N\u00e3o tem segredo, n\u00e3o tem milagre. \u00c9 dureza, austeridade e planejamento para al\u00e9m de 4 anos, para, no m\u00ednimo, 10 anos.<\/p>\n<p>\u201cSempre confortou o PMDB, ao longo desses \u00faltimos 30 anos, fazer maioria no Congresso, articular posi\u00e7\u00f5es no governo, ocupar cargos de vice, minist\u00e9rios. Mas n\u00e3o preparou o grande l\u00edder brasileiro, n\u00e3o temos esse nome\u201d<\/p>\n<p>Essa oportunidade de planejar o longo prazo foi perdida pelos governos do PT?\u00a0O PT fez o que p\u00f4de fazer, dentro da linha do seu pensamento. Lula realizou seu discurso, de um governo social, de distribui\u00e7\u00e3o de renda, mesmo que isso tenha causado embara\u00e7os para a economia no m\u00e9dio prazo, deixado o Brasil como ficou. Ele levou o sal\u00e1rio m\u00ednimo a quase 300 d\u00f3lares, um salto alt\u00edssimo em rela\u00e7\u00e3o ao governo Fernando Henrique. Com Dilma houve um descarrilamento por abusos, toda essa permissividade do BNDES, Petrobras, foi ali a eclos\u00e3o do furac\u00e3o. Apoiei Fernando Henrique de ponta a ponta e o Michel \u00e9 do meu partido, mas, para o meu estado, o PT foi melhor. Mas n\u00e3o quero que ele volte [risos].<\/p>\n<p>Lula conseguir\u00e1 disputar a elei\u00e7\u00e3o?\u00a0Acho que Lula vai conseguir concorrer sub judice. Se a Justi\u00e7a for barr\u00e1-lo, tem que ser antes do registro da candidatura. Se chegar agosto sem uma posi\u00e7\u00e3o, ele consegue se registrar, pode ganhar a elei\u00e7\u00e3o e como fica depois? O Supremo vai cassar quem foi eleito pelo povo? Tenho muito medo de governos raivosos, Lula n\u00e3o viria com o mesmo tempero e humildade do primeiro mandato, mas muito magoado e querendo dar o troco. Temo muito por isso, o encaminhamento do Brasil para um socialismo desvairado.<\/p>\n<p>Jair Bolsonaro tem chances de vit\u00f3ria?\u00a0Bolsonaro n\u00e3o tem um discurso profundo, mas a voz dele de que vai combater o crime, matar bandido, coincide com o desespero das ruas, da viol\u00eancia crescente na cidade. Ele pode usar esse discurso para ganhar a elei\u00e7\u00e3o, mas, se sentar na cadeira de presidente, vai ter que se redefinir. Quando vir a dureza do Judici\u00e1rio, a influ\u00eancia que tem um ministro do Supremo Tribunal Federal, que monocraticamente barra um presidente, cassa medidas provis\u00f3rias, desfaz uma vota\u00e7\u00e3o do Congresso\u2026 N\u00e3o \u00e9 f\u00e1cil.<\/p>\n<p>\u201cSe a Justi\u00e7a for barrar Lula, tem que ser antes do registro da candidatura. Se chegar agosto sem uma posi\u00e7\u00e3o, ele consegue se registrar, pode ganhar a elei\u00e7\u00e3o e como fica depois? O Supremo vai cassar quem foi eleito pelo povo?\u201d<\/p>\n<p>Qual sistema de vota\u00e7\u00e3o \u00e9 o ideal, na sua opini\u00e3o?\u00a0O modelo alem\u00e3o, distrital misto. \u00c9 preciso que se defina o modelo com brilhantes parlamentares eleitos pelo voto de lista, que s\u00e3o os melhores, e os votos distritais, dos deputados que v\u00eam representando seus distritos, motivos e necessidades. O que fica hoje no Brasil \u00e9 um parlamentarismo \u00e0s avessas.<\/p>\n<p>O fundo p\u00fablico para financiamento de campanhas \u00e9 a melhor alternativa \u00e0 proibi\u00e7\u00e3o das doa\u00e7\u00f5es de empresas?\u00a0N\u00e3o \u00e9 a primeira vez que o financiamento empresarial foi proibido, e a proibi\u00e7\u00e3o n\u00e3o deu certo no passado. O modelo de financiamento p\u00fablico tem que ser experimentado, mas n\u00e3o vai ser f\u00e1cil. A divis\u00e3o do bolo de recursos ser\u00e1 feita pelos partidos, ent\u00e3o, logicamente, n\u00e3o haver\u00e1 um crit\u00e9rio transparente e igualit\u00e1rio de distribui\u00e7\u00e3o, uns v\u00e3o receber mais que os outros. Vai causar muita encrenca, dificuldades, den\u00fancias.<\/p>\n<p>Como governador de um estado fronteiri\u00e7o, o senhor v\u00ea as fronteiras brasileiras desprotegidas?\u00a0Absolutamente. Tem pontos distantes do Ex\u00e9rcito, aqui e acol\u00e1. N\u00e3o h\u00e1 nenhum programa ostensivo de prote\u00e7\u00e3o de fronteiras. A grande extens\u00e3o da fronteira \u00e9 a rota para contrabando de armas e drogas, que gera toda a inseguran\u00e7a em S\u00e3o Paulo, Minas, Rio de Janeiro, todos os estados. Sem uma pol\u00edtica definida de fronteira, \u00e9 enxugar gelo. O crime organizado nos pres\u00eddios j\u00e1 desenhou tudo isso, tem consci\u00eancia e controla esse mercado.<\/p>\n<p>Qual \u00e9 o principal problema da administra\u00e7\u00e3o penitenci\u00e1ria nos estados?\u00a0O grande problema n\u00e3o \u00e9 a constru\u00e7\u00e3o de pres\u00eddio, mas a gest\u00e3o, o custo do sistema \u00e9 muito elevado. O governo [federal] manda 40 milh\u00f5es ou 30 milh\u00f5es para construir um pres\u00eddio. O mesmo valor \u00e9 gasto em um ano em custeio. Os estados cumprem a parte mais cara, embora a maioria dos presos, por serem envolvidos com tr\u00e1fico drogas, seja de compet\u00eancia federal. O fundo penitenci\u00e1rio [Nacional] tem muito dinheiro, mas que est\u00e1 todo contingenciado.<\/p>\n<p>\u201cA grande extens\u00e3o da fronteira \u00e9 a rota para contrabando de armas e drogas, que gera toda a inseguran\u00e7a em S\u00e3o Paulo, Minas, Rio de Janeiro, todos os estados. Sem uma pol\u00edtica definida de fronteira, \u00e9 enxugar gelo\u201d<\/p>\n<p>O senhor foi denunciado pela PGR em junho por um suposto caso de sonega\u00e7\u00e3o fiscal na gest\u00e3o quando era prefeito. Como viu a decis\u00e3o do STF de tirar das Assembleias Legislativas a prerrogativa de autorizar a abertura de processo contra governadores?\u00a0Achei muito avan\u00e7ado, terminava de os governadores nunca serem processados. \u00c9 muito \u00f3bvio isso, antes os governadores tinham maioria na Assembleia, e a Assembleia n\u00e3o autorizava. Agora n\u00e3o, se tem algum delito do governador, o pr\u00f3prio STJ vai l\u00e1 e abre o processo. Sobre a den\u00fancia, nunca fui sequer ouvido no decorrer do processo, s\u00f3 soube quando fui notificado.<\/p>\n<p><strong>CARIRI EM A\u00c7\u00c3O<\/strong><\/p>\n<p><em>Com MSN\/Foto: Reprodu\u00e7\u00e3o google<\/em><\/p>\n<p><strong>Leia mais not\u00edcias em\u00a0<\/strong><a href=\"http:\/\/www.caririemacao.com\/\"><strong>caririemacao.com<\/strong><\/a><strong>, siga nossa p\u00e1gina no\u00a0<\/strong><a href=\"https:\/\/www.facebook.com\/CaririEmAcao\/?ref=aymt_homepage_panel\"><strong>Facebook<\/strong><\/a>,<strong>\u00a0<\/strong><a href=\"https:\/\/www.instagram.com\/cariri_em_acao\/?hl=pt-br\"><strong>Instagram<\/strong><\/a><strong>\u00a0e <\/strong><a href=\"https:\/\/www.youtube.com\/channel\/UCAptA0jQuYQy8vMhLt2m4qg\"><strong>Youtube<\/strong><\/a><strong>\u00a0e veja nossas mat\u00e9rias, v\u00eddeos e fotos. Voc\u00ea tamb\u00e9m pode enviar informa\u00e7\u00f5es \u00e0 Reda\u00e7\u00e3o do Portal Cariri em A\u00e7\u00e3o pelo WhatsApp (83) 9 9634.5791, (83) 9 9601-1162.<\/strong><\/p>\n","protected":false},"excerpt":{"rendered":"<p>Depois das declara\u00e7\u00f5es do ministro da Secretaria de Governo,\u00a0Carlos Marun, de que facilitar\u00e1 a libera\u00e7\u00e3o de recursos da Caixa a estados cujos governadores pressionarem deputados&hellip; <\/p>\n","protected":false},"author":2,"featured_media":36067,"comment_status":"closed","ping_status":"closed","sticky":false,"template":"","format":"standard","meta":{"sfsi_plus_gutenberg_text_before_share":"","sfsi_plus_gutenberg_show_text_before_share":"","sfsi_plus_gutenberg_icon_type":"","sfsi_plus_gutenberg_icon_alignemt":"","sfsi_plus_gutenburg_max_per_row":"","footnotes":""},"categories":[11],"tags":[],"class_list":["post-36066","post","type-post","status-publish","format-standard","has-post-thumbnail","hentry","category-politica"],"_links":{"self":[{"href":"https:\/\/www.caririemacao.com\/1\/wp-json\/wp\/v2\/posts\/36066","targetHints":{"allow":["GET"]}}],"collection":[{"href":"https:\/\/www.caririemacao.com\/1\/wp-json\/wp\/v2\/posts"}],"about":[{"href":"https:\/\/www.caririemacao.com\/1\/wp-json\/wp\/v2\/types\/post"}],"author":[{"embeddable":true,"href":"https:\/\/www.caririemacao.com\/1\/wp-json\/wp\/v2\/users\/2"}],"replies":[{"embeddable":true,"href":"https:\/\/www.caririemacao.com\/1\/wp-json\/wp\/v2\/comments?post=36066"}],"version-history":[{"count":0,"href":"https:\/\/www.caririemacao.com\/1\/wp-json\/wp\/v2\/posts\/36066\/revisions"}],"wp:featuredmedia":[{"embeddable":true,"href":"https:\/\/www.caririemacao.com\/1\/wp-json\/wp\/v2\/media\/36067"}],"wp:attachment":[{"href":"https:\/\/www.caririemacao.com\/1\/wp-json\/wp\/v2\/media?parent=36066"}],"wp:term":[{"taxonomy":"category","embeddable":true,"href":"https:\/\/www.caririemacao.com\/1\/wp-json\/wp\/v2\/categories?post=36066"},{"taxonomy":"post_tag","embeddable":true,"href":"https:\/\/www.caririemacao.com\/1\/wp-json\/wp\/v2\/tags?post=36066"}],"curies":[{"name":"wp","href":"https:\/\/api.w.org\/{rel}","templated":true}]}}