{"id":36069,"date":"2017-12-30T12:51:19","date_gmt":"2017-12-30T15:51:19","guid":{"rendered":"http:\/\/caririemacao.com\/1\/?p=36069"},"modified":"2017-12-30T12:51:20","modified_gmt":"2017-12-30T15:51:20","slug":"cancao-de-ton-oliveira-passa-a-ser-patrimonio-imaterial-da-paraiba","status":"publish","type":"post","link":"https:\/\/www.caririemacao.com\/1\/2017\/12\/30\/cancao-de-ton-oliveira-passa-a-ser-patrimonio-imaterial-da-paraiba\/","title":{"rendered":"Can\u00e7\u00e3o de Ton Oliveira passa a ser patrim\u00f4nio imaterial da Para\u00edba"},"content":{"rendered":"<p>A sexta-feira (29) marcou uma data especial na carreira do cantor Ton Oliveira. A can\u00e7\u00e3o \u201cPara\u00edba Joia Rara\u201d, de autoria do paraibano, passou a ser considerada como patrim\u00f4nio imaterial do estado.<\/p>\n<p>O decreto foi publicado no Di\u00e1rio Oficial do Estado da Para\u00edba, seguindo um Projeto de Lei proposto pelo deputado estadual Frei Anast\u00e1cio (PT). A lei entrou em vigor j\u00e1 na \u00faltima quinta-feira (28).<\/p>\n<p>\u201cPara\u00edba Joia Rara\u201d acabou virando um hino da popula\u00e7\u00e3o paraibana, j\u00e1 que fala da nossa terra de uma maneira bastante singular, ressaltando caracter\u00edsticas que o povo conhece muito bem. Algumas delas, por exemplo, s\u00e3o o fato de o local ser onde o sol nasce primeiro no Brasil, de ter um lugar com registros de pegadas de dinossauros (Sousa) e ser a terra natal de Jackson do Pandeiro.<\/p>\n<p>A m\u00fasica foi composta em 2011, ap\u00f3s uma viagem feita por Ton ao munic\u00edpio de Sol\u00e2nea, no interior da Para\u00edba. Segundo ele pr\u00f3prio j\u00e1 comentou, os paraibanos tomaram a can\u00e7\u00e3o como um hino, o que \u00e9 \u201cmotivo de orgulho e alegria, porque tocou realmente o cora\u00e7\u00e3o das pessoas\u201d.<\/p>\n<p>Confira a letra completa:<\/p>\n<p><em>Aqui o sol nasce primeiro\u00a0E t\u00e3o desinibido E a lua exibe um estrelato Com tanta beleza Que at\u00e9 o algod\u00e3o se empolga E j\u00e1 vem colorido Exibi\u00e7\u00f5es inexplic\u00e1veis Da m\u00e3e natureza<\/em><\/p>\n<p><em>Aqui at\u00e9 os dinossauros Fizeram morada E a gente pode ao som De jackson pandeirear Ouvir a voz que na bandeira Ficou estampada Dar frutos Que o tempo e a hist\u00f3ria N\u00e3o v\u00e3o apagar<\/em><\/p>\n<p><em>Eu sou da paraiba \u00e9 meu esse lugar A cara desse povo tem a minha cara Encanto de beleza que me faz sonhar Lugar t\u00e3o lindo assim pra mim \u00e9 joia rara<\/em><\/p>\n<p><em>Que bom estar no ponto mais oriental Astrologicamente ser um ariano Rimar como um augusto t\u00e3o angelical Eu sou muito feliz, eu sou paraibano.<\/em><\/p>\n<p>&amp;<iframe data-src=\"https:\/\/www.youtube.com\/embed\/Ns2OEr6FKHo\" width=\"560\" height=\"315\" frameborder=\"0\" allowfullscreen=\"allowfullscreen\" src=\"data:image\/svg+xml;base64,PHN2ZyB3aWR0aD0iMSIgaGVpZ2h0PSIxIiB4bWxucz0iaHR0cDovL3d3dy53My5vcmcvMjAwMC9zdmciPjwvc3ZnPg==\" class=\"lazyload\" data-load-mode=\"1\"><\/iframe><br \/>\n<strong>CARIRI EM A\u00c7\u00c3O<\/strong><\/p>\n<p><em>Com \u00a0Portal T5 \/Foto: Reprodu\u00e7\u00e3o google<\/em><\/p>\n<p><strong>Leia mais not\u00edcias em\u00a0<\/strong><a href=\"http:\/\/www.caririemacao.com\/\"><strong>caririemacao.com<\/strong><\/a><strong>, siga nossa p\u00e1gina no\u00a0<\/strong><a href=\"https:\/\/www.facebook.com\/CaririEmAcao\/?ref=aymt_homepage_panel\"><strong>Facebook<\/strong><\/a>,<strong>\u00a0<\/strong><a href=\"https:\/\/www.instagram.com\/cariri_em_acao\/?hl=pt-br\"><strong>Instagram<\/strong><\/a><strong>\u00a0e <\/strong><a href=\"https:\/\/www.youtube.com\/channel\/UCAptA0jQuYQy8vMhLt2m4qg\"><strong>Youtube<\/strong><\/a><strong>\u00a0e veja nossas mat\u00e9rias, v\u00eddeos e fotos. Voc\u00ea tamb\u00e9m pode enviar informa\u00e7\u00f5es \u00e0 Reda\u00e7\u00e3o do Portal Cariri em A\u00e7\u00e3o pelo WhatsApp (83) 9 9634.5791, (83) 9 9601-1162.<\/strong><\/p>\n","protected":false},"excerpt":{"rendered":"<p>A sexta-feira (29) marcou uma data especial na carreira do cantor Ton Oliveira. A can\u00e7\u00e3o \u201cPara\u00edba Joia Rara\u201d, de autoria do paraibano, passou a ser&hellip; <\/p>\n","protected":false},"author":2,"featured_media":36070,"comment_status":"closed","ping_status":"closed","sticky":false,"template":"","format":"standard","meta":{"sfsi_plus_gutenberg_text_before_share":"","sfsi_plus_gutenberg_show_text_before_share":"","sfsi_plus_gutenberg_icon_type":"","sfsi_plus_gutenberg_icon_alignemt":"","sfsi_plus_gutenburg_max_per_row":"","footnotes":""},"categories":[2],"tags":[],"class_list":["post-36069","post","type-post","status-publish","format-standard","has-post-thumbnail","hentry","category-geral"],"_links":{"self":[{"href":"https:\/\/www.caririemacao.com\/1\/wp-json\/wp\/v2\/posts\/36069","targetHints":{"allow":["GET"]}}],"collection":[{"href":"https:\/\/www.caririemacao.com\/1\/wp-json\/wp\/v2\/posts"}],"about":[{"href":"https:\/\/www.caririemacao.com\/1\/wp-json\/wp\/v2\/types\/post"}],"author":[{"embeddable":true,"href":"https:\/\/www.caririemacao.com\/1\/wp-json\/wp\/v2\/users\/2"}],"replies":[{"embeddable":true,"href":"https:\/\/www.caririemacao.com\/1\/wp-json\/wp\/v2\/comments?post=36069"}],"version-history":[{"count":0,"href":"https:\/\/www.caririemacao.com\/1\/wp-json\/wp\/v2\/posts\/36069\/revisions"}],"wp:featuredmedia":[{"embeddable":true,"href":"https:\/\/www.caririemacao.com\/1\/wp-json\/wp\/v2\/media\/36070"}],"wp:attachment":[{"href":"https:\/\/www.caririemacao.com\/1\/wp-json\/wp\/v2\/media?parent=36069"}],"wp:term":[{"taxonomy":"category","embeddable":true,"href":"https:\/\/www.caririemacao.com\/1\/wp-json\/wp\/v2\/categories?post=36069"},{"taxonomy":"post_tag","embeddable":true,"href":"https:\/\/www.caririemacao.com\/1\/wp-json\/wp\/v2\/tags?post=36069"}],"curies":[{"name":"wp","href":"https:\/\/api.w.org\/{rel}","templated":true}]}}