{"id":36074,"date":"2017-12-30T12:58:22","date_gmt":"2017-12-30T15:58:22","guid":{"rendered":"http:\/\/caririemacao.com\/1\/?p=36074"},"modified":"2017-12-30T12:58:22","modified_gmt":"2017-12-30T15:58:22","slug":"os-celulares-em-que-o-whatsapp-vai-parar-de-funcionar-em-2018","status":"publish","type":"post","link":"https:\/\/www.caririemacao.com\/1\/2017\/12\/30\/os-celulares-em-que-o-whatsapp-vai-parar-de-funcionar-em-2018\/","title":{"rendered":"Os celulares em que o WhatsApp vai parar de funcionar em 2018"},"content":{"rendered":"<p>Consumidores que t\u00eam o h\u00e1bito de manter celulares antigos devem ficar atentos a uma mudan\u00e7a no\u00a0WhatsApp. A partir da pr\u00f3xima segunda-feira, isto \u00e9, o primeiro dia de 2018, o aplicativo deixar\u00e1 de funcionar em alguns smartphones.<\/p>\n<p>Segundo o site do app, os sistemas que deixar\u00e3o de ser compat\u00edveis a partir da semana que vem s\u00e3o aqueles que operam nos sistemas BlackBerry OS 10 e no Windows Phone 8.0, da\u00a0Microsoft.<\/p>\n<p>Al\u00e9m disso, o WhatsApp vai deixar de funcionar no pr\u00f3ximo ano nos dispositivos que rodam com sistema operacional Nokia S40.<\/p>\n<p>A empresa de Mark Zuckerberg alega que as plataformas em quest\u00e3o j\u00e1 n\u00e3o t\u00eam \u201ccapacidade necess\u00e1ria para suportar futuras fun\u00e7\u00f5es\u201d do aplicativo, e que pretende concentrar seu desenvolvimento na maior fatia do mercado de smartphones.<\/p>\n<p>Como menos de 1% dos usu\u00e1rios sendo afetados pela mudan\u00e7a, o conselho da plataforma a seus \u201c\u00f3rf\u00e3os\u201d \u00a0\u00a0\u00e9 que \u201cadquiram um telefone Android com um sistema operacional 4.0 ou superior, Windows Phone 8.1 ou superior, ou um iPhone com iOS 7 ou superior\u201d.<\/p>\n<p>O WhatsApp \u00e9 hoje o aplicativo de mensagens mais popular do mundo, totalizando, segundo a pr\u00f3pria empresa, 1 bilh\u00e3o de usu\u00e1rios ativos por m\u00eas. Alguns concorrentes, como o Telegram, n\u00e3o alcan\u00e7am nem um d\u00e9cimo da clientela do l\u00edder.<\/p>\n<p><strong>CARIRI EM A\u00c7\u00c3O<\/strong><\/p>\n<p><em>Com Extra PB\/Foto: Reprodu\u00e7\u00e3o google<\/em><\/p>\n<p><strong>Leia mais not\u00edcias em\u00a0<\/strong><a href=\"http:\/\/www.caririemacao.com\/\"><strong>caririemacao.com<\/strong><\/a><strong>, siga nossa p\u00e1gina no\u00a0<\/strong><a href=\"https:\/\/www.facebook.com\/CaririEmAcao\/?ref=aymt_homepage_panel\"><strong>Facebook<\/strong><\/a>,<strong>\u00a0<\/strong><a href=\"https:\/\/www.instagram.com\/cariri_em_acao\/?hl=pt-br\"><strong>Instagram<\/strong><\/a><strong>\u00a0e <\/strong><a href=\"https:\/\/www.youtube.com\/channel\/UCAptA0jQuYQy8vMhLt2m4qg\"><strong>Youtube<\/strong><\/a><strong>\u00a0e veja nossas mat\u00e9rias, v\u00eddeos e fotos. Voc\u00ea tamb\u00e9m pode enviar informa\u00e7\u00f5es \u00e0 Reda\u00e7\u00e3o do Portal Cariri em A\u00e7\u00e3o pelo WhatsApp (83) 9 9634.5791, (83) 9 9601-1162.<\/strong><\/p>\n","protected":false},"excerpt":{"rendered":"<p>Consumidores que t\u00eam o h\u00e1bito de manter celulares antigos devem ficar atentos a uma mudan\u00e7a no\u00a0WhatsApp. A partir da pr\u00f3xima segunda-feira, isto \u00e9, o primeiro&hellip; <\/p>\n","protected":false},"author":2,"featured_media":33937,"comment_status":"closed","ping_status":"closed","sticky":false,"template":"","format":"standard","meta":{"sfsi_plus_gutenberg_text_before_share":"","sfsi_plus_gutenberg_show_text_before_share":"","sfsi_plus_gutenberg_icon_type":"","sfsi_plus_gutenberg_icon_alignemt":"","sfsi_plus_gutenburg_max_per_row":"","footnotes":""},"categories":[2],"tags":[],"class_list":["post-36074","post","type-post","status-publish","format-standard","has-post-thumbnail","hentry","category-geral"],"_links":{"self":[{"href":"https:\/\/www.caririemacao.com\/1\/wp-json\/wp\/v2\/posts\/36074","targetHints":{"allow":["GET"]}}],"collection":[{"href":"https:\/\/www.caririemacao.com\/1\/wp-json\/wp\/v2\/posts"}],"about":[{"href":"https:\/\/www.caririemacao.com\/1\/wp-json\/wp\/v2\/types\/post"}],"author":[{"embeddable":true,"href":"https:\/\/www.caririemacao.com\/1\/wp-json\/wp\/v2\/users\/2"}],"replies":[{"embeddable":true,"href":"https:\/\/www.caririemacao.com\/1\/wp-json\/wp\/v2\/comments?post=36074"}],"version-history":[{"count":0,"href":"https:\/\/www.caririemacao.com\/1\/wp-json\/wp\/v2\/posts\/36074\/revisions"}],"wp:featuredmedia":[{"embeddable":true,"href":"https:\/\/www.caririemacao.com\/1\/wp-json\/wp\/v2\/media\/33937"}],"wp:attachment":[{"href":"https:\/\/www.caririemacao.com\/1\/wp-json\/wp\/v2\/media?parent=36074"}],"wp:term":[{"taxonomy":"category","embeddable":true,"href":"https:\/\/www.caririemacao.com\/1\/wp-json\/wp\/v2\/categories?post=36074"},{"taxonomy":"post_tag","embeddable":true,"href":"https:\/\/www.caririemacao.com\/1\/wp-json\/wp\/v2\/tags?post=36074"}],"curies":[{"name":"wp","href":"https:\/\/api.w.org\/{rel}","templated":true}]}}