{"id":36076,"date":"2017-12-30T13:01:28","date_gmt":"2017-12-30T16:01:28","guid":{"rendered":"http:\/\/caririemacao.com\/1\/?p=36076"},"modified":"2017-12-30T13:01:28","modified_gmt":"2017-12-30T16:01:28","slug":"raquel-dodge-tenta-barrar-gastos-de-r-99-milhoes-do-governo-com-publicidade-pro-reforma-da-previdencia","status":"publish","type":"post","link":"https:\/\/www.caririemacao.com\/1\/2017\/12\/30\/raquel-dodge-tenta-barrar-gastos-de-r-99-milhoes-do-governo-com-publicidade-pro-reforma-da-previdencia\/","title":{"rendered":"Raquel Dodge tenta barrar gastos de R$ 99 milh\u00f5es do governo com publicidade pr\u00f3-reforma da Previd\u00eancia"},"content":{"rendered":"<p>A procuradora-geral da Rep\u00fablica, Raquel Dodge, entrou com uma a\u00e7\u00e3o no Supremo Tribunal Federal (STF) para barrar a destina\u00e7\u00e3o de R$ 99 milh\u00f5es para comunica\u00e7\u00e3o institucional do governo. Raquel contesta a utiliza\u00e7\u00e3o desses recursos em campanha para convencer a popula\u00e7\u00e3o a apoiar a reforma da Previd\u00eancia. Para ela, o uso da verba para propagar uma \u201cproposta pol\u00eamica\u201d \u00e9 inconstitucional e implica preju\u00edzo irrepar\u00e1vel para os cofres p\u00fablicos.<\/p>\n<p>A a\u00e7\u00e3o direta de inconstitucionalidade ser\u00e1 examinada pela presidente do Supremo, C\u00e1rmen L\u00facia, durante o recesso do Judici\u00e1rio. Ela deu prazo de dez dias para o presidente Michel Temer e o presidente do Congresso, Eun\u00edcio Oliveira (PMDB-CE), se manifestarem sobre o assunto. A procuradora-geral solicitou que a destina\u00e7\u00e3o dos recursos para comunica\u00e7\u00e3o institucional seja suspensa por meio de liminar.<\/p>\n<p>\u201c\u00c9 natural que cada governo busque a implementa\u00e7\u00e3o de uma dada ordem de propostas pol\u00edticas. Se, por\u00e9m, o governo entende que deve esfor\u00e7ar-se por persuadir a popula\u00e7\u00e3o do acerto de uma proposta pol\u00eamica, n\u00e3o pode valer-se de recursos financeiros p\u00fablicos para promover campanha de convencimento que se reduza \u00e0 repeti\u00e7\u00e3o de ideias, teses e ju\u00edzos que n\u00e3o s\u00e3o de consenso universal\u201d, alega Raquel Dodge.<\/p>\n<p>A procuradora-geral ressalta que a publicidade dos \u00f3rg\u00e3os p\u00fablicos s\u00f3 tem amparo legal quando possui car\u00e1ter educativo ou de orienta\u00e7\u00e3o social. \u201cA publicidade em favor de uma medida notoriamente controvertida \u00e9 substancialmente distinta de uma publicidade em favor da conscientiza\u00e7\u00e3o da popula\u00e7\u00e3o sobre a necessidade de cuidados, por exemplo, para evitar a prolifera\u00e7\u00e3o do mosquito da dengue\u201d, explica. \u201cNo caso da reforma da previd\u00eancia, esse consenso n\u00e3o existe \u2013 por isso mesmo n\u00e3o se pode verter recursos p\u00fablicos exclusivamente para favorecer um dos polos da controv\u00e9rsia\u201d, acrescenta na a\u00e7\u00e3o.<\/p>\n<p><strong>CARIRI EM A\u00c7\u00c3O<\/strong><\/p>\n<p><em>Com Congresso\u00a0em Foco\/Foto: Reprodu\u00e7\u00e3o google<\/em><\/p>\n<p><strong>Leia mais not\u00edcias em\u00a0<\/strong><a href=\"http:\/\/www.caririemacao.com\/\"><strong>caririemacao.com<\/strong><\/a><strong>, siga nossa p\u00e1gina no\u00a0<\/strong><a href=\"https:\/\/www.facebook.com\/CaririEmAcao\/?ref=aymt_homepage_panel\"><strong>Facebook<\/strong><\/a>,<strong>\u00a0<\/strong><a href=\"https:\/\/www.instagram.com\/cariri_em_acao\/?hl=pt-br\"><strong>Instagram<\/strong><\/a><strong>\u00a0e <\/strong><a href=\"https:\/\/www.youtube.com\/channel\/UCAptA0jQuYQy8vMhLt2m4qg\"><strong>Youtube<\/strong><\/a><strong>\u00a0e veja nossas mat\u00e9rias, v\u00eddeos e fotos. Voc\u00ea tamb\u00e9m pode enviar informa\u00e7\u00f5es \u00e0 Reda\u00e7\u00e3o do Portal Cariri em A\u00e7\u00e3o pelo WhatsApp (83) 9 9634.5791, (83) 9 9601-1162.<\/strong><\/p>\n","protected":false},"excerpt":{"rendered":"<p>A procuradora-geral da Rep\u00fablica, Raquel Dodge, entrou com uma a\u00e7\u00e3o no Supremo Tribunal Federal (STF) para barrar a destina\u00e7\u00e3o de R$ 99 milh\u00f5es para comunica\u00e7\u00e3o&hellip; <\/p>\n","protected":false},"author":2,"featured_media":36077,"comment_status":"closed","ping_status":"closed","sticky":false,"template":"","format":"standard","meta":{"sfsi_plus_gutenberg_text_before_share":"","sfsi_plus_gutenberg_show_text_before_share":"","sfsi_plus_gutenberg_icon_type":"","sfsi_plus_gutenberg_icon_alignemt":"","sfsi_plus_gutenburg_max_per_row":"","footnotes":""},"categories":[11],"tags":[],"class_list":["post-36076","post","type-post","status-publish","format-standard","has-post-thumbnail","hentry","category-politica"],"_links":{"self":[{"href":"https:\/\/www.caririemacao.com\/1\/wp-json\/wp\/v2\/posts\/36076","targetHints":{"allow":["GET"]}}],"collection":[{"href":"https:\/\/www.caririemacao.com\/1\/wp-json\/wp\/v2\/posts"}],"about":[{"href":"https:\/\/www.caririemacao.com\/1\/wp-json\/wp\/v2\/types\/post"}],"author":[{"embeddable":true,"href":"https:\/\/www.caririemacao.com\/1\/wp-json\/wp\/v2\/users\/2"}],"replies":[{"embeddable":true,"href":"https:\/\/www.caririemacao.com\/1\/wp-json\/wp\/v2\/comments?post=36076"}],"version-history":[{"count":0,"href":"https:\/\/www.caririemacao.com\/1\/wp-json\/wp\/v2\/posts\/36076\/revisions"}],"wp:featuredmedia":[{"embeddable":true,"href":"https:\/\/www.caririemacao.com\/1\/wp-json\/wp\/v2\/media\/36077"}],"wp:attachment":[{"href":"https:\/\/www.caririemacao.com\/1\/wp-json\/wp\/v2\/media?parent=36076"}],"wp:term":[{"taxonomy":"category","embeddable":true,"href":"https:\/\/www.caririemacao.com\/1\/wp-json\/wp\/v2\/categories?post=36076"},{"taxonomy":"post_tag","embeddable":true,"href":"https:\/\/www.caririemacao.com\/1\/wp-json\/wp\/v2\/tags?post=36076"}],"curies":[{"name":"wp","href":"https:\/\/api.w.org\/{rel}","templated":true}]}}