{"id":36082,"date":"2017-12-30T13:14:11","date_gmt":"2017-12-30T16:14:11","guid":{"rendered":"http:\/\/caririemacao.com\/1\/?p=36082"},"modified":"2017-12-30T13:14:11","modified_gmt":"2017-12-30T16:14:11","slug":"governador-do-rn-repassa-chefia-de-orgaos-de-seguranca-para-exercito","status":"publish","type":"post","link":"https:\/\/www.caririemacao.com\/1\/2017\/12\/30\/governador-do-rn-repassa-chefia-de-orgaos-de-seguranca-para-exercito\/","title":{"rendered":"Governador do RN repassa chefia de \u00f3rg\u00e3os de seguran\u00e7a para Ex\u00e9rcito"},"content":{"rendered":"<p>O general de brigada Ridauto L\u00facio Fernandes \u00e9 o chefe das opera\u00e7\u00f5es relativas aos \u00f3rg\u00e3os de Seguran\u00e7a P\u00fablica do Rio Grande do Norte at\u00e9 o dia 12 de janeiro de 2018.\u00a0A nomea\u00e7\u00e3o foi publicada no Di\u00e1rio Oficial do Estado neste s\u00e1bado (30).<\/p>\n<p>Em suma, o governador do Estado, Robinson Faria (PSD), transferiu a responsabilidade pelas a\u00e7\u00f5es das For\u00e7as Estaduais para o Ex\u00e9rcito, uma vez que soldados est\u00e3o no local para a &#8220;garantia da Lei e da Ordem&#8221;, na regi\u00e3o metropolitana de Natal e no munic\u00edpio de Mossor\u00f3.<\/p>\n<div class=\"teads-inread\">\n<div id=\"teads0\" class=\"teads-player\">Pelo menos 500 homens do Ex\u00e9rcito Brasileiro chegaram na \u00faltima sexta-feira (29) em Natal. O Minist\u00e9rio da Defesa anunciou o envio no total de 2.000 soldados para\u00a0refor\u00e7ar a seguran\u00e7a no Estado,\u00a0uma vez que policiais locais est\u00e3o em greve.<\/div>\n<\/div>\n<div id=\"inner-ad-container\" class=\"open full-width\">\n<div class=\"inner-ad-close-button show\">Fechar an\u00fancio<\/div>\n<\/div>\n<p>O Estado enfrenta grave crise de seguran\u00e7a p\u00fablica por causa da greve de bombeiros e policiais militares, os quais est\u00e3o fora das ruas desde o dia 19 de dezembro. A paralisa\u00e7\u00e3o \u00e9 devida ao atraso dos sal\u00e1rios, falta de condi\u00e7\u00f5es de trabalho e car\u00eancia do pagamento do 13\u00b0 sal\u00e1rio.<\/p>\n<p>Nesta semana,\u00a0a desembargadora Judite Nunes expediu decis\u00e3o em que considera a\u00a0paralisa\u00e7\u00e3o como ilegal\u00a0e que o cumprimento da ordem deve ser imediato, sob pena de multa di\u00e1ria de R$ 2.000, limitada ao teto de R$ 30 mil por r\u00e9u. No entanto, Associa\u00e7\u00e3o dos Subtenentes e Sargentos Policiais e Bombeiros Militares decidiu\u00a0manter a greve\u00a0ap\u00f3s reuni\u00e3o na \u00faltima quarta-feira (27).<\/p>\n<p><strong>CARIRI EM A\u00c7\u00c3O<\/strong><\/p>\n<p><em>Com R7 \/Foto: Reprodu\u00e7\u00e3o google<\/em><\/p>\n<p><strong>Leia mais not\u00edcias em\u00a0<\/strong><a href=\"http:\/\/www.caririemacao.com\/\"><strong>caririemacao.com<\/strong><\/a><strong>, siga nossa p\u00e1gina no\u00a0<\/strong><a href=\"https:\/\/www.facebook.com\/CaririEmAcao\/?ref=aymt_homepage_panel\"><strong>Facebook<\/strong><\/a>,<strong>\u00a0<\/strong><a href=\"https:\/\/www.instagram.com\/cariri_em_acao\/?hl=pt-br\"><strong>Instagram<\/strong><\/a><strong>\u00a0e <\/strong><a href=\"https:\/\/www.youtube.com\/channel\/UCAptA0jQuYQy8vMhLt2m4qg\"><strong>Youtube<\/strong><\/a><strong>\u00a0e veja nossas mat\u00e9rias, v\u00eddeos e fotos. Voc\u00ea tamb\u00e9m pode enviar informa\u00e7\u00f5es \u00e0 Reda\u00e7\u00e3o do Portal Cariri em A\u00e7\u00e3o pelo WhatsApp (83) 9 9634.5791, (83) 9 9601-1162.<\/strong><\/p>\n","protected":false},"excerpt":{"rendered":"<p>O general de brigada Ridauto L\u00facio Fernandes \u00e9 o chefe das opera\u00e7\u00f5es relativas aos \u00f3rg\u00e3os de Seguran\u00e7a P\u00fablica do Rio Grande do Norte at\u00e9 o&hellip; <\/p>\n","protected":false},"author":2,"featured_media":34202,"comment_status":"closed","ping_status":"closed","sticky":false,"template":"","format":"standard","meta":{"sfsi_plus_gutenberg_text_before_share":"","sfsi_plus_gutenberg_show_text_before_share":"","sfsi_plus_gutenberg_icon_type":"","sfsi_plus_gutenberg_icon_alignemt":"","sfsi_plus_gutenburg_max_per_row":"","footnotes":""},"categories":[2],"tags":[],"class_list":["post-36082","post","type-post","status-publish","format-standard","has-post-thumbnail","hentry","category-geral"],"_links":{"self":[{"href":"https:\/\/www.caririemacao.com\/1\/wp-json\/wp\/v2\/posts\/36082","targetHints":{"allow":["GET"]}}],"collection":[{"href":"https:\/\/www.caririemacao.com\/1\/wp-json\/wp\/v2\/posts"}],"about":[{"href":"https:\/\/www.caririemacao.com\/1\/wp-json\/wp\/v2\/types\/post"}],"author":[{"embeddable":true,"href":"https:\/\/www.caririemacao.com\/1\/wp-json\/wp\/v2\/users\/2"}],"replies":[{"embeddable":true,"href":"https:\/\/www.caririemacao.com\/1\/wp-json\/wp\/v2\/comments?post=36082"}],"version-history":[{"count":0,"href":"https:\/\/www.caririemacao.com\/1\/wp-json\/wp\/v2\/posts\/36082\/revisions"}],"wp:featuredmedia":[{"embeddable":true,"href":"https:\/\/www.caririemacao.com\/1\/wp-json\/wp\/v2\/media\/34202"}],"wp:attachment":[{"href":"https:\/\/www.caririemacao.com\/1\/wp-json\/wp\/v2\/media?parent=36082"}],"wp:term":[{"taxonomy":"category","embeddable":true,"href":"https:\/\/www.caririemacao.com\/1\/wp-json\/wp\/v2\/categories?post=36082"},{"taxonomy":"post_tag","embeddable":true,"href":"https:\/\/www.caririemacao.com\/1\/wp-json\/wp\/v2\/tags?post=36082"}],"curies":[{"name":"wp","href":"https:\/\/api.w.org\/{rel}","templated":true}]}}