{"id":36084,"date":"2017-12-30T13:20:55","date_gmt":"2017-12-30T16:20:55","guid":{"rendered":"http:\/\/caririemacao.com\/1\/?p=36084"},"modified":"2017-12-30T13:20:55","modified_gmt":"2017-12-30T16:20:55","slug":"os-pontos-do-indulto-de-temer-suspensos-por-carmen-lucia","status":"publish","type":"post","link":"https:\/\/www.caririemacao.com\/1\/2017\/12\/30\/os-pontos-do-indulto-de-temer-suspensos-por-carmen-lucia\/","title":{"rendered":"Os pontos do indulto de Temer suspensos por C\u00e1rmen L\u00facia"},"content":{"rendered":"<p>A presidente do STF (Supremo Tribunal Federal), C\u00e1rmen L\u00facia, suspendeu trechos do indulto natalino do presidente Michel Temer na quinta-feira (28) porque o decreto pratica, segundo ela, &#8220;benemer\u00eancia sem causa&#8221;.<\/p>\n<p>A ministra do STF atendeu a pedido da procuradora-geral da Rep\u00fablica, Raquel Dodge, e cancelou temporariamente os efeitos de tr\u00eas artigos e de trechos de outros dois.<\/p>\n<p>Entre eles est\u00e3o o que concede o indulto, genericamente, a quem cumpriu um quinto da pena, se n\u00e3o reincidente, e um ter\u00e7o da pena, se reincidente, nos casos de crime sem grave amea\u00e7a ou viol\u00eancia a pessoa.<\/p>\n<p>A liminar tamb\u00e9m atinge o artigo que livra o condenado de pagamento de multas e suspende o benef\u00edcio aos casos que est\u00e3o em fase de recurso de acusa\u00e7\u00e3o ap\u00f3s julgamento em segunda inst\u00e2ncia.<\/p>\n<p>A decis\u00e3o de C\u00e1rmen L\u00facia foi em car\u00e1ter liminar, ou seja, provis\u00f3rio. Somente em fevereiro, ap\u00f3s o fim do recesso, o relator do caso, ministro Lu\u00eds Roberto Barroso, levar\u00e1 o tema a plen\u00e1rio.<\/p>\n<p>Trechos do indulto suspensos por decis\u00e3o de C\u00e1rmen L\u00facia<\/p>\n<p>A) inc. I do art. 1\u00b0<\/p>\n<p>&#8220;Art. 1\u00ba O indulto natalino coletivo ser\u00e1 concedido \u00e0s pessoas nacionais e estrangeiras que, at\u00e9 25 de dezembro de 2017, tenham cumprido: (I &#8211; um quinto da pena, se n\u00e3o reincidentes, e um ter\u00e7o da pena, se reincidentes, nos crimes praticados sem grave amea\u00e7a ou viol\u00eancia a pessoa&#8221;).<\/p>\n<p>MOTIVO: Antes da posse de Temer na Presid\u00eancia, em 2016, a fra\u00e7\u00e3o para n\u00e3o reincidentes era de um ter\u00e7o da pena. Temer baixou para um quarto no ano passado e queria reduzir para um quinto em 2017.<\/p>\n<p>&#8220;O princ\u00edpio da proporcionalidade consubstanciado na proibi\u00e7\u00e3o de prote\u00e7\u00e3o deficiente parece afrontado pelos dispositivos impugnados na presente a\u00e7\u00e3o direta de inconstitucionalidade, porque d\u00e3o concretude \u00e0 situa\u00e7\u00e3o de impunidade, em especial aos denominados &#8216;crimes de colarinho branco'&#8221; [Trecho da decis\u00e3o de C\u00e1rmen L\u00facia].<\/p>\n<p>B) inc. I do \u00a71\u00ba do art. 2\u00ba<\/p>\n<p>&#8220;A redu\u00e7\u00e3o de que trata o caput ser\u00e1 de: (I &#8211; um sexto da pena, se n\u00e3o reincidente, e um quarto da pena, se reincidente, nas hip\u00f3teses previstas no inciso I do caput do art. 1\u00ba&#8221;).<\/p>\n<p>MOTIVO: O ponto estava vinculado ao item anterior<\/p>\n<p>C) Art. 8\u00ba<\/p>\n<p>&#8220;Art. 8\u00ba &#8211; Os requisitos para a concess\u00e3o do indulto natalino e da comuta\u00e7\u00e3o de pena de que trata este decreto s\u00e3o aplic\u00e1veis \u00e0 pessoa que:<\/p>\n<p>I &#8211; teve a pena privativa de liberdade substitu\u00edda por restritiva de direitos;<\/p>\n<p>II &#8211; esteja cumprindo a pena em regime aberto;<\/p>\n<p>(III &#8211; tenha sido beneficiada com a suspens\u00e3o condicional do processo;) ou<\/p>\n<p>IV &#8211; esteja em livramento condicional<\/p>\n<p>MOTIVO: &#8220;a inexist\u00eancia de ju\u00edzo de m\u00e9rito e\/ou forma\u00e7\u00e3o de culpa pelo Poder Judici\u00e1rio \u00e9 incompat\u00edvel com a antecipada extin\u00e7\u00e3o da punibilidade&#8221; [Trecho da decis\u00e3o de C\u00e1rmen L\u00facia]<\/p>\n<p>D) Art. 10\u00b0<\/p>\n<p>O indulto ou a comuta\u00e7\u00e3o de pena alcan\u00e7am a pena de multa aplicada cumulativamente, ainda que haja inadimpl\u00eancia ou inscri\u00e7\u00e3o de d\u00e9bitos na D\u00edvida Ativa da Uni\u00e3o, observados os valores estabelecidos em ato do Ministro de Estado da Fazenda.<\/p>\n<p>Par\u00e1grafo \u00fanico. O indulto ser\u00e1 concedido independentemente do pagamento:<\/p>\n<p>I &#8211; do valor multa, aplicada de forma isolada ou cumulativamente; ou<\/p>\n<p>II &#8211; do valor de condena\u00e7\u00e3o pecuni\u00e1ria de qualquer natureza&#8221;)MOTIVO: &#8220;pena pecuni\u00e1ria ou valor aplicado por outra causa, n\u00e3o provoca situa\u00e7\u00e3o de desumanidade ou digno de benignidade, por ser atua\u00e7\u00e3o judicial que beneficia a sociedade sem agravar, em demasia ou excessivo agravo, aquele que a tenha merecido por decis\u00e3o judicial que a tanto tenha chegado em raz\u00e3o dos il\u00edcitos julgados&#8221;. [Trecho da decis\u00e3o de C\u00e1rmen L\u00facia]<\/p>\n<p>E) Art. 11\u00b0<\/p>\n<p>O indulto natalino e a comuta\u00e7\u00e3o de pena de que trata este Decreto s\u00e3o cab\u00edveis, ainda que:<\/p>\n<p>I &#8211; a senten\u00e7a tenha transitado em julgado para a acusa\u00e7\u00e3o, sem preju\u00edzo do julgamento de recurso da defesa em inst\u00e2ncia superior;<\/p>\n<p>II &#8211; haja recurso da acusa\u00e7\u00e3o de qualquer natureza ap\u00f3s a aprecia\u00e7\u00e3o em segunda inst\u00e2ncia;<\/p>\n<p>III &#8211; a pessoa condenada responda a outro processo criminal sem decis\u00e3o condenat\u00f3ria em segunda inst\u00e2ncia, mesmo que tenha por objeto os crimes a que se refere o art. 3\u00ba; ou<\/p>\n<p>IV &#8211; a guia de recolhimento n\u00e3o tenha sido expedida)<\/p>\n<p>MOTIVO: C\u00e1rmen L\u00facia n\u00e3o detalhou o art. 11. Segundo a a\u00e7\u00e3o ajuizada pela PGR, o artigo &#8220;\u00e9 inconstitucional por violar, dentre outros, os princ\u00edpios da individualiza\u00e7\u00e3o da pena, da separa\u00e7\u00e3o dos poderes e da prote\u00e7\u00e3o jur\u00eddica suficiente dos bens jur\u00eddicos constitucionalmente tutelados&#8221;.<\/p>\n<p><strong>CARIRI EM A\u00c7\u00c3O<\/strong><\/p>\n<p><em>Com\u00a0<\/em>Folhapress\/<em>Foto:\u00a0<\/em>Jos\u00e9 Cruz\/Ag\u00eancia Brasil<\/p>\n<p><strong>Leia mais not\u00edcias em\u00a0<\/strong><a href=\"http:\/\/www.caririemacao.com\/\"><strong>caririemacao.com<\/strong><\/a><strong>, siga nossa p\u00e1gina no\u00a0<\/strong><a href=\"https:\/\/www.facebook.com\/CaririEmAcao\/?ref=aymt_homepage_panel\"><strong>Facebook<\/strong><\/a>,<strong>\u00a0<\/strong><a href=\"https:\/\/www.instagram.com\/cariri_em_acao\/?hl=pt-br\"><strong>Instagram<\/strong><\/a><strong>\u00a0e <\/strong><a href=\"https:\/\/www.youtube.com\/channel\/UCAptA0jQuYQy8vMhLt2m4qg\"><strong>Youtube<\/strong><\/a><strong>\u00a0e veja nossas mat\u00e9rias, v\u00eddeos e fotos. Voc\u00ea tamb\u00e9m pode enviar informa\u00e7\u00f5es \u00e0 Reda\u00e7\u00e3o do Portal Cariri em A\u00e7\u00e3o pelo WhatsApp (83) 9 9634.5791, (83) 9 9601-1162.<\/strong><\/p>\n","protected":false},"excerpt":{"rendered":"<p>A presidente do STF (Supremo Tribunal Federal), C\u00e1rmen L\u00facia, suspendeu trechos do indulto natalino do presidente Michel Temer na quinta-feira (28) porque o decreto pratica,&hellip; <\/p>\n","protected":false},"author":2,"featured_media":36085,"comment_status":"closed","ping_status":"closed","sticky":false,"template":"","format":"standard","meta":{"sfsi_plus_gutenberg_text_before_share":"","sfsi_plus_gutenberg_show_text_before_share":"","sfsi_plus_gutenberg_icon_type":"","sfsi_plus_gutenberg_icon_alignemt":"","sfsi_plus_gutenburg_max_per_row":"","footnotes":""},"categories":[2],"tags":[],"class_list":["post-36084","post","type-post","status-publish","format-standard","has-post-thumbnail","hentry","category-geral"],"_links":{"self":[{"href":"https:\/\/www.caririemacao.com\/1\/wp-json\/wp\/v2\/posts\/36084","targetHints":{"allow":["GET"]}}],"collection":[{"href":"https:\/\/www.caririemacao.com\/1\/wp-json\/wp\/v2\/posts"}],"about":[{"href":"https:\/\/www.caririemacao.com\/1\/wp-json\/wp\/v2\/types\/post"}],"author":[{"embeddable":true,"href":"https:\/\/www.caririemacao.com\/1\/wp-json\/wp\/v2\/users\/2"}],"replies":[{"embeddable":true,"href":"https:\/\/www.caririemacao.com\/1\/wp-json\/wp\/v2\/comments?post=36084"}],"version-history":[{"count":0,"href":"https:\/\/www.caririemacao.com\/1\/wp-json\/wp\/v2\/posts\/36084\/revisions"}],"wp:featuredmedia":[{"embeddable":true,"href":"https:\/\/www.caririemacao.com\/1\/wp-json\/wp\/v2\/media\/36085"}],"wp:attachment":[{"href":"https:\/\/www.caririemacao.com\/1\/wp-json\/wp\/v2\/media?parent=36084"}],"wp:term":[{"taxonomy":"category","embeddable":true,"href":"https:\/\/www.caririemacao.com\/1\/wp-json\/wp\/v2\/categories?post=36084"},{"taxonomy":"post_tag","embeddable":true,"href":"https:\/\/www.caririemacao.com\/1\/wp-json\/wp\/v2\/tags?post=36084"}],"curies":[{"name":"wp","href":"https:\/\/api.w.org\/{rel}","templated":true}]}}