{"id":36090,"date":"2017-12-30T13:41:11","date_gmt":"2017-12-30T16:41:11","guid":{"rendered":"http:\/\/caririemacao.com\/1\/?p=36090"},"modified":"2017-12-30T13:41:11","modified_gmt":"2017-12-30T16:41:11","slug":"corinthians-fecha-com-henrique-e-fica-mais-perto-de-danilo-avelar","status":"publish","type":"post","link":"https:\/\/www.caririemacao.com\/1\/2017\/12\/30\/corinthians-fecha-com-henrique-e-fica-mais-perto-de-danilo-avelar\/","title":{"rendered":"Corinthians fecha com Henrique e fica mais perto de Danilo Avelar"},"content":{"rendered":"<p>A diretoria do Corinthians trabalha para entregar o elenco praticamente fechado j\u00e1 na reapresenta\u00e7\u00e3o do elenco, marcada para a pr\u00f3xima quarta-feira, dia 3 de janeiro. O clube acertou a contrata\u00e7\u00e3o do zagueiro Henrique, que nesta semana foi inclu\u00eddo em uma lista de dispensa do Fluminense. Chegou-se a um acordo salarial com o defensor, quest\u00e3o antes considerada um entrave, e o Tim\u00e3o aguarda apenas a oficializa\u00e7\u00e3o da sa\u00edda dele do Flu para anunci\u00e1-lo como refor\u00e7o. Deve assinar por tr\u00eas temporadas.<\/p>\n<p>Com 31 anos, Henrique foi uma indica\u00e7\u00e3o do t\u00e9cnico F\u00e1bio Carille e chega para suprir a aus\u00eancia de Pablo, que acertou renova\u00e7\u00e3o contratual. A contrata\u00e7\u00e3o do zagueiro, no entanto, n\u00e3o inviabiliza a busca por outro defensor, como estava nos planos da comiss\u00e3o t\u00e9cnica.<\/p>\n<p>A dispensa de Henrique do Fluminense, que vive delicada situa\u00e7\u00e3o financeira, foi determinante para o Corinthians acertar a contrata\u00e7\u00e3o. Isso porque o clube precisou apenas se acertar com o zagueiro, detentor de altos vencimentos no clube carioca. Sem precisar pagar pela transfer\u00eancia, a diretoria se viu com caminho livre para atender o desejo de Carille.<\/p>\n<p>Tamb\u00e9m neste fim de semana, os dirigentes corintianos esperam definir a contrata\u00e7\u00e3o do lateral-esquerdo Danilo Avelar, de 28 anos, que est\u00e1 emprestado pelo Torino (ITA) ao Amiens (FRA). O jogador est\u00e1 com sua fam\u00edlia na Fran\u00e7a para tentar a libera\u00e7\u00e3o de seu clube e o aceno \u00e9 positivo. A tend\u00eancia \u00e9 que ele acerte um empr\u00e9stimo v\u00e1lido por um ano e seja o substituto de Guilherme Arana, vendido ao Sevilla (ESP).<\/p>\n<p>Com esses dois refor\u00e7os, a c\u00fapula entende que boa parte dos problemas para a montagem do elenco estar\u00e1 resolvida. O foco principal passar\u00e1 a ser a busca por um centroavante para substituir J\u00f4, de sa\u00edda para o Jap\u00e3o. Tr\u00e9llez \u00e9 um alvo, mas a negocia\u00e7\u00e3o com o Vit\u00f3ria est\u00e1 travada. O clube ainda negocia com o lateral-esquerdo Juninho Capixaba, do Bahia, e sonha com o meia Gustavo Scarpa, tamb\u00e9m do Fluminense. J\u00e1 anunciou o atacante J\u00fanior Dutra e tem tudo certo com o volante Ren\u00ea J\u00fanior. No caso, s\u00e3o alvos para todas as posi\u00e7\u00f5es de linha.<\/p>\n<p><strong>CARIRI EM A\u00c7\u00c3O<\/strong><\/p>\n<p><em>Com LANCE\/Foto: Reprodu\u00e7\u00e3o google<\/em><\/p>\n<p><strong>Leia mais not\u00edcias em\u00a0<\/strong><a href=\"http:\/\/www.caririemacao.com\/\"><strong>caririemacao.com<\/strong><\/a><strong>, siga nossa p\u00e1gina no\u00a0<\/strong><a href=\"https:\/\/www.facebook.com\/CaririEmAcao\/?ref=aymt_homepage_panel\"><strong>Facebook<\/strong><\/a>,<strong>\u00a0<\/strong><a href=\"https:\/\/www.instagram.com\/cariri_em_acao\/?hl=pt-br\"><strong>Instagram<\/strong><\/a><strong>\u00a0e <\/strong><a href=\"https:\/\/www.youtube.com\/channel\/UCAptA0jQuYQy8vMhLt2m4qg\"><strong>Youtube<\/strong><\/a><strong>\u00a0e veja nossas mat\u00e9rias, v\u00eddeos e fotos. Voc\u00ea tamb\u00e9m pode enviar informa\u00e7\u00f5es \u00e0 Reda\u00e7\u00e3o do Portal Cariri em A\u00e7\u00e3o pelo WhatsApp (83) 9 9634.5791, (83) 9 9601-1162.<\/strong><\/p>\n","protected":false},"excerpt":{"rendered":"<p>A diretoria do Corinthians trabalha para entregar o elenco praticamente fechado j\u00e1 na reapresenta\u00e7\u00e3o do elenco, marcada para a pr\u00f3xima quarta-feira, dia 3 de janeiro.&hellip; <\/p>\n","protected":false},"author":2,"featured_media":36091,"comment_status":"closed","ping_status":"closed","sticky":false,"template":"","format":"standard","meta":{"sfsi_plus_gutenberg_text_before_share":"","sfsi_plus_gutenberg_show_text_before_share":"","sfsi_plus_gutenberg_icon_type":"","sfsi_plus_gutenberg_icon_alignemt":"","sfsi_plus_gutenburg_max_per_row":"","footnotes":""},"categories":[13],"tags":[],"class_list":["post-36090","post","type-post","status-publish","format-standard","has-post-thumbnail","hentry","category-esportes"],"_links":{"self":[{"href":"https:\/\/www.caririemacao.com\/1\/wp-json\/wp\/v2\/posts\/36090","targetHints":{"allow":["GET"]}}],"collection":[{"href":"https:\/\/www.caririemacao.com\/1\/wp-json\/wp\/v2\/posts"}],"about":[{"href":"https:\/\/www.caririemacao.com\/1\/wp-json\/wp\/v2\/types\/post"}],"author":[{"embeddable":true,"href":"https:\/\/www.caririemacao.com\/1\/wp-json\/wp\/v2\/users\/2"}],"replies":[{"embeddable":true,"href":"https:\/\/www.caririemacao.com\/1\/wp-json\/wp\/v2\/comments?post=36090"}],"version-history":[{"count":0,"href":"https:\/\/www.caririemacao.com\/1\/wp-json\/wp\/v2\/posts\/36090\/revisions"}],"wp:featuredmedia":[{"embeddable":true,"href":"https:\/\/www.caririemacao.com\/1\/wp-json\/wp\/v2\/media\/36091"}],"wp:attachment":[{"href":"https:\/\/www.caririemacao.com\/1\/wp-json\/wp\/v2\/media?parent=36090"}],"wp:term":[{"taxonomy":"category","embeddable":true,"href":"https:\/\/www.caririemacao.com\/1\/wp-json\/wp\/v2\/categories?post=36090"},{"taxonomy":"post_tag","embeddable":true,"href":"https:\/\/www.caririemacao.com\/1\/wp-json\/wp\/v2\/tags?post=36090"}],"curies":[{"name":"wp","href":"https:\/\/api.w.org\/{rel}","templated":true}]}}