{"id":36093,"date":"2017-12-30T13:45:26","date_gmt":"2017-12-30T16:45:26","guid":{"rendered":"http:\/\/caririemacao.com\/1\/?p=36093"},"modified":"2017-12-30T13:45:26","modified_gmt":"2017-12-30T16:45:26","slug":"em-seu-retorno-franck-caldeira-mira-top-10-da-93a-corrida-de-sao-silvestre","status":"publish","type":"post","link":"https:\/\/www.caririemacao.com\/1\/2017\/12\/30\/em-seu-retorno-franck-caldeira-mira-top-10-da-93a-corrida-de-sao-silvestre\/","title":{"rendered":"Em seu retorno, Franck Caldeira mira top 10 da 93\u00aa Corrida de S\u00e3o Silvestre"},"content":{"rendered":"<p class=\"selectionShareable\">A 93\u00aa edi\u00e7\u00e3o da Corrida Internacional de S\u00e3o Silvestre acontece neste domingo, dia 31 de dezembro, na capital de S\u00e3o Paulo, e ter\u00e1 uma presen\u00e7a muito especial. Campe\u00e3o em 2006, o mineiro Franck Caldeira retorna \u00e0 corrida ap\u00f3s sete anos de aus\u00eancia na maior prova de rua da Am\u00e9rica Latina. Em evento realizado na \u00faltima sexta-feira, Franck contou qual seu objetivo na corrida.<\/p>\n<p class=\"selectionShareable\">\u201cAt\u00e9 cruzar a linha me deixaria contente, sem abandonar. Por\u00e9m, sou mais ousado. Quero fazer uma prova inteligente de in\u00edcio, para ter uma parte r\u00e1pida e crescer em uma segunda metade. Quero estar entre os 10 primeiros colocados, o que vier para mim \u00e9 lucro\u2019, disse Caldeira em entrevista.<\/p>\n<p class=\"selectionShareable\">Vencedor da edi\u00e7\u00e3o de 2006, Caldeira terminou o trajeto realizado em S\u00e3o Paulo em 44min06s, um dos tempos mais baixos feito por um campe\u00e3o do percurso de 15 km. A aus\u00eancia de Franck na tradicional prova se deu por conta do foco do fundista em maratonas durante os \u00faltimos dois ciclos ol\u00edmpicos (Londres 2012 e Rio de Janeiro 2016).<\/p>\n<p class=\"selectionShareable\">Uma les\u00e3o nas costas interrompeu as atividades de Franck neste ano, mas o experiente atleta se recuperou em agosto, e disse estar bem para a disputa da S\u00e3o Silvestre.<\/p>\n<p class=\"selectionShareable\">\u201cDe 0 a 100, estou 70%. Meu t\u00e9cnico, meus patrocinadores, meus apoiadores, meu clube, todos sabem o que vou fazer no domingo.Estar 70% \u00e9 o ideal para um desempenho bom nas ruas de S\u00e3o Paulo\u201d, contou o mineiro.<\/p>\n<p class=\"selectionShareable\">Um dos atletas mais experientes da 93\u00aa edi\u00e7\u00e3o da prova internacional, Franck Caldeira elogiou os africanos que ir\u00e3o disputar o t\u00edtulo da competi\u00e7\u00e3o, assim como teceu elogios a Giovani dos Santos, heptacampe\u00e3o da Volta da Pampulha e quarto colocado na SS do \u00faltimo ano.<\/p>\n<p class=\"selectionShareable\">\u201cEu sou muito realista quando se fala da performance dos africanos. S\u00e3o m\u00e1quinas de correr. Ponto final. N\u00e3o preciso dizer mais nada. N\u00f3s temos que dar valor ao Giovani. Ele tem sido o atleta brasileiro que mais tem alcan\u00e7ado p\u00f3dios no Brasil. Ele conhece, sabe os caminhos da S\u00e3o Silvestre\u201d, disse.<\/p>\n<div class=\"gallery-container\">\n<div class=\"gallery-inside \">\n<div class=\"fotorama--hidden\">Medalhista de ouro na maratona nos Jogos Pan-Americanos de 2007, no Rio de Janeiro, Franck \u00e9 um dos principais nomes do atletismo nacional. Apesar das conquistas e de ser um espelho para os atletas mais jovens, o mineiro mant\u00e9m a humildade quando questionado sobre seu papel na S\u00e3o Silvestre.<\/p>\n<p class=\"selectionShareable\">\u201cVoc\u00ea tem dois tipos de atleta: um campe\u00e3o e um colecionador de t\u00edtulos. Um campe\u00e3o voc\u00ea n\u00e3o faz do dia para a noite, mas um colecionador de t\u00edtulos voc\u00ea faz. Por\u00e9m, ele pode fazer muita besteira e n\u00e3o ser querido pelo p\u00fablico. Sou campe\u00e3o. Todo campe\u00e3o \u00e9 querido e \u00e9 um espelho. O meu papel hoje \u00e9 social\u201d, afirmou Caldeira.<\/p>\n<p class=\"selectionShareable\">O mineiro tamb\u00e9m lembrou de quando participou da edi\u00e7\u00e3o da corrida voltada aos jovens, a S\u00e3o Silvestrinha. Em 1997, ent\u00e3o com 14 anos, Franck passou a ser conhecido no cen\u00e1rio nacional ao vencer sua categoria.<\/p>\n<p class=\"selectionShareable\">\u201cCorri a S\u00e3o Silvestrinha e venci a minha categoria. N\u00e3o h\u00e1 como vencer a S\u00e3o Silvestre sem antes passar pela S\u00e3o Silvestrinha.\u00a0Tem uma galera de 12, 15 anos que voc\u00ea j\u00e1 consegue identificar o garoto que tem vontade, perfil de atleta, de campe\u00e3o. Esporte \u00e9 isso, \u00e9 sa\u00fade, intera\u00e7\u00e3o. S\u00e3o Silvestrinha \u00e9 uma prova incr\u00edvel. Foi super importante\u201d, finalizou.<\/p>\n<p class=\"selectionShareable\">A largada da elite masculina na 93\u00aa edi\u00e7\u00e3o da Corrida Internacional de S\u00e3o Silvestre acontece \u00e0s 9h00 (de Bras\u00edlia), neste domingo, dia 31 de dezembro. Os atletas saem da Avenida Paulista, na altura da Rua Augusta, e cruzam a linha de chegada posicionada em frente a Funda\u00e7\u00e3o C\u00e1sper L\u00edbero, tamb\u00e9m na Avenida Paulista.<\/p>\n<p><strong>CARIRI EM A\u00c7\u00c3O<\/strong><\/p>\n<p><em>Com\u00a0Gazeta Esportiva\/Foto: Djalma Vass\u00e3o\/Gazeta Press<\/em><\/p>\n<p><strong>Leia mais not\u00edcias em\u00a0<\/strong><a href=\"http:\/\/www.caririemacao.com\/\"><strong>caririemacao.com<\/strong><\/a><strong>, siga nossa p\u00e1gina no\u00a0<\/strong><a href=\"https:\/\/www.facebook.com\/CaririEmAcao\/?ref=aymt_homepage_panel\"><strong>Facebook<\/strong><\/a>,<strong>\u00a0<\/strong><a href=\"https:\/\/www.instagram.com\/cariri_em_acao\/?hl=pt-br\"><strong>Instagram<\/strong><\/a><strong>\u00a0e <\/strong><a href=\"https:\/\/www.youtube.com\/channel\/UCAptA0jQuYQy8vMhLt2m4qg\"><strong>Youtube<\/strong><\/a><strong>\u00a0e veja nossas mat\u00e9rias, v\u00eddeos e fotos. Voc\u00ea tamb\u00e9m pode enviar informa\u00e7\u00f5es \u00e0 Reda\u00e7\u00e3o do Portal Cariri em A\u00e7\u00e3o pelo WhatsApp (83) 9 9634.5791, (83) 9 9601-1162.<\/strong><\/p>\n<\/div>\n<\/div>\n<\/div>\n","protected":false},"excerpt":{"rendered":"<p>A 93\u00aa edi\u00e7\u00e3o da Corrida Internacional de S\u00e3o Silvestre acontece neste domingo, dia 31 de dezembro, na capital de S\u00e3o Paulo, e ter\u00e1 uma presen\u00e7a&hellip; <\/p>\n","protected":false},"author":2,"featured_media":36094,"comment_status":"closed","ping_status":"closed","sticky":false,"template":"","format":"standard","meta":{"sfsi_plus_gutenberg_text_before_share":"","sfsi_plus_gutenberg_show_text_before_share":"","sfsi_plus_gutenberg_icon_type":"","sfsi_plus_gutenberg_icon_alignemt":"","sfsi_plus_gutenburg_max_per_row":"","footnotes":""},"categories":[13],"tags":[],"class_list":["post-36093","post","type-post","status-publish","format-standard","has-post-thumbnail","hentry","category-esportes"],"_links":{"self":[{"href":"https:\/\/www.caririemacao.com\/1\/wp-json\/wp\/v2\/posts\/36093","targetHints":{"allow":["GET"]}}],"collection":[{"href":"https:\/\/www.caririemacao.com\/1\/wp-json\/wp\/v2\/posts"}],"about":[{"href":"https:\/\/www.caririemacao.com\/1\/wp-json\/wp\/v2\/types\/post"}],"author":[{"embeddable":true,"href":"https:\/\/www.caririemacao.com\/1\/wp-json\/wp\/v2\/users\/2"}],"replies":[{"embeddable":true,"href":"https:\/\/www.caririemacao.com\/1\/wp-json\/wp\/v2\/comments?post=36093"}],"version-history":[{"count":0,"href":"https:\/\/www.caririemacao.com\/1\/wp-json\/wp\/v2\/posts\/36093\/revisions"}],"wp:featuredmedia":[{"embeddable":true,"href":"https:\/\/www.caririemacao.com\/1\/wp-json\/wp\/v2\/media\/36094"}],"wp:attachment":[{"href":"https:\/\/www.caririemacao.com\/1\/wp-json\/wp\/v2\/media?parent=36093"}],"wp:term":[{"taxonomy":"category","embeddable":true,"href":"https:\/\/www.caririemacao.com\/1\/wp-json\/wp\/v2\/categories?post=36093"},{"taxonomy":"post_tag","embeddable":true,"href":"https:\/\/www.caririemacao.com\/1\/wp-json\/wp\/v2\/tags?post=36093"}],"curies":[{"name":"wp","href":"https:\/\/api.w.org\/{rel}","templated":true}]}}