{"id":36096,"date":"2017-12-30T13:48:30","date_gmt":"2017-12-30T16:48:30","guid":{"rendered":"http:\/\/caririemacao.com\/1\/?p=36096"},"modified":"2017-12-30T13:48:30","modified_gmt":"2017-12-30T16:48:30","slug":"discussoes-sobre-o-ensino-medio-em-2017-flexibilizacao-da-grade-com-a-reforma-e-mudancas-no-enem","status":"publish","type":"post","link":"https:\/\/www.caririemacao.com\/1\/2017\/12\/30\/discussoes-sobre-o-ensino-medio-em-2017-flexibilizacao-da-grade-com-a-reforma-e-mudancas-no-enem\/","title":{"rendered":"Discuss\u00f5es sobre o ensino m\u00e9dio em 2017: flexibiliza\u00e7\u00e3o da grade com a reforma e mudan\u00e7as no Enem"},"content":{"rendered":"<p>O ano de 2017 foi marcante para estudantes: reforma do ensino m\u00e9dio, mudan\u00e7as no Exame Nacional do Ensino M\u00e9dio (Enem), nova Base Nacional Curricular e muitos desafios. A aprova\u00e7\u00e3o da reforma do ensino m\u00e9dio trouxe grandes mudan\u00e7as, como a permiss\u00e3o para que profissionais com not\u00f3rio saber, mas sem forma\u00e7\u00e3o acad\u00eamica espec\u00edfica, possam dar aulas no ensino t\u00e9cnico e profissional e a amplia\u00e7\u00e3o progressiva da carga hor\u00e1ria.<\/p>\n<p>O projeto prev\u00ea, ainda, que os alunos escolham a \u00e1rea na qual v\u00e3o se aprofundar j\u00e1 no in\u00edcio do ensino m\u00e9dio, tendo como op\u00e7\u00e3o iniciar o curso t\u00e9cnico. Mas as medidas n\u00e3o agradaram a todos. Na \u00e9poca, o presidente Michel Temer admitiu a pol\u00eamica, mas considerou positivo o resultado final.<\/p>\n<p>Sonora: \u201cN\u00f3s temos mandado propostas que t\u00eam tido muita pol\u00eamica e uma saud\u00e1vel pol\u00eamica, porque n\u00f3s vivemos num Estado Democr\u00e1tico e, num Estado Democr\u00e1tico, o que mais se deve fazer \u00e9 polemizar, porque a pol\u00eamica cr\u00edtica, portanto, gera aperfei\u00e7oamento. Certa e seguramente algumas modifica\u00e7\u00f5es que foram feitas pelo Congresso Nacional tamb\u00e9m nasceram da pr\u00f3pria sociedade.\u201d<\/p>\n<p>Mesmo assim, a proposta recebeu cr\u00edticas do coordenador-geral da Campanha Nacional pelo Direito \u00e0 Educa\u00e7\u00e3o, Daniel Cara.<\/p>\n<p>Sonora: \u201cA reforma do ensino m\u00e9dio aconteceu de forma aligeirada. Ningu\u00e9m tem d\u00favida de que \u00e9 necess\u00e1rio reformar o ensino m\u00e9dio. O problema dessa reforma do ensino m\u00e9dio \u00e9 que ela volta a cindir a sociedade brasileira entre aqueles t\u00eam o ensino proped\u00eautico, que v\u00e3o ser os propriet\u00e1rios da sociedade, que v\u00e3o ser as lideran\u00e7as da sociedade, e \u00e0quelas pessoas que v\u00e3o ter uma forma\u00e7\u00e3o para o mercado de trabalho aligeirada e de baixa qualidade.<\/p>\n<p>Outra pol\u00eamica foi parar no Supremo Tribunal Federal. O STF autorizou o ensino religioso confessional como disciplina optativa em escolas p\u00fablicas. O Enem tamb\u00e9m sofreu mudan\u00e7as este ano. O exame passou a ser feito em domingos consecutivos, deixou de certificar a conclus\u00e3o do ensino m\u00e9dio e de produzir um ranking entre as escolas do pa\u00eds. Tamb\u00e9m ficou mais acess\u00edvel e passou a oferecer provas com v\u00eddeo-tradu\u00e7\u00e3o para estudantes surdos.<\/p>\n<p>Mas a pol\u00eamica sobre os crit\u00e9rios de corre\u00e7\u00e3o da reda\u00e7\u00e3o, que previa zerar a nota de quem violasse os direitos humanos, deu o que falar. A ministra do STF, C\u00e1rmen L\u00facia, julgou a\u00e7\u00e3o da Associa\u00e7\u00e3o Escola sem Partido e definiu que este n\u00e3o poderia ser crit\u00e9rio para zerar a nota de reda\u00e7\u00e3o do exame.<\/p>\n<p><strong>CARIRI EM A\u00c7\u00c3O<\/strong><\/p>\n<p><em>Com EBC\/Foto: Reprodu\u00e7\u00e3o google<\/em><\/p>\n<p><strong>Leia mais not\u00edcias em\u00a0<\/strong><a href=\"http:\/\/www.caririemacao.com\/\"><strong>caririemacao.com<\/strong><\/a><strong>, siga nossa p\u00e1gina no\u00a0<\/strong><a href=\"https:\/\/www.facebook.com\/CaririEmAcao\/?ref=aymt_homepage_panel\"><strong>Facebook<\/strong><\/a>,<strong>\u00a0<\/strong><a href=\"https:\/\/www.instagram.com\/cariri_em_acao\/?hl=pt-br\"><strong>Instagram<\/strong><\/a><strong>\u00a0e <\/strong><a href=\"https:\/\/www.youtube.com\/channel\/UCAptA0jQuYQy8vMhLt2m4qg\"><strong>Youtube<\/strong><\/a><strong>\u00a0e veja nossas mat\u00e9rias, v\u00eddeos e fotos. Voc\u00ea tamb\u00e9m pode enviar informa\u00e7\u00f5es \u00e0 Reda\u00e7\u00e3o do Portal Cariri em A\u00e7\u00e3o pelo WhatsApp (83) 9 9634.5791, (83) 9 9601-1162.<\/strong><\/p>\n","protected":false},"excerpt":{"rendered":"<p>O ano de 2017 foi marcante para estudantes: reforma do ensino m\u00e9dio, mudan\u00e7as no Exame Nacional do Ensino M\u00e9dio (Enem), nova Base Nacional Curricular e&hellip; <\/p>\n","protected":false},"author":2,"featured_media":6260,"comment_status":"closed","ping_status":"closed","sticky":false,"template":"","format":"standard","meta":{"sfsi_plus_gutenberg_text_before_share":"","sfsi_plus_gutenberg_show_text_before_share":"","sfsi_plus_gutenberg_icon_type":"","sfsi_plus_gutenberg_icon_alignemt":"","sfsi_plus_gutenburg_max_per_row":"","footnotes":""},"categories":[14],"tags":[],"class_list":["post-36096","post","type-post","status-publish","format-standard","has-post-thumbnail","hentry","category-educacao"],"_links":{"self":[{"href":"https:\/\/www.caririemacao.com\/1\/wp-json\/wp\/v2\/posts\/36096","targetHints":{"allow":["GET"]}}],"collection":[{"href":"https:\/\/www.caririemacao.com\/1\/wp-json\/wp\/v2\/posts"}],"about":[{"href":"https:\/\/www.caririemacao.com\/1\/wp-json\/wp\/v2\/types\/post"}],"author":[{"embeddable":true,"href":"https:\/\/www.caririemacao.com\/1\/wp-json\/wp\/v2\/users\/2"}],"replies":[{"embeddable":true,"href":"https:\/\/www.caririemacao.com\/1\/wp-json\/wp\/v2\/comments?post=36096"}],"version-history":[{"count":0,"href":"https:\/\/www.caririemacao.com\/1\/wp-json\/wp\/v2\/posts\/36096\/revisions"}],"wp:featuredmedia":[{"embeddable":true,"href":"https:\/\/www.caririemacao.com\/1\/wp-json\/wp\/v2\/media\/6260"}],"wp:attachment":[{"href":"https:\/\/www.caririemacao.com\/1\/wp-json\/wp\/v2\/media?parent=36096"}],"wp:term":[{"taxonomy":"category","embeddable":true,"href":"https:\/\/www.caririemacao.com\/1\/wp-json\/wp\/v2\/categories?post=36096"},{"taxonomy":"post_tag","embeddable":true,"href":"https:\/\/www.caririemacao.com\/1\/wp-json\/wp\/v2\/tags?post=36096"}],"curies":[{"name":"wp","href":"https:\/\/api.w.org\/{rel}","templated":true}]}}