{"id":36114,"date":"2017-12-31T13:50:59","date_gmt":"2017-12-31T16:50:59","guid":{"rendered":"http:\/\/caririemacao.com\/1\/?p=36114"},"modified":"2017-12-31T13:51:45","modified_gmt":"2017-12-31T16:51:45","slug":"efraim-filho-acha-dificil-a-aprovacao-da-reforma-previdenciaria-durante-2018","status":"publish","type":"post","link":"https:\/\/www.caririemacao.com\/1\/2017\/12\/31\/efraim-filho-acha-dificil-a-aprovacao-da-reforma-previdenciaria-durante-2018\/","title":{"rendered":"Efraim Filho acha dif\u00edcil a aprova\u00e7\u00e3o da Reforma Previdenci\u00e1ria durante 2018"},"content":{"rendered":"<p>O deputado federal Efraim Filho, lider do DEM na C\u00e2mara Federal, revelou em entrevista no programa &#8220;Tamba\u00fa Debate&#8221;, da TV Tamba\u00fa, que projeta como muito dificil a possibilidade de aprova\u00e7\u00e3o da Reforma Previdenci\u00e1ria no proximo ano, como pretende o Governo Temer.<\/p>\n<p>&#8220;Acho muito dificil disto acontecer porque precisa de 308 votos e a cada dia esta condi\u00e7\u00e3o fica sem condi\u00e7\u00f5es&#8221;, declarou.<\/p>\n<p>Efraim Filho explicou que a popula\u00e7\u00e3o reage \u00e0 reforma sem um debate mais aprofundado para explicar a necessidade do fim de privil\u00e9gios, como acontece para juiz, promotor, deputado e senador.<\/p>\n<p><strong>CARIRI EM A\u00c7\u00c3O<\/strong><\/p>\n<p><em>Com Wscom \/Foto: Reprodu\u00e7\u00e3o google<\/em><\/p>\n<p><strong>Leia mais not\u00edcias em\u00a0<\/strong><a href=\"http:\/\/www.caririemacao.com\/\"><strong>caririemacao.com<\/strong><\/a><strong>, siga nossa p\u00e1gina no\u00a0<\/strong><a href=\"https:\/\/www.facebook.com\/CaririEmAcao\/?ref=aymt_homepage_panel\"><strong>Facebook<\/strong><\/a>,<strong>\u00a0<\/strong><a href=\"https:\/\/www.instagram.com\/cariri_em_acao\/?hl=pt-br\"><strong>Instagram<\/strong><\/a><strong>\u00a0e <\/strong><a href=\"https:\/\/www.youtube.com\/channel\/UCAptA0jQuYQy8vMhLt2m4qg\"><strong>Youtube<\/strong><\/a><strong>\u00a0e veja nossas mat\u00e9rias, v\u00eddeos e fotos. Voc\u00ea tamb\u00e9m pode enviar informa\u00e7\u00f5es \u00e0 Reda\u00e7\u00e3o do Portal Cariri em A\u00e7\u00e3o pelo WhatsApp (83) 9 9634.5791, (83) 9 9601-1162.<\/strong><\/p>\n","protected":false},"excerpt":{"rendered":"<p>O deputado federal Efraim Filho, lider do DEM na C\u00e2mara Federal, revelou em entrevista no programa &#8220;Tamba\u00fa Debate&#8221;, da TV Tamba\u00fa, que projeta como muito&hellip; <\/p>\n","protected":false},"author":2,"featured_media":24124,"comment_status":"closed","ping_status":"closed","sticky":false,"template":"","format":"standard","meta":{"sfsi_plus_gutenberg_text_before_share":"","sfsi_plus_gutenberg_show_text_before_share":"","sfsi_plus_gutenberg_icon_type":"","sfsi_plus_gutenberg_icon_alignemt":"","sfsi_plus_gutenburg_max_per_row":"","footnotes":""},"categories":[11],"tags":[],"class_list":["post-36114","post","type-post","status-publish","format-standard","has-post-thumbnail","hentry","category-politica"],"_links":{"self":[{"href":"https:\/\/www.caririemacao.com\/1\/wp-json\/wp\/v2\/posts\/36114","targetHints":{"allow":["GET"]}}],"collection":[{"href":"https:\/\/www.caririemacao.com\/1\/wp-json\/wp\/v2\/posts"}],"about":[{"href":"https:\/\/www.caririemacao.com\/1\/wp-json\/wp\/v2\/types\/post"}],"author":[{"embeddable":true,"href":"https:\/\/www.caririemacao.com\/1\/wp-json\/wp\/v2\/users\/2"}],"replies":[{"embeddable":true,"href":"https:\/\/www.caririemacao.com\/1\/wp-json\/wp\/v2\/comments?post=36114"}],"version-history":[{"count":0,"href":"https:\/\/www.caririemacao.com\/1\/wp-json\/wp\/v2\/posts\/36114\/revisions"}],"wp:featuredmedia":[{"embeddable":true,"href":"https:\/\/www.caririemacao.com\/1\/wp-json\/wp\/v2\/media\/24124"}],"wp:attachment":[{"href":"https:\/\/www.caririemacao.com\/1\/wp-json\/wp\/v2\/media?parent=36114"}],"wp:term":[{"taxonomy":"category","embeddable":true,"href":"https:\/\/www.caririemacao.com\/1\/wp-json\/wp\/v2\/categories?post=36114"},{"taxonomy":"post_tag","embeddable":true,"href":"https:\/\/www.caririemacao.com\/1\/wp-json\/wp\/v2\/tags?post=36114"}],"curies":[{"name":"wp","href":"https:\/\/api.w.org\/{rel}","templated":true}]}}