{"id":36116,"date":"2017-12-31T14:01:07","date_gmt":"2017-12-31T17:01:07","guid":{"rendered":"http:\/\/caririemacao.com\/1\/?p=36116"},"modified":"2017-12-31T14:02:25","modified_gmt":"2017-12-31T17:02:25","slug":"ricardo-revela-que-sua-permanencia-no-cargo-ajudara-joao-azevedo-a-se-eleger-manterei-estado-ajustado","status":"publish","type":"post","link":"https:\/\/www.caririemacao.com\/1\/2017\/12\/31\/ricardo-revela-que-sua-permanencia-no-cargo-ajudara-joao-azevedo-a-se-eleger-manterei-estado-ajustado\/","title":{"rendered":"Ricardo revela que sua perman\u00eancia no cargo ajudar\u00e1 Jo\u00e3o Azev\u00eado a se eleger: &#8216;manterei Estado ajustado&#8217;"},"content":{"rendered":"<div>O governador Ricardo Coutinho (PSB) revelou que um dos seus motivos para continuar no cargo at\u00e9 o final do mandato, em dezembro de 2018, \u00e9 ajudar o seu pr\u00e9-candidato, o secret\u00e1rio Jo\u00e3o Azev\u00eado, a se eleger nas elei\u00e7\u00f5es de outubro pr\u00f3ximo.<\/div>\n<div><\/div>\n<div>\u201cO que mais ajudar\u00e1 ele \u00e9 porque eu estarei aqui mantendo o Estado ajustado, \u00e9 preciso dar continuidade a esse grande projeto para a Para\u00edba. Eu falei que faria quarenta anos em quatro e, na verdade, fizemos muito mais do que isso\u201d, declarou.<\/div>\n<div><\/div>\n<div>Em entrevista transmitida no seu perfil oficial no Instagram, Coutinho afirmou que o seu objetivo nunca foi conquistar cargos p\u00fablicos e afirmou que todas as suas energias neste momento est\u00e3o voltadas para dar continuidade aos seus planos tra\u00e7ados para o estado.<\/div>\n<div><\/div>\n<div>\u201cJ\u00e1 tive muito mais do que imaginei, j\u00e1 fui prefeito, governador, sei a dor e a del\u00edcia, eu sei como eu me sinto feliz por ter promovido tanta coisa. Eu percebo que ficando como governador, eu teria uma condi\u00e7\u00e3o importante de garantir as pol\u00edticas p\u00fablicas e apoiar o meu candidato\u201d, disse.<\/div>\n<div><\/div>\n<div>Ricardo continuou: \u201cJo\u00e3o \u00e9 um homem que n\u00e3o tem conversa fiada, que n\u00e3o fala do que n\u00e3o sabe, mas entende como ningu\u00e9m a administra\u00e7\u00e3o p\u00fablica. A Para\u00edba n\u00e3o precisa de aventureiros, de quem est\u00e1 babando para pegar o poder\u201d.<\/div>\n<p><strong>CARIRI EM A\u00c7\u00c3O<\/strong><\/p>\n<p><em>Com paraiba.com.br\/Foto: Cariri em A\u00e7\u00e3o\u00a0<\/em><\/p>\n<p><strong>Leia mais not\u00edcias em\u00a0<\/strong><a href=\"http:\/\/www.caririemacao.com\/\"><strong>caririemacao.com<\/strong><\/a><strong>, siga nossa p\u00e1gina no\u00a0<\/strong><a href=\"https:\/\/www.facebook.com\/CaririEmAcao\/?ref=aymt_homepage_panel\"><strong>Facebook<\/strong><\/a>,<strong>\u00a0<\/strong><a href=\"https:\/\/www.instagram.com\/cariri_em_acao\/?hl=pt-br\"><strong>Instagram<\/strong><\/a><strong>\u00a0e <\/strong><a href=\"https:\/\/www.youtube.com\/channel\/UCAptA0jQuYQy8vMhLt2m4qg\"><strong>Youtube<\/strong><\/a><strong>\u00a0e veja nossas mat\u00e9rias, v\u00eddeos e fotos. Voc\u00ea tamb\u00e9m pode enviar informa\u00e7\u00f5es \u00e0 Reda\u00e7\u00e3o do Portal Cariri em A\u00e7\u00e3o pelo WhatsApp (83) 9 9634.5791, (83) 9 9601-1162.<\/strong><\/p>\n","protected":false},"excerpt":{"rendered":"<p>O governador Ricardo Coutinho (PSB) revelou que um dos seus motivos para continuar no cargo at\u00e9 o final do mandato, em dezembro de 2018, \u00e9&hellip; <\/p>\n","protected":false},"author":2,"featured_media":36117,"comment_status":"closed","ping_status":"closed","sticky":false,"template":"","format":"standard","meta":{"sfsi_plus_gutenberg_text_before_share":"","sfsi_plus_gutenberg_show_text_before_share":"","sfsi_plus_gutenberg_icon_type":"","sfsi_plus_gutenberg_icon_alignemt":"","sfsi_plus_gutenburg_max_per_row":"","footnotes":""},"categories":[11],"tags":[],"class_list":["post-36116","post","type-post","status-publish","format-standard","has-post-thumbnail","hentry","category-politica"],"_links":{"self":[{"href":"https:\/\/www.caririemacao.com\/1\/wp-json\/wp\/v2\/posts\/36116","targetHints":{"allow":["GET"]}}],"collection":[{"href":"https:\/\/www.caririemacao.com\/1\/wp-json\/wp\/v2\/posts"}],"about":[{"href":"https:\/\/www.caririemacao.com\/1\/wp-json\/wp\/v2\/types\/post"}],"author":[{"embeddable":true,"href":"https:\/\/www.caririemacao.com\/1\/wp-json\/wp\/v2\/users\/2"}],"replies":[{"embeddable":true,"href":"https:\/\/www.caririemacao.com\/1\/wp-json\/wp\/v2\/comments?post=36116"}],"version-history":[{"count":0,"href":"https:\/\/www.caririemacao.com\/1\/wp-json\/wp\/v2\/posts\/36116\/revisions"}],"wp:featuredmedia":[{"embeddable":true,"href":"https:\/\/www.caririemacao.com\/1\/wp-json\/wp\/v2\/media\/36117"}],"wp:attachment":[{"href":"https:\/\/www.caririemacao.com\/1\/wp-json\/wp\/v2\/media?parent=36116"}],"wp:term":[{"taxonomy":"category","embeddable":true,"href":"https:\/\/www.caririemacao.com\/1\/wp-json\/wp\/v2\/categories?post=36116"},{"taxonomy":"post_tag","embeddable":true,"href":"https:\/\/www.caririemacao.com\/1\/wp-json\/wp\/v2\/tags?post=36116"}],"curies":[{"name":"wp","href":"https:\/\/api.w.org\/{rel}","templated":true}]}}