{"id":36123,"date":"2017-12-31T14:10:45","date_gmt":"2017-12-31T17:10:45","guid":{"rendered":"http:\/\/caririemacao.com\/1\/?p=36123"},"modified":"2017-12-31T14:10:45","modified_gmt":"2017-12-31T17:10:45","slug":"dilma-defende-eleicao-livre-e-candidatura-de-lula-em-mensagem-de-fim-de-ano","status":"publish","type":"post","link":"https:\/\/www.caririemacao.com\/1\/2017\/12\/31\/dilma-defende-eleicao-livre-e-candidatura-de-lula-em-mensagem-de-fim-de-ano\/","title":{"rendered":"Dilma defende \u2018elei\u00e7\u00e3o livre\u2019 e candidatura de Lula em mensagem de fim de ano"},"content":{"rendered":"<p>A ex-presidente Dilma Rousseff (PT) defendeu a candidatura \u00e0 Presid\u00eancia da Rep\u00fablica de seu correligion\u00e1rio e antecessor, Luiz In\u00e1cio Lula da Silva, em uma mensagem de fim de ano publicada em seu site neste domingo, dia 31.<\/p>\n<p>\u201cQue em 2018 tenhamos uma elei\u00e7\u00e3o realmente livre. Livre de exclus\u00f5es e livre de manobras pol\u00edticas e judiciais com o objetivo de interditar candidatos. Que em 2018 o presidente Lula possa concorrer\u201d, escreveu Dilma.<\/p>\n<div class=\"row\">\n<p>Lula pode ser impedido de disputar o pleito em 2018 caso sua condena\u00e7\u00e3o em primeira inst\u00e2ncia pelo juiz Sergio Moro seja confirmada em segunda inst\u00e2ncia, em julgamento marcado para o dia 24 de janeiro no Tribunal Regional Federal da 4\u00aa Regi\u00e3o (TRF-4). O petista foi condenado a 9 anos e seis meses de pris\u00e3o no caso do triplex do Guaruj\u00e1 (SP), um dos processos decorrentes das investiga\u00e7\u00f5es da Opera\u00e7\u00e3o Lava Jato.<\/p>\n<p>Dilma tamb\u00e9m desejou, na sua mensagem, que, no novo ano que chega, haja a \u201creconquista\u201d da democracia. \u201cQue 2018 seja o ano em que estaremos unidos pela recupera\u00e7\u00e3o do Brasil. Que 2018 seja o ano da reconquista da democracia, da for\u00e7a do voto para garantir os nossos direitos e oportunidades.\u201d<\/p>\n<p><strong>CARIRI EM A\u00c7\u00c3O<\/strong><\/p>\n<p><em>Com Estad\u00e3o\/Foto: Reprodu\u00e7\u00e3o google<\/em><\/p>\n<p><strong>Leia mais not\u00edcias em\u00a0<\/strong><a href=\"http:\/\/www.caririemacao.com\/\"><strong>caririemacao.com<\/strong><\/a><strong>, siga nossa p\u00e1gina no\u00a0<\/strong><a href=\"https:\/\/www.facebook.com\/CaririEmAcao\/?ref=aymt_homepage_panel\"><strong>Facebook<\/strong><\/a>,<strong>\u00a0<\/strong><a href=\"https:\/\/www.instagram.com\/cariri_em_acao\/?hl=pt-br\"><strong>Instagram<\/strong><\/a><strong>\u00a0e <\/strong><a href=\"https:\/\/www.youtube.com\/channel\/UCAptA0jQuYQy8vMhLt2m4qg\"><strong>Youtube<\/strong><\/a><strong>\u00a0e veja nossas mat\u00e9rias, v\u00eddeos e fotos. Voc\u00ea tamb\u00e9m pode enviar informa\u00e7\u00f5es \u00e0 Reda\u00e7\u00e3o do Portal Cariri em A\u00e7\u00e3o pelo WhatsApp (83) 9 9634.5791, (83) 9 9601-1162.<\/strong><\/p>\n<\/div>\n","protected":false},"excerpt":{"rendered":"<p>A ex-presidente Dilma Rousseff (PT) defendeu a candidatura \u00e0 Presid\u00eancia da Rep\u00fablica de seu correligion\u00e1rio e antecessor, Luiz In\u00e1cio Lula da Silva, em uma mensagem&hellip; <\/p>\n","protected":false},"author":2,"featured_media":36124,"comment_status":"closed","ping_status":"closed","sticky":false,"template":"","format":"standard","meta":{"sfsi_plus_gutenberg_text_before_share":"","sfsi_plus_gutenberg_show_text_before_share":"","sfsi_plus_gutenberg_icon_type":"","sfsi_plus_gutenberg_icon_alignemt":"","sfsi_plus_gutenburg_max_per_row":"","footnotes":""},"categories":[1],"tags":[],"class_list":["post-36123","post","type-post","status-publish","format-standard","has-post-thumbnail","hentry","category-o-site"],"_links":{"self":[{"href":"https:\/\/www.caririemacao.com\/1\/wp-json\/wp\/v2\/posts\/36123","targetHints":{"allow":["GET"]}}],"collection":[{"href":"https:\/\/www.caririemacao.com\/1\/wp-json\/wp\/v2\/posts"}],"about":[{"href":"https:\/\/www.caririemacao.com\/1\/wp-json\/wp\/v2\/types\/post"}],"author":[{"embeddable":true,"href":"https:\/\/www.caririemacao.com\/1\/wp-json\/wp\/v2\/users\/2"}],"replies":[{"embeddable":true,"href":"https:\/\/www.caririemacao.com\/1\/wp-json\/wp\/v2\/comments?post=36123"}],"version-history":[{"count":0,"href":"https:\/\/www.caririemacao.com\/1\/wp-json\/wp\/v2\/posts\/36123\/revisions"}],"wp:featuredmedia":[{"embeddable":true,"href":"https:\/\/www.caririemacao.com\/1\/wp-json\/wp\/v2\/media\/36124"}],"wp:attachment":[{"href":"https:\/\/www.caririemacao.com\/1\/wp-json\/wp\/v2\/media?parent=36123"}],"wp:term":[{"taxonomy":"category","embeddable":true,"href":"https:\/\/www.caririemacao.com\/1\/wp-json\/wp\/v2\/categories?post=36123"},{"taxonomy":"post_tag","embeddable":true,"href":"https:\/\/www.caririemacao.com\/1\/wp-json\/wp\/v2\/tags?post=36123"}],"curies":[{"name":"wp","href":"https:\/\/api.w.org\/{rel}","templated":true}]}}