{"id":36126,"date":"2017-12-31T14:15:08","date_gmt":"2017-12-31T17:15:08","guid":{"rendered":"http:\/\/caririemacao.com\/1\/?p=36126"},"modified":"2017-12-31T14:15:08","modified_gmt":"2017-12-31T17:15:08","slug":"lula-nao-e-imbativel-eu-ganhei-dele-duas-vezes-diz-fhc","status":"publish","type":"post","link":"https:\/\/www.caririemacao.com\/1\/2017\/12\/31\/lula-nao-e-imbativel-eu-ganhei-dele-duas-vezes-diz-fhc\/","title":{"rendered":"Lula n\u00e3o \u00e9 imbat\u00edvel. Eu ganhei dele duas vezes\u2019, diz FHC"},"content":{"rendered":"<section class=\"l-noticia\">O ex-presidente Fernando Henrique Cardoso, 86, n\u00e3o est\u00e1 entre os milhares de brasileiros que querem a pris\u00e3o de Lula. Ele diz n\u00e3o ser s\u00e1dico para querer ver um ex-presidente preso. O l\u00edder tucano prefere que o petista dispute a elei\u00e7\u00e3o e seja derrotado nas urnas. \u201cSe o Lula for candidato, n\u00e3o \u00e9 imbat\u00edvel. Eu ganhei dele duas vezes. T\u00e1 bom, eram outras circunst\u00e2ncias. Mas naquele momento ele tinha uma aura de restabelecer a moralidade, que hoje n\u00e3o tem mais\u201d, frisa ele. Para ele, Lula n\u00e3o deve voltar ao poder porque foi um dos respons\u00e1veis pela institucionaliza\u00e7\u00e3o da corrup\u00e7\u00e3o na vida partid\u00e1ria.<\/p>\n<p>\u201cLula e Bolsonaro s\u00e3o dois extremos indesej\u00e1veis\u201d. Embora tenha sido um dos que defendeu a sa\u00edda do PSDB do governo, o ex-presidente diz que Temer est\u00e1 fazendo mais do que ele esperava. E trabalha para que os deputados do PSDB votem em peso a favor da reforma da Previd\u00eancia. \u201cSe n\u00e3o resolvermos o d\u00e9ficit da Previd\u00eancia, podemos virar uma Gr\u00e9cia\u201d, onde os aposentados tiveram seus proventos amea\u00e7ados. Nesta entrevista, ele fala sobre a discrimina\u00e7\u00e3o aos negros, o retrocesso no aborto, a libera\u00e7\u00e3o das drogas, viol\u00eancia e pena de morte. \u201cAqui, temos a pena como morte\u201d.<\/p>\n<p>Com a popula\u00e7\u00e3o desiludida, descrente nos pol\u00edticos, como o senhor v\u00ea as perspectivas para 2018, quando teremos elei\u00e7\u00f5es?N\u00e3o \u00e9 s\u00f3 no Brasil. H\u00e1 desilus\u00e3o com o modo de como a pol\u00edtica \u00e9 feita em todos os pa\u00edses onde h\u00e1 democracia representativa. Nos pa\u00edses autorit\u00e1rios n\u00e3o, porque as pessoas nem sabem, mas onde h\u00e1 liberdade h\u00e1 um sentimento de mal-estar. H\u00e1 v\u00e1rias raz\u00f5es. Aqui se agrega a essas raz\u00f5es a enorme corrup\u00e7\u00e3o que foi destampada e isso produziu um sentimento do que \u00e9 isso? Estou fora. Voc\u00eas n\u00e3o me representam. Isso vai ter conseq\u00fc\u00eancias sobre aqueles que se disp\u00f5em a votar. Aconteceu no Chile recentemente. Houve uma queda na participa\u00e7\u00e3o.<\/p>\n<p>De acordo com as pesquisas, estar\u00edamos hoje entre Lula e Bolsonaro. Qual \u00e9 sua avalia\u00e7\u00e3o?Eu acho que esse quadro \u00e9 hoje. Ainda estamos longe do quadro real que vai se colocar nas elei\u00e7\u00f5es. Hoje isso reflete um pouco a desilus\u00e3o da popula\u00e7\u00e3o. Por que Lula? Se pode entender porque as pessoas podem se lembrar dos bons momentos do governo Lula e v\u00e3o esquecer os maus momentos e a responsabilidade grande que ele teve na acelera\u00e7\u00e3o da desarticula\u00e7\u00e3o do sistema partid\u00e1rio. Por que Bolsonaro? Porque as pessoas querem ordem. O crime est\u00e1 muito grande, desordem e tal, ent\u00e3o tem esse apelo. Eu n\u00e3o creio que esse seja o quadro que vai se configurar nas elei\u00e7\u00f5es. \u00c9 preciso se organizar um setor que seja democr\u00e1tico, popular, n\u00e3o de elite, progressista, que entenda qual \u00e9 o papel do mundo e como o Brasil pode se engajar nisso. Para mudar o quadro, tem que ir pelo exemplo. Os pol\u00edticos precisam voltar a tocar no cora\u00e7\u00e3o dos brasileiros.<\/p>\n<p>Na busca desse novo pol\u00edtico, o senhor lan\u00e7ou o governador Geraldo Alckmin. A quest\u00e3o \u00e9 que ele tamb\u00e9m est\u00e1 sendo investigado pelo STJ por ter recebido dinheiro de caixa dois. Esse n\u00e3o \u00e9 um problema?<\/p>\n<p>As acusa\u00e7\u00f5es existentes sobre o Geraldo s\u00e3o fr\u00e1geis. N\u00e3o s\u00e3o alega\u00e7\u00f5es pessoais. Alega\u00e7\u00f5es sobre recursos de campanha. Isso n\u00e3o \u00e9 o suficiente para desqualificar uma pessoa. O Geraldo tem hist\u00f3ria. Ser\u00e1 que ele \u00e9 o melhor brasileiro para ser presidente da Rep\u00fablica? Talvez n\u00e3o. Existem outros que t\u00eam tanto ou melhor qualifica\u00e7\u00e3o do que ele. Ele tem melhores condi\u00e7\u00f5es. Por que? Ele \u00e9 governador de S\u00e3o Paulo. O PSDB governa S\u00e3o Paulo h\u00e1 20 anos. Tem um caso aqui e outro ali de corrup\u00e7\u00e3o, mas n\u00e3o existe uma organiza\u00e7\u00e3o, uma m\u00e1quina feita pelo partido para roubar. O Geraldo todo mundo sabe que \u00e9 uma pessoa honesta e tem estilo de vida mais simples. \u00c9 o que eu digo da exemplaridade. As pessoas j\u00e1 cansaram de gente com muita pompa e muita ret\u00f3rica.<\/p>\n<p>Outros nomes do partido, como o prefeito Jo\u00e3o Doria, se inviabilizaram dentro do PSDB?O prefeito Doria teve uma vit\u00f3ria surpreendente em S\u00e3o Paulo. Mas talvez seja cedo para se lan\u00e7ar a presidente da Rep\u00fablica. Ele j\u00e1 corrigiu esse rumo.<\/p>\n<p>Fonte: Isto\u00c9<\/p>\n<\/section>\n","protected":false},"excerpt":{"rendered":"<p>O ex-presidente Fernando Henrique Cardoso, 86, n\u00e3o est\u00e1 entre os milhares de brasileiros que querem a pris\u00e3o de Lula. Ele diz n\u00e3o ser s\u00e1dico para&hellip; <\/p>\n","protected":false},"author":2,"featured_media":36127,"comment_status":"closed","ping_status":"closed","sticky":false,"template":"","format":"standard","meta":{"sfsi_plus_gutenberg_text_before_share":"","sfsi_plus_gutenberg_show_text_before_share":"","sfsi_plus_gutenberg_icon_type":"","sfsi_plus_gutenberg_icon_alignemt":"","sfsi_plus_gutenburg_max_per_row":"","footnotes":""},"categories":[11],"tags":[],"class_list":["post-36126","post","type-post","status-publish","format-standard","has-post-thumbnail","hentry","category-politica"],"_links":{"self":[{"href":"https:\/\/www.caririemacao.com\/1\/wp-json\/wp\/v2\/posts\/36126","targetHints":{"allow":["GET"]}}],"collection":[{"href":"https:\/\/www.caririemacao.com\/1\/wp-json\/wp\/v2\/posts"}],"about":[{"href":"https:\/\/www.caririemacao.com\/1\/wp-json\/wp\/v2\/types\/post"}],"author":[{"embeddable":true,"href":"https:\/\/www.caririemacao.com\/1\/wp-json\/wp\/v2\/users\/2"}],"replies":[{"embeddable":true,"href":"https:\/\/www.caririemacao.com\/1\/wp-json\/wp\/v2\/comments?post=36126"}],"version-history":[{"count":0,"href":"https:\/\/www.caririemacao.com\/1\/wp-json\/wp\/v2\/posts\/36126\/revisions"}],"wp:featuredmedia":[{"embeddable":true,"href":"https:\/\/www.caririemacao.com\/1\/wp-json\/wp\/v2\/media\/36127"}],"wp:attachment":[{"href":"https:\/\/www.caririemacao.com\/1\/wp-json\/wp\/v2\/media?parent=36126"}],"wp:term":[{"taxonomy":"category","embeddable":true,"href":"https:\/\/www.caririemacao.com\/1\/wp-json\/wp\/v2\/categories?post=36126"},{"taxonomy":"post_tag","embeddable":true,"href":"https:\/\/www.caririemacao.com\/1\/wp-json\/wp\/v2\/tags?post=36126"}],"curies":[{"name":"wp","href":"https:\/\/api.w.org\/{rel}","templated":true}]}}