{"id":36141,"date":"2017-12-31T14:50:03","date_gmt":"2017-12-31T17:50:03","guid":{"rendered":"http:\/\/caririemacao.com\/1\/?p=36141"},"modified":"2017-12-31T14:50:51","modified_gmt":"2017-12-31T17:50:51","slug":"ultima-pesquisa-de-2017-lula-encerra-2017-na-lideranca-da-corrida-presidencial-com-bolsonaro-em-2o","status":"publish","type":"post","link":"https:\/\/www.caririemacao.com\/1\/2017\/12\/31\/ultima-pesquisa-de-2017-lula-encerra-2017-na-lideranca-da-corrida-presidencial-com-bolsonaro-em-2o\/","title":{"rendered":"\u00daLTIMA PESQUISA DE 2017: Lula encerra 2017 na lideran\u00e7a da corrida presidencial, com Bolsonaro em 2\u00ba"},"content":{"rendered":"<p>Na \u00faltima pesquisa eleitoral de 2017, o ex-presidente Luiz In\u00e1cio Lula da Silva aparece em 1\u00ba lugar na corrida presidencial. O petista \u00e9 seguido pelo deputado federal Jair Bolsonaro (PSC-RJ) em levantamento realizado pelo instituto Paran\u00e1 Pesquisas divulgado neste s\u00e1bado (30.dez.2017).<br \/>\nA cerca de 10 meses das elei\u00e7\u00f5es, foram feitas 3 sondagens diferentes na disputa pelo Pal\u00e1cio do Planalto. Desta vez, os testes foram feitos com a varia\u00e7\u00e3o de poss\u00edveis candidatos do PT (Partido dos Trabalhadores). Al\u00e9m de Lula, tamb\u00e9m foram avaliados a ex-presidente Dilma Rousseff e o secret\u00e1rio de Desenvolvimento Econ\u00f4mico da Bahia, Jaques Wagner.<\/p>\n<p>A pesquisa foi feita semanas antes do julgamento envolvendo Lula no TRF-4 (Tribunal Regional Federal da 4\u00aa Regi\u00e3o).\u00a0Em 24 de janeiro de 2018, a corte analisar\u00e1 o recurso protocolado pela defesa do petista contra a condena\u00e7\u00e3o feita pelo juiz federal S\u00e9rgio Moro. Caso mantenha a penaliza\u00e7\u00e3o, o ex-presidente corre o risco de ficar de fora das elei\u00e7\u00f5es.<\/p>\n<p>OS CEN\u00c1RIOS<br \/>\nNo cen\u00e1rio 1, Lula tem 29,2% das inten\u00e7\u00f5es de votos. Bolsonaro surge com 21,1%. Todos os outros candidatos embolados em empates t\u00e9cnicos. A margem de erro da pesquisa \u00e9 de 2 pontos percentuais para mais ou para menos.<\/p>\n<p>Porta-voz da Rede Sustentabilidade, Marina Silva est\u00e1 em 3\u00ba lugar nesse cen\u00e1rio, com 8,6%. Governador de S\u00e3o Paulo, Geraldo Alckmin (PSDB) soma 7,9%. O ex-ministro do STF (Supremo Tribunal Federal) Joaquim Barbosa \u2013que \u00e9 sondado pelo PSB para concorrer ao Planalto\u2013 tem 6,8%.<\/p>\n<p>Sem Lula, Bolsonaro lidera com folga o 2\u00ba cen\u00e1rio pesquisado. O deputado soma 22,8% das inten\u00e7\u00f5es de voto. A ex-presidente Dilma Rousseff surge tecnicamente empatada com Marina Silva. A petista tem 13,4% e a porta-voz da Rede soma 12,2% das inten\u00e7\u00f5es de voto nessa compara\u00e7\u00e3o.<\/p>\n<p>No cen\u00e1rio 3, foi testado o nome de Jaques Wagner. Se as elei\u00e7\u00f5es fossem hoje e o secret\u00e1rio baiano e ex-ministro de Dilma concorresse pelo partido, o PT correria o risco de ficar de fora da disputa de 1 eventual 2\u00ba turno presidencial \u2013o que n\u00e3o ocorre desde 2002. Jaques Wagner soma apenas 3,9% das inten\u00e7\u00f5es de voto, ficando em 7\u00ba lugar nesse cen\u00e1rio de disputa.<\/p>\n<p>Nos 3 cen\u00e1rios, foram ouvidos 2.020 eleitores em todo o pa\u00eds. As entrevistas foram feitas de 18 a 21 de dezembro.\u00a0A margem de erro da pesquisa \u00e9 de 2 pontos percentuais para mais ou para menos. A partir da pr\u00f3xima 2\u00aa feira (1.jan.2018), todas as pesquisas eleitorais dever\u00e3o ser registradas na Justi\u00e7a Eleitoral.\u00a0Saiba como ser\u00e1 o calend\u00e1rio eleitoral do ano que vem.<\/p>\n<p>DATAPODER360<br \/>\nO \u00faltimo levantamento do\u00a0DataPoder360\u00a0j\u00e1 apontou para essa tend\u00eancia. No cen\u00e1rio em que aparece contra os advers\u00e1rios mais tradicionais, Lula tem oscilado na faixa de 26% a 32% desde abril, quando o\u00a0DataPoder360\u00a0foi lan\u00e7ado e come\u00e7ou a fazer pesquisas mensais. O petista somou 30% contra 22% de Bolsonaro na inten\u00e7\u00e3o de votos.<\/p>\n<p><strong>CARIRI EM A\u00c7\u00c3O<\/strong><\/p>\n<p><em>Com Poder360\u00ba\/Foto: Reprodu\u00e7\u00e3o google<\/em><\/p>\n<p><strong>Leia mais not\u00edcias em\u00a0<\/strong><a href=\"http:\/\/www.caririemacao.com\/\"><strong>caririemacao.com<\/strong><\/a><strong>, siga nossa p\u00e1gina no\u00a0<\/strong><a href=\"https:\/\/www.facebook.com\/CaririEmAcao\/?ref=aymt_homepage_panel\"><strong>Facebook<\/strong><\/a>,<strong>\u00a0<\/strong><a href=\"https:\/\/www.instagram.com\/cariri_em_acao\/?hl=pt-br\"><strong>Instagram<\/strong><\/a><strong>\u00a0e <\/strong><a href=\"https:\/\/www.youtube.com\/channel\/UCAptA0jQuYQy8vMhLt2m4qg\"><strong>Youtube<\/strong><\/a><strong>\u00a0e veja nossas mat\u00e9rias, v\u00eddeos e fotos. Voc\u00ea tamb\u00e9m pode enviar informa\u00e7\u00f5es \u00e0 Reda\u00e7\u00e3o do Portal Cariri em A\u00e7\u00e3o pelo WhatsApp (83) 9 9634.5791, (83) 9 9601-1162.<\/strong><\/p>\n","protected":false},"excerpt":{"rendered":"<p>Na \u00faltima pesquisa eleitoral de 2017, o ex-presidente Luiz In\u00e1cio Lula da Silva aparece em 1\u00ba lugar na corrida presidencial. O petista \u00e9 seguido pelo&hellip; <\/p>\n","protected":false},"author":2,"featured_media":31931,"comment_status":"closed","ping_status":"closed","sticky":false,"template":"","format":"standard","meta":{"sfsi_plus_gutenberg_text_before_share":"","sfsi_plus_gutenberg_show_text_before_share":"","sfsi_plus_gutenberg_icon_type":"","sfsi_plus_gutenberg_icon_alignemt":"","sfsi_plus_gutenburg_max_per_row":"","footnotes":""},"categories":[11],"tags":[],"class_list":["post-36141","post","type-post","status-publish","format-standard","has-post-thumbnail","hentry","category-politica"],"_links":{"self":[{"href":"https:\/\/www.caririemacao.com\/1\/wp-json\/wp\/v2\/posts\/36141","targetHints":{"allow":["GET"]}}],"collection":[{"href":"https:\/\/www.caririemacao.com\/1\/wp-json\/wp\/v2\/posts"}],"about":[{"href":"https:\/\/www.caririemacao.com\/1\/wp-json\/wp\/v2\/types\/post"}],"author":[{"embeddable":true,"href":"https:\/\/www.caririemacao.com\/1\/wp-json\/wp\/v2\/users\/2"}],"replies":[{"embeddable":true,"href":"https:\/\/www.caririemacao.com\/1\/wp-json\/wp\/v2\/comments?post=36141"}],"version-history":[{"count":0,"href":"https:\/\/www.caririemacao.com\/1\/wp-json\/wp\/v2\/posts\/36141\/revisions"}],"wp:featuredmedia":[{"embeddable":true,"href":"https:\/\/www.caririemacao.com\/1\/wp-json\/wp\/v2\/media\/31931"}],"wp:attachment":[{"href":"https:\/\/www.caririemacao.com\/1\/wp-json\/wp\/v2\/media?parent=36141"}],"wp:term":[{"taxonomy":"category","embeddable":true,"href":"https:\/\/www.caririemacao.com\/1\/wp-json\/wp\/v2\/categories?post=36141"},{"taxonomy":"post_tag","embeddable":true,"href":"https:\/\/www.caririemacao.com\/1\/wp-json\/wp\/v2\/tags?post=36141"}],"curies":[{"name":"wp","href":"https:\/\/api.w.org\/{rel}","templated":true}]}}