{"id":36145,"date":"2017-12-31T14:53:30","date_gmt":"2017-12-31T17:53:30","guid":{"rendered":"http:\/\/caririemacao.com\/1\/?p=36145"},"modified":"2017-12-31T14:53:30","modified_gmt":"2017-12-31T17:53:30","slug":"pl-preve-isencao-de-carencia-dos-planos-de-saude-para-atendimento-de-urgencia","status":"publish","type":"post","link":"https:\/\/www.caririemacao.com\/1\/2017\/12\/31\/pl-preve-isencao-de-carencia-dos-planos-de-saude-para-atendimento-de-urgencia\/","title":{"rendered":"PL prev\u00ea isen\u00e7\u00e3o de car\u00eancia dos planos de sa\u00fade para atendimento de urg\u00eancia"},"content":{"rendered":"<p>O benefici\u00e1rio de planos de sa\u00fade pode ficar isento do cumprimento dos prazos de car\u00eancia nos casos de urg\u00eancia e emerg\u00eancia. \u00c9 o que estabelece o projeto de lei da senadora Rose de Freitas (PMDB-ES), que tramita na Comiss\u00e3o de Transpar\u00eancia, Governan\u00e7a, Fiscaliza\u00e7\u00e3o e Controle e Defesa do Consumidor (CTFC), onde aguarda relat\u00f3rio.<\/p>\n<p>O projeto (<a class=\"external-link\" href=\"http:\/\/www25.senado.leg.br\/web\/atividade\/materias\/-\/materia\/131941\">PLS 502\/2017<\/a>) altera a Lei dos Planos de Sa\u00fade (<a class=\"external-link\" href=\"http:\/\/www.planalto.gov.br\/ccivil_03\/leis\/L9656.htm\">Lei 9.656\/1998<\/a>) para vedar mecanismos que dificultem o atendimento de urg\u00eancia e emerg\u00eancia. A proposta tamb\u00e9m reduz para 120 dias o per\u00edodo de car\u00eancia nas interna\u00e7\u00f5es hospitalares.<\/p>\n<p>Atualmente, os prazos m\u00e1ximos de car\u00eancia definidos pela legisla\u00e7\u00e3o s\u00e3o os seguintes: 24 horas, para atendimentos de urg\u00eancia e emerg\u00eancia; 300 dias, para parto a termo; e 180 dias, para cirurgias.<\/p>\n<p>Para Rose de Freitas, embora o estabelecimento de per\u00edodos de car\u00eancias proteja as operadoras contra abusos e fraudes por parte do consumidor, isso n\u00e3o pode inviabilizar o atendimento de sa\u00fade em circunst\u00e2ncias excepcionais e imprevis\u00edveis, que exijam solu\u00e7\u00e3o imediata.<\/p>\n<p>\u201c\u00c9 o caso das urg\u00eancias e emerg\u00eancias, que, se n\u00e3o forem tratadas a tempo, podem acabar por tornar in\u00f3cua a finalidade primordial do contrato celebrado entre as partes, qual seja, a de resguardar a sa\u00fade e a vida\u201d, destacou.<\/p>\n<p>A senadora entende que a fixa\u00e7\u00e3o de prazos de car\u00eancia n\u00e3o pode redundar em preju\u00edzo manifesto para o consumidor, a ponto de impedir que o contrato com o plano de sa\u00fade cumpra a sua fun\u00e7\u00e3o social de prover o acesso do benefici\u00e1rio aos tratamentos previstos.<\/p>\n<p>\u201cNesse sentido, consideramos que \u00e9 necess\u00e1rio rever os per\u00edodos m\u00e1ximos de car\u00eancia estabelecidos em lei, pois eles alteram sobremaneira o equil\u00edbrio financeiro e atuarial do sistema em prol das operadoras, prejudicando o usu\u00e1rio\u201d, argumentou.<\/p>\n<p><strong>CARIRI EM A\u00c7\u00c3O<\/strong><\/p>\n<p><em>Com Ag\u00eancia Senado\/Foto: Reprodu\u00e7\u00e3o google<\/em><\/p>\n<p><strong>Leia mais not\u00edcias em\u00a0<\/strong><a href=\"http:\/\/www.caririemacao.com\/\"><strong>caririemacao.com<\/strong><\/a><strong>, siga nossa p\u00e1gina no\u00a0<\/strong><a href=\"https:\/\/www.facebook.com\/CaririEmAcao\/?ref=aymt_homepage_panel\"><strong>Facebook<\/strong><\/a>,<strong>\u00a0<\/strong><a href=\"https:\/\/www.instagram.com\/cariri_em_acao\/?hl=pt-br\"><strong>Instagram<\/strong><\/a><strong>\u00a0e <\/strong><a href=\"https:\/\/www.youtube.com\/channel\/UCAptA0jQuYQy8vMhLt2m4qg\"><strong>Youtube<\/strong><\/a><strong>\u00a0e veja nossas mat\u00e9rias, v\u00eddeos e fotos. Voc\u00ea tamb\u00e9m pode enviar informa\u00e7\u00f5es \u00e0 Reda\u00e7\u00e3o do Portal Cariri em A\u00e7\u00e3o pelo WhatsApp (83) 9 9634.5791, (83) 9 9601-1162.<\/strong><\/p>\n","protected":false},"excerpt":{"rendered":"<p>O benefici\u00e1rio de planos de sa\u00fade pode ficar isento do cumprimento dos prazos de car\u00eancia nos casos de urg\u00eancia e emerg\u00eancia. \u00c9 o que estabelece&hellip; <\/p>\n","protected":false},"author":2,"featured_media":36146,"comment_status":"closed","ping_status":"closed","sticky":false,"template":"","format":"standard","meta":{"sfsi_plus_gutenberg_text_before_share":"","sfsi_plus_gutenberg_show_text_before_share":"","sfsi_plus_gutenberg_icon_type":"","sfsi_plus_gutenberg_icon_alignemt":"","sfsi_plus_gutenburg_max_per_row":"","footnotes":""},"categories":[16],"tags":[],"class_list":["post-36145","post","type-post","status-publish","format-standard","has-post-thumbnail","hentry","category-saude"],"_links":{"self":[{"href":"https:\/\/www.caririemacao.com\/1\/wp-json\/wp\/v2\/posts\/36145","targetHints":{"allow":["GET"]}}],"collection":[{"href":"https:\/\/www.caririemacao.com\/1\/wp-json\/wp\/v2\/posts"}],"about":[{"href":"https:\/\/www.caririemacao.com\/1\/wp-json\/wp\/v2\/types\/post"}],"author":[{"embeddable":true,"href":"https:\/\/www.caririemacao.com\/1\/wp-json\/wp\/v2\/users\/2"}],"replies":[{"embeddable":true,"href":"https:\/\/www.caririemacao.com\/1\/wp-json\/wp\/v2\/comments?post=36145"}],"version-history":[{"count":0,"href":"https:\/\/www.caririemacao.com\/1\/wp-json\/wp\/v2\/posts\/36145\/revisions"}],"wp:featuredmedia":[{"embeddable":true,"href":"https:\/\/www.caririemacao.com\/1\/wp-json\/wp\/v2\/media\/36146"}],"wp:attachment":[{"href":"https:\/\/www.caririemacao.com\/1\/wp-json\/wp\/v2\/media?parent=36145"}],"wp:term":[{"taxonomy":"category","embeddable":true,"href":"https:\/\/www.caririemacao.com\/1\/wp-json\/wp\/v2\/categories?post=36145"},{"taxonomy":"post_tag","embeddable":true,"href":"https:\/\/www.caririemacao.com\/1\/wp-json\/wp\/v2\/tags?post=36145"}],"curies":[{"name":"wp","href":"https:\/\/api.w.org\/{rel}","templated":true}]}}