{"id":36148,"date":"2017-12-31T20:04:52","date_gmt":"2017-12-31T23:04:52","guid":{"rendered":"http:\/\/caririemacao.com\/1\/?p=36148"},"modified":"2017-12-31T20:12:08","modified_gmt":"2017-12-31T23:12:08","slug":"1o-encontro-literario-e-poetico-e-realizado-em-sume","status":"publish","type":"post","link":"https:\/\/www.caririemacao.com\/1\/2017\/12\/31\/1o-encontro-literario-e-poetico-e-realizado-em-sume\/","title":{"rendered":"1\u00ba Encontro Liter\u00e1rio e Po\u00e9tico \u00e9 realizado em Sum\u00e9"},"content":{"rendered":"<p>A Prefeitura de Sum\u00e9, atrav\u00e9s da Secretaria de Educa\u00e7\u00e3o e Cultura, realizou na noite deste s\u00e1bado, na Pra\u00e7a Jos\u00e9 Am\u00e9rico, o 1\u00ba Encontro Liter\u00e1rio e Po\u00e9tico de Sum\u00e9 para homenagear m\u00fasicos e escritores sumeenses.<\/p>\n<p>O evento denominado 1\u00ba Eclipse \u2013 1\u00ba Encontro Liter\u00e1rio e Po\u00e9tico de Sum\u00e9, reuniu v\u00e1rios escritores e m\u00fasicos do munic\u00edpio que relataram um pouco de suas trajet\u00f3rias e receberam do secret\u00e1rio de Educa\u00e7\u00e3o, Odilon Ara\u00fajo, homenagens do Poder Executivo Municipal e do p\u00fablico presente.<\/p>\n<p>Os escritores homenageados foram:<\/p>\n<p>\u2013 Sonielson Juvino Silva;<\/p>\n<p>\u2013 Daniel Duarte Pereira;<\/p>\n<p>\u2013 Zito Nunes de Siqueira J\u00fanior;<\/p>\n<p>\u2013 Rita Albino Rafael;<\/p>\n<p>\u2013 Maria do Socorro Silva;<\/p>\n<p>\u2013 Bernadete de Lourdes Ramos Bezerra;<\/p>\n<p>\u2013 Wellington Pereira;<\/p>\n<p>\u2013 Luizinho Batista;<\/p>\n<p>\u2013 Jorge Dellane da Silva;<\/p>\n<p>\u2013 Severino Louren\u00e7o da Silva Pinto;<\/p>\n<p>\u2013 Djaci Ferreira de Sousa;<\/p>\n<p>\u2013 Jo\u00e3o Furiba;<\/p>\n<p>\u2013 Sebasti\u00e3o Vitorino Filho;<\/p>\n<p>\u2013 Miguel Guilherme e<\/p>\n<p>\u2013 Z\u00e9 Marcolino.<\/p>\n<p>Durante o Encontro, ainda houve retreta produzida pela Filarm\u00f4nica Maestro Josu\u00e9 de Lima e o lan\u00e7amento do livro \u201cPo\u00e7os Cavados no Tempo \u2013 Mem\u00f3rias de Palavras N\u00e3o Ditas\u201d, editora: Funesc, vencedor do Pr\u00eamio Liter\u00e1rio Jos\u00e9 Am\u00e9rico de Almeida que tem como escritor Sonielson Juvino.<\/p>\n<p><a href=\"https:\/\/www.facebook.com\/pg\/CaririEmAcao\/photos\/?tab=album&amp;album_id=1155896121213076\">CLIQUE\u00a0 E VEJA TODAS AS FOTOS EXCLUSIVAS.<\/a><\/p>\n<p><strong>CARIRI EM A\u00c7\u00c3O<\/strong><\/p>\n<p>Com Ascom<\/p>\n<p>Leia mais not\u00edcias em\u00a0<a href=\"http:\/\/www.caririemacao.com\/\">caririemacao.com<\/a>, siga nossa p\u00e1gina no\u00a0<a href=\"https:\/\/www.facebook.com\/CaririEmAcao\/?ref=aymt_homepage_panel\">Facebook<\/a>,\u00a0<a href=\"https:\/\/www.instagram.com\/cariri_em_acao\/?hl=pt-br\">Instagram<\/a>\u00a0e\u00a0<a href=\"https:\/\/www.youtube.com\/channel\/UCAptA0jQuYQy8vMhLt2m4qg\">Youtube<\/a>\u00a0e veja nossas mat\u00e9rias, v\u00eddeos e fotos. Voc\u00ea tamb\u00e9m pode enviar informa\u00e7\u00f5es \u00e0 Reda\u00e7\u00e3o do Portal Cariri em A\u00e7\u00e3o pelo WhatsApp (83) 9 9634.5791, (83) 9 9601-1162.<\/p>\n","protected":false},"excerpt":{"rendered":"<p>A Prefeitura de Sum\u00e9, atrav\u00e9s da Secretaria de Educa\u00e7\u00e3o e Cultura, realizou na noite deste s\u00e1bado, na Pra\u00e7a Jos\u00e9 Am\u00e9rico, o 1\u00ba Encontro Liter\u00e1rio e&hellip; <\/p>\n","protected":false},"author":2,"featured_media":36150,"comment_status":"closed","ping_status":"closed","sticky":false,"template":"","format":"standard","meta":{"sfsi_plus_gutenberg_text_before_share":"","sfsi_plus_gutenberg_show_text_before_share":"","sfsi_plus_gutenberg_icon_type":"","sfsi_plus_gutenberg_icon_alignemt":"","sfsi_plus_gutenburg_max_per_row":"","footnotes":""},"categories":[6],"tags":[],"class_list":["post-36148","post","type-post","status-publish","format-standard","has-post-thumbnail","hentry","category-cidades"],"_links":{"self":[{"href":"https:\/\/www.caririemacao.com\/1\/wp-json\/wp\/v2\/posts\/36148","targetHints":{"allow":["GET"]}}],"collection":[{"href":"https:\/\/www.caririemacao.com\/1\/wp-json\/wp\/v2\/posts"}],"about":[{"href":"https:\/\/www.caririemacao.com\/1\/wp-json\/wp\/v2\/types\/post"}],"author":[{"embeddable":true,"href":"https:\/\/www.caririemacao.com\/1\/wp-json\/wp\/v2\/users\/2"}],"replies":[{"embeddable":true,"href":"https:\/\/www.caririemacao.com\/1\/wp-json\/wp\/v2\/comments?post=36148"}],"version-history":[{"count":0,"href":"https:\/\/www.caririemacao.com\/1\/wp-json\/wp\/v2\/posts\/36148\/revisions"}],"wp:featuredmedia":[{"embeddable":true,"href":"https:\/\/www.caririemacao.com\/1\/wp-json\/wp\/v2\/media\/36150"}],"wp:attachment":[{"href":"https:\/\/www.caririemacao.com\/1\/wp-json\/wp\/v2\/media?parent=36148"}],"wp:term":[{"taxonomy":"category","embeddable":true,"href":"https:\/\/www.caririemacao.com\/1\/wp-json\/wp\/v2\/categories?post=36148"},{"taxonomy":"post_tag","embeddable":true,"href":"https:\/\/www.caririemacao.com\/1\/wp-json\/wp\/v2\/tags?post=36148"}],"curies":[{"name":"wp","href":"https:\/\/api.w.org\/{rel}","templated":true}]}}