{"id":36154,"date":"2018-01-02T08:28:57","date_gmt":"2018-01-02T11:28:57","guid":{"rendered":"http:\/\/caririemacao.com\/1\/?p=36154"},"modified":"2018-01-02T08:28:57","modified_gmt":"2018-01-02T11:28:57","slug":"ladroes-arrobam-casa-no-primeiro-dia-do-ano-em-monteiro","status":"publish","type":"post","link":"https:\/\/www.caririemacao.com\/1\/2018\/01\/02\/ladroes-arrobam-casa-no-primeiro-dia-do-ano-em-monteiro\/","title":{"rendered":"Ladr\u00f5es arrobam casa no primeiro dia do ano em Monteiro"},"content":{"rendered":"<div class=\"contentPost\">\n<p>O ano mal come\u00e7ou e um arrombamento j\u00e1 foi registrado na cidade de Monteiro, no Cariri Paraibano. Bandidos arrombaram a Ch\u00e1cara de Nem de Jo\u00e3o de Querubina, localizada no Bairro do Cemit\u00e9rio.<\/p>\n<p>A a\u00e7\u00e3o foi descoberta pelo caseiro da casa, que ao chegar no local, percebeu o arrombamento e a falta dos objetos. Os criminosos fizeram um \u2018rapa\u2019 na resid\u00eancia, e levaram televisores, micro-ondas, geladeira duplex, liquidificador, sax, viol\u00e3o, sanfona, notebook, aspirador, buj\u00e3o de g\u00e1s, entre outros objetos.<\/p>\n<p>O propriet\u00e1rio da ch\u00e1cara pede para quem souber informa\u00e7\u00f5es desses produtos, entrar em contato com a fam\u00edlia atrav\u00e9s do telefone 996277180. Ele ainda lamentou o ocorrido e a falta de seguran\u00e7a no munic\u00edpio.<\/p>\n<p>A popula\u00e7\u00e3o vive assombrada com esse tipo de ocorr\u00eancia, principalmente os moradores da zona rural. Desde 2017 foram registrados centenas de casos de arrombamentos a resid\u00eancias e pelo jeito em 2018 os casos devem superar os de 2017.<\/p>\n<\/div>\n<p><strong>CARIRI EM A\u00c7\u00c3O<\/strong><\/p>\n<p><em>Com Vitrine do Cariri\/Foto: Reprodu\u00e7\u00e3o google,<\/em><\/p>\n<p><strong>Leia mais not\u00edcias em\u00a0<\/strong><a href=\"http:\/\/www.caririemacao.com\/\"><strong>caririemacao.com<\/strong><\/a><strong>, siga nossa p\u00e1gina no\u00a0<\/strong><a href=\"https:\/\/www.facebook.com\/CaririEmAcao\/?ref=aymt_homepage_panel\"><strong>Facebook<\/strong><\/a>,<strong>\u00a0<\/strong><a href=\"https:\/\/www.instagram.com\/cariri_em_acao\/?hl=pt-br\"><strong>Instagram<\/strong><\/a><strong>\u00a0e <\/strong><a href=\"https:\/\/www.youtube.com\/channel\/UCAptA0jQuYQy8vMhLt2m4qg\"><strong>Youtube<\/strong><\/a><strong>\u00a0e veja nossas mat\u00e9rias, v\u00eddeos e fotos. Voc\u00ea tamb\u00e9m pode enviar informa\u00e7\u00f5es \u00e0 Reda\u00e7\u00e3o do Portal Cariri em A\u00e7\u00e3o pelo WhatsApp (83) 9 9634.5791, (83) 9 9601-1162.<\/strong><\/p>\n","protected":false},"excerpt":{"rendered":"<p>O ano mal come\u00e7ou e um arrombamento j\u00e1 foi registrado na cidade de Monteiro, no Cariri Paraibano. Bandidos arrombaram a Ch\u00e1cara de Nem de Jo\u00e3o&hellip; <\/p>\n","protected":false},"author":2,"featured_media":25307,"comment_status":"closed","ping_status":"closed","sticky":false,"template":"","format":"standard","meta":{"sfsi_plus_gutenberg_text_before_share":"","sfsi_plus_gutenberg_show_text_before_share":"","sfsi_plus_gutenberg_icon_type":"","sfsi_plus_gutenberg_icon_alignemt":"","sfsi_plus_gutenburg_max_per_row":"","footnotes":""},"categories":[12],"tags":[],"class_list":["post-36154","post","type-post","status-publish","format-standard","has-post-thumbnail","hentry","category-policia"],"_links":{"self":[{"href":"https:\/\/www.caririemacao.com\/1\/wp-json\/wp\/v2\/posts\/36154","targetHints":{"allow":["GET"]}}],"collection":[{"href":"https:\/\/www.caririemacao.com\/1\/wp-json\/wp\/v2\/posts"}],"about":[{"href":"https:\/\/www.caririemacao.com\/1\/wp-json\/wp\/v2\/types\/post"}],"author":[{"embeddable":true,"href":"https:\/\/www.caririemacao.com\/1\/wp-json\/wp\/v2\/users\/2"}],"replies":[{"embeddable":true,"href":"https:\/\/www.caririemacao.com\/1\/wp-json\/wp\/v2\/comments?post=36154"}],"version-history":[{"count":0,"href":"https:\/\/www.caririemacao.com\/1\/wp-json\/wp\/v2\/posts\/36154\/revisions"}],"wp:featuredmedia":[{"embeddable":true,"href":"https:\/\/www.caririemacao.com\/1\/wp-json\/wp\/v2\/media\/25307"}],"wp:attachment":[{"href":"https:\/\/www.caririemacao.com\/1\/wp-json\/wp\/v2\/media?parent=36154"}],"wp:term":[{"taxonomy":"category","embeddable":true,"href":"https:\/\/www.caririemacao.com\/1\/wp-json\/wp\/v2\/categories?post=36154"},{"taxonomy":"post_tag","embeddable":true,"href":"https:\/\/www.caririemacao.com\/1\/wp-json\/wp\/v2\/tags?post=36154"}],"curies":[{"name":"wp","href":"https:\/\/api.w.org\/{rel}","templated":true}]}}