{"id":36156,"date":"2018-01-02T08:33:19","date_gmt":"2018-01-02T11:33:19","guid":{"rendered":"http:\/\/caririemacao.com\/1\/?p=36156"},"modified":"2018-01-02T08:33:19","modified_gmt":"2018-01-02T11:33:19","slug":"tarifa-branca-pode-baratear-conta-de-luz-a-partir-de-hoje","status":"publish","type":"post","link":"https:\/\/www.caririemacao.com\/1\/2018\/01\/02\/tarifa-branca-pode-baratear-conta-de-luz-a-partir-de-hoje\/","title":{"rendered":"Tarifa branca pode baratear conta de luz a partir de hoje"},"content":{"rendered":"<p>A partir de 1\u00ba de Janeiro,\u00a0 uma nova modalidade tarif\u00e1ria de energia el\u00e9trica estar\u00e1 dispon\u00edvel para consumidores com m\u00e9dia mensal superior a 500 quilowatt\/hora (kWh) e para novas liga\u00e7\u00f5es. \u00c9 a tarifa branca, que mostra a varia\u00e7\u00e3o do valor da energia conforme o dia e o hor\u00e1rio do consumo e ser\u00e1 oferecida para unidades consumidoras que atendidas em baixa tens\u00e3o, como resid\u00eancias e pequenos com\u00e9rcios.<\/p>\n<p>Segundo a Ag\u00eancia Nacional de Energia El\u00e9trica (Aneel), todas as distribuidoras do pa\u00eds dever\u00e3o atender aos pedidos de ades\u00e3o \u00e0 tarifa branca das novas liga\u00e7\u00f5es e dos consumidores com m\u00e9dia mensal superior a 500 kWh.<\/p>\n<div class=\"know_more\"><\/div>\n<p>A tarifa branca d\u00e1 ao consumidor a possibilidade de pagar valores diferentes em fun\u00e7\u00e3o da hora e do dia da semana em que a energia el\u00e9trica \u00e9 consumida. Se o consumidor usar a energia el\u00e9trica nos per\u00edodos de menor demanda, como pela manh\u00e3, in\u00edcio da tarde e de madrugada, por exemplo, o valor pago pela energia consumida ser\u00e1 menor.<\/p>\n<p>Se o consumidor, por\u00e9m, achar que a tarifa branca n\u00e3o apresenta vantagem, ele pode solicitar sua volta \u00e0 tarifa convencional. A distribuidora ter\u00e1 30 dias para atender o pedido. Todavia, se voltar \u00e0 tarifa branca, o consumidor ter\u00e1 um per\u00edodo de car\u00eancia de 180 dias. Por isso, \u00e9 importante que, antes de optar pela tarifa branca, o consumidor examine seu perfil de consumo para ver qual tarifa lhe atende melhor.<\/p>\n<p>De acordo com a Aneel a tarifa branca n\u00e3o \u00e9 recomendada para quem concentra o consumo nos per\u00edodos de ponta e intermedi\u00e1rio porque o valor da fatura pode subir. Para ter certeza do seu perfil, o consumidor deve comparar suas contas com a aplica\u00e7\u00e3o das duas tarifas. Isso \u00e9 poss\u00edvel por meio de simula\u00e7\u00e3o com base nos h\u00e1bitos de consumo e equipamentos.<\/p>\n<p>A tarifa branca n\u00e3o se aplica aos consumidores residenciais classificados como baixa renda, benefici\u00e1rios de descontos previstos em Lei, e \u00e0 ilumina\u00e7\u00e3o p\u00fablica.<\/p>\n<p>Para mais informa\u00e7\u00f5es sobre a tarifa branca, o consumidor pode consultar o\u00a0<a href=\"http:\/\/www.aneel.gov.br\/tarifa-branca\" target=\"_blank\" rel=\"noopener\"><em>site<\/em>\u00a0da Aneel<\/a>.<\/p>\n<p><strong>CARIRI EM A\u00c7\u00c3O<\/strong><\/p>\n<p><em>Com EBC\/Foto: Reprodu\u00e7\u00e3o google<\/em><\/p>\n<p><strong>Leia mais not\u00edcias em\u00a0<\/strong><a href=\"http:\/\/www.caririemacao.com\/\"><strong>caririemacao.com<\/strong><\/a><strong>, siga nossa p\u00e1gina no\u00a0<\/strong><a href=\"https:\/\/www.facebook.com\/CaririEmAcao\/?ref=aymt_homepage_panel\"><strong>Facebook<\/strong><\/a>,<strong>\u00a0<\/strong><a href=\"https:\/\/www.instagram.com\/cariri_em_acao\/?hl=pt-br\"><strong>Instagram<\/strong><\/a><strong>\u00a0e <\/strong><a href=\"https:\/\/www.youtube.com\/channel\/UCAptA0jQuYQy8vMhLt2m4qg\"><strong>Youtube<\/strong><\/a><strong>\u00a0e veja nossas mat\u00e9rias, v\u00eddeos e fotos. Voc\u00ea tamb\u00e9m pode enviar informa\u00e7\u00f5es \u00e0 Reda\u00e7\u00e3o do Portal Cariri em A\u00e7\u00e3o pelo WhatsApp (83) 9 9634.5791, (83) 9 9601-1162.<\/strong><\/p>\n<p>&nbsp;<\/p>\n","protected":false},"excerpt":{"rendered":"<p>A partir de 1\u00ba de Janeiro,\u00a0 uma nova modalidade tarif\u00e1ria de energia el\u00e9trica estar\u00e1 dispon\u00edvel para consumidores com m\u00e9dia mensal superior a 500 quilowatt\/hora (kWh)&hellip; <\/p>\n","protected":false},"author":2,"featured_media":14108,"comment_status":"closed","ping_status":"closed","sticky":false,"template":"","format":"standard","meta":{"sfsi_plus_gutenberg_text_before_share":"","sfsi_plus_gutenberg_show_text_before_share":"","sfsi_plus_gutenberg_icon_type":"","sfsi_plus_gutenberg_icon_alignemt":"","sfsi_plus_gutenburg_max_per_row":"","footnotes":""},"categories":[2],"tags":[],"class_list":["post-36156","post","type-post","status-publish","format-standard","has-post-thumbnail","hentry","category-geral"],"_links":{"self":[{"href":"https:\/\/www.caririemacao.com\/1\/wp-json\/wp\/v2\/posts\/36156","targetHints":{"allow":["GET"]}}],"collection":[{"href":"https:\/\/www.caririemacao.com\/1\/wp-json\/wp\/v2\/posts"}],"about":[{"href":"https:\/\/www.caririemacao.com\/1\/wp-json\/wp\/v2\/types\/post"}],"author":[{"embeddable":true,"href":"https:\/\/www.caririemacao.com\/1\/wp-json\/wp\/v2\/users\/2"}],"replies":[{"embeddable":true,"href":"https:\/\/www.caririemacao.com\/1\/wp-json\/wp\/v2\/comments?post=36156"}],"version-history":[{"count":0,"href":"https:\/\/www.caririemacao.com\/1\/wp-json\/wp\/v2\/posts\/36156\/revisions"}],"wp:featuredmedia":[{"embeddable":true,"href":"https:\/\/www.caririemacao.com\/1\/wp-json\/wp\/v2\/media\/14108"}],"wp:attachment":[{"href":"https:\/\/www.caririemacao.com\/1\/wp-json\/wp\/v2\/media?parent=36156"}],"wp:term":[{"taxonomy":"category","embeddable":true,"href":"https:\/\/www.caririemacao.com\/1\/wp-json\/wp\/v2\/categories?post=36156"},{"taxonomy":"post_tag","embeddable":true,"href":"https:\/\/www.caririemacao.com\/1\/wp-json\/wp\/v2\/tags?post=36156"}],"curies":[{"name":"wp","href":"https:\/\/api.w.org\/{rel}","templated":true}]}}