{"id":36158,"date":"2018-01-02T08:50:36","date_gmt":"2018-01-02T11:50:36","guid":{"rendered":"http:\/\/caririemacao.com\/1\/?p=36158"},"modified":"2018-01-02T08:50:36","modified_gmt":"2018-01-02T11:50:36","slug":"eleitor-de-bolsonaro-e-o-mais-ativo-nas-redes-aponta-datafolha","status":"publish","type":"post","link":"https:\/\/www.caririemacao.com\/1\/2018\/01\/02\/eleitor-de-bolsonaro-e-o-mais-ativo-nas-redes-aponta-datafolha\/","title":{"rendered":"Eleitor de Bolsonaro \u00e9 o mais ativo nas redes, aponta Datafolha"},"content":{"rendered":"<p>Os brasileiros que declaram voto em Jair Bolsonaro (PSC) para presidente s\u00e3o, proporcionalmente, os que mais compartilham not\u00edcias sobre pol\u00edtica e elei\u00e7\u00f5es no Facebook e no WhatsApp, segundo pesquisa realizada no fim de novembro pelo Datafolha.<\/p>\n<p>Entre os eleitores do deputado federal com acesso \u00e0 internet, 87% t\u00eam conta no Facebook, e 40% deles dizem compartilhar notici\u00e1rio pol\u00edtico-eleitoral na plataforma; 93% t\u00eam conta no WhatsApp, e 43% declaram disseminar o conte\u00fado.<\/p>\n<p>Segundo analistas como o historiador brit\u00e2nico Niall Ferguson, a exemplo do que aconteceu na\u00a0elei\u00e7\u00e3o de Donald Trump\u00a0nos EUA, tamb\u00e9m no Brasil o candidato que compreender melhor como usar m\u00eddia social ter\u00e1 mais chance de vencer.<\/p>\n<p>Para o consultor Fl\u00e1vio Ferrari, que dirigiu os institutos Ipsos e Ibope, &#8220;as redes sociais ganham import\u00e2ncia eleitoral na medida em que n\u00e3o s\u00e3o sujeitas \u00e0s restri\u00e7\u00f5es das demais m\u00eddias&#8221; e poder\u00e3o &#8220;contribuir significativamente para o desempenho de um candidato&#8221;.<\/p>\n<p>Entre os eleitores do ex-presidente Lula (PT), que lidera na inten\u00e7\u00e3o de voto, 74% t\u00eam conta no Facebook, e 31% compartilham notici\u00e1rio pol\u00edtico-eleitoral; 79% t\u00eam conta no WhatsApp, e 30% disseminam o conte\u00fado.<\/p>\n<p>Os de Marina Silva (Rede) t\u00eam n\u00fameros pr\u00f3ximos aos de Bolsonaro quanto ao alcance (86% no Facebook, 91% no WhatsApp), mas inferiores quanto ao engajamento (28% e 27%, respectivamente).<\/p>\n<p>A pesquisa sobre os meios de informa\u00e7\u00e3o pol\u00edtica foi realizada nos dias 29 e 30 de novembro, com 2.765 entrevistas presenciais em 192 cidades. A margem de erro \u00e9 de dois pontos percentuais.<\/p>\n<p>De acordo com o Datafolha,\u00a070% dos brasileiros maiores de 16 anos t\u00eam conta em redes sociais. E entre eles 84% est\u00e3o no WhatsApp, em propor\u00e7\u00e3o maior que aqueles que t\u00eam conta no Facebook, que alcan\u00e7am 77%.<b>WHATSAPP<\/b><\/p>\n<p>A elevada ado\u00e7\u00e3o do WhatsApp no Brasil torna o servi\u00e7o de mensagens \u2013que foi comprado pelo pr\u00f3prio Facebook, mas \u00e9, do ponto de vista do usu\u00e1rio, desvinculado de sua plataforma\u2013 uma das principais arenas para a campanha eleitoral de 2018.<\/p>\n<p>A expectativa \u00e9 que o WhatsApp seja um foco de not\u00edcias falsas. E conter &#8220;fake news&#8221; em aplicativos de mensagens \u00e9 ainda mais dif\u00edcil do que faz\u00ea-lo em redes sociais e servi\u00e7os de busca, mais identificados com o fen\u00f4meno nos \u00faltimos dois anos.<\/p>\n<p>O jornalista Edgard Matsuki, que criou o site de checagem Boatos.org em junho de 2013 e h\u00e1 mais de um ano passou a acompanhar tamb\u00e9m o WhatsApp, afirma que o servi\u00e7o j\u00e1 foi tomado por &#8220;fake news&#8221;, em grande parte no formato de \u00e1udio.&#8221;No Brasil, ele transcendeu o papel das mensagens para se tornar uma rede de microcomunidades em torno de temas de interesse&#8221;, diz Ferrari. &#8220;Ser\u00e1 uma importante ferramenta para a mobiliza\u00e7\u00e3o de eleitores ativistas.&#8221;<\/p>\n<p>De in\u00edcio, os boatos surgiam no aplicativo e depois eram usados por sites e contas de Facebook. Mais recentemente, ele passou a ser usado tamb\u00e9m como ferramenta para a dissemina\u00e7\u00e3o e busca de audi\u00eancia para not\u00edcias inventadas em sites.<\/p>\n<p>&#8220;\u00c9 ainda mais complicado adotar a\u00e7\u00f5es para frear os conte\u00fados falsos no WhatsApp porque, pelo menos em teoria, todas as mensagens s\u00e3o criptografadas&#8221;, diz Matsuki, que defende respeitar essa &#8220;possibilidade de o usu\u00e1rio ter um pouquinho de privacidade para conversar&#8221;.<\/p>\n<p>No Facebook, mesmo com as diversas a\u00e7\u00f5es anunciadas pela plataforma, um levantamento divulgado na \u00faltima quinta-feira pelo site &#8220;BuzzFeed&#8221; indica que as not\u00edcias falsas cresceram em 2017 em vez de diminuir, apesar de n\u00e3o ser ano eleitoral.<\/p>\n<p><strong>DESCONFIAN\u00c7A<\/strong><\/p>\n<p>Por outro lado, o Datafolha sobre meios de informa\u00e7\u00e3o traz dados que parecem indicar um questionamento mais atento, pelos brasileiros maiores de 16 anos, das informa\u00e7\u00f5es que v\u00eam recebendo por meio das redes sociais.<\/p>\n<p>Por exemplo, apenas 3% deles afirmam que todas as not\u00edcias veiculadas em m\u00eddia social s\u00e3o confi\u00e1veis. Para os jornais impressos e os jornal\u00edsticos de TV aberta, o percentual est\u00e1 em 14% e 17%, respectivamente.<\/p>\n<p>De maneira geral, 80% afirmam recorrer a telejornais de TV aberta para se informar sobre pol\u00edtica, contra 56% que citam sites de not\u00edcias, 55% para as redes sociais e 48% para jornais impressos.<\/p>\n<p><strong>CARIRI EM A\u00c7\u00c3O<\/strong><\/p>\n<p><em>Com Folha de S\u00e3o Paulo\/Foto: Reprodu\u00e7\u00e3o google<\/em><\/p>\n<p><strong>Leia mais not\u00edcias em\u00a0<\/strong><a href=\"http:\/\/www.caririemacao.com\/\"><strong>caririemacao.com<\/strong><\/a><strong>, siga nossa p\u00e1gina no\u00a0<\/strong><a href=\"https:\/\/www.facebook.com\/CaririEmAcao\/?ref=aymt_homepage_panel\"><strong>Facebook<\/strong><\/a>,<strong>\u00a0<\/strong><a href=\"https:\/\/www.instagram.com\/cariri_em_acao\/?hl=pt-br\"><strong>Instagram<\/strong><\/a><strong>\u00a0e <\/strong><a href=\"https:\/\/www.youtube.com\/channel\/UCAptA0jQuYQy8vMhLt2m4qg\"><strong>Youtube<\/strong><\/a><strong>\u00a0e veja nossas mat\u00e9rias, v\u00eddeos e fotos. Voc\u00ea tamb\u00e9m pode enviar informa\u00e7\u00f5es \u00e0 Reda\u00e7\u00e3o do Portal Cariri em A\u00e7\u00e3o pelo WhatsApp (83) 9 9634.5791, (83) 9 9601-1162.<\/strong><\/p>\n","protected":false},"excerpt":{"rendered":"<p>Os brasileiros que declaram voto em Jair Bolsonaro (PSC) para presidente s\u00e3o, proporcionalmente, os que mais compartilham not\u00edcias sobre pol\u00edtica e elei\u00e7\u00f5es no Facebook e&hellip; <\/p>\n","protected":false},"author":2,"featured_media":36159,"comment_status":"closed","ping_status":"closed","sticky":false,"template":"","format":"standard","meta":{"sfsi_plus_gutenberg_text_before_share":"","sfsi_plus_gutenberg_show_text_before_share":"","sfsi_plus_gutenberg_icon_type":"","sfsi_plus_gutenberg_icon_alignemt":"","sfsi_plus_gutenburg_max_per_row":"","footnotes":""},"categories":[11],"tags":[],"class_list":["post-36158","post","type-post","status-publish","format-standard","has-post-thumbnail","hentry","category-politica"],"_links":{"self":[{"href":"https:\/\/www.caririemacao.com\/1\/wp-json\/wp\/v2\/posts\/36158","targetHints":{"allow":["GET"]}}],"collection":[{"href":"https:\/\/www.caririemacao.com\/1\/wp-json\/wp\/v2\/posts"}],"about":[{"href":"https:\/\/www.caririemacao.com\/1\/wp-json\/wp\/v2\/types\/post"}],"author":[{"embeddable":true,"href":"https:\/\/www.caririemacao.com\/1\/wp-json\/wp\/v2\/users\/2"}],"replies":[{"embeddable":true,"href":"https:\/\/www.caririemacao.com\/1\/wp-json\/wp\/v2\/comments?post=36158"}],"version-history":[{"count":0,"href":"https:\/\/www.caririemacao.com\/1\/wp-json\/wp\/v2\/posts\/36158\/revisions"}],"wp:featuredmedia":[{"embeddable":true,"href":"https:\/\/www.caririemacao.com\/1\/wp-json\/wp\/v2\/media\/36159"}],"wp:attachment":[{"href":"https:\/\/www.caririemacao.com\/1\/wp-json\/wp\/v2\/media?parent=36158"}],"wp:term":[{"taxonomy":"category","embeddable":true,"href":"https:\/\/www.caririemacao.com\/1\/wp-json\/wp\/v2\/categories?post=36158"},{"taxonomy":"post_tag","embeddable":true,"href":"https:\/\/www.caririemacao.com\/1\/wp-json\/wp\/v2\/tags?post=36158"}],"curies":[{"name":"wp","href":"https:\/\/api.w.org\/{rel}","templated":true}]}}