{"id":36161,"date":"2018-01-02T08:53:19","date_gmt":"2018-01-02T11:53:19","guid":{"rendered":"http:\/\/caririemacao.com\/1\/?p=36161"},"modified":"2018-01-02T08:53:19","modified_gmt":"2018-01-02T11:53:19","slug":"veja-lista-de-concursos-previstos-para-2018-na-paraiba","status":"publish","type":"post","link":"https:\/\/www.caririemacao.com\/1\/2018\/01\/02\/veja-lista-de-concursos-previstos-para-2018-na-paraiba\/","title":{"rendered":"Veja lista de concursos previstos para 2018 na Para\u00edba"},"content":{"rendered":"<article>\n<div class=\"mc-column content-media content-media--normal  content-photo\" data-block-type=\"backstage-photo\" data-block-id=\"0\">\n<div class=\"content-media__container\">\n<div class=\"content-media__description-centered \">\n<p class=\"content-media__description\">Pelo menos quatro \u00f3rg\u00e3os p\u00fablicos da administra\u00e7\u00e3o direta, indireta e o Minist\u00e9rio P\u00fablico devem abrir vagas de emprego por meio de concursos previstos para 2018. No levantamento preliminar feito pelo<strong>\u00a0G1<\/strong>, pelo menos 750 vagas de emprego devem ser abertas no Minist\u00e9rio P\u00fablico da Para\u00edba (MPPB), na prefeitura de Jo\u00e3o Pessoa, e na prefeitura e c\u00e2mara municipal de Campina Grande.<\/p>\n<\/div>\n<\/div>\n<\/div>\n<div class=\"mc-column content-text active-extra-styles active-capital-letter\" data-block-type=\"unstyled\" data-block-weight=\"60\" data-block-id=\"2\">\n<p class=\"content-text__container theme-color-primary-first-letter\" data-track-category=\"Link no Texto\" data-track-links=\"\"><strong>Prefeitura Municipal de Jo\u00e3o Pessoa<\/strong><\/p>\n<\/div>\n<div class=\"mc-column content-text active-extra-styles \" data-block-type=\"unstyled\" data-block-weight=\"43\" data-block-id=\"4\">\n<p class=\"content-text__container \" data-track-category=\"Link no Texto\" data-track-links=\"\">De acordo com a Secretaria de Comunica\u00e7\u00e3o da capital paraibana (Secom), contando com o concurso da Controladoria-Geral do Munic\u00edpio, que j\u00e1 teve inscri\u00e7\u00f5es encerradas e est\u00e1 com provas previstas para acontecer em 28 de janeiro, outros tr\u00eas concursos p\u00fablicos est\u00e3o previstos para 2018:<\/p>\n<\/div>\n<div class=\"mc-column content-text active-extra-styles \" data-block-type=\"unstyled\" data-block-weight=\"5\" data-block-id=\"5\">\n<p class=\"content-text__container \" data-track-category=\"Link no Texto\" data-track-links=\"\"><strong>Secretaria de Desenvolvimento Urbano (Sedurb)<\/strong><\/p>\n<\/div>\n<div class=\"mc-column content-text active-extra-styles\" data-block-type=\"raw\" data-block-weight=\"17\" data-block-id=\"6\">\n<ul class=\"content-unordered-list\">\n<li>N\u00famero de vagas previstas: 70 vagas<\/li>\n<li>Situa\u00e7\u00e3o atual: Em fase de processo licitat\u00f3rio para escolha da organizadora.<\/li>\n<\/ul>\n<\/div>\n<div class=\"mc-column content-text active-extra-styles \" data-block-type=\"unstyled\" data-block-weight=\"5\" data-block-id=\"7\">\n<p class=\"content-text__container \" data-track-category=\"Link no Texto\" data-track-links=\"\"><strong>Instituto de Previd\u00eancia Municipal (IPM)<\/strong><\/p>\n<\/div>\n<div class=\"mc-column content-text active-extra-styles\" data-block-type=\"raw\" data-block-weight=\"19\" data-block-id=\"8\">\n<ul class=\"content-unordered-list\">\n<li>N\u00famero de vagas previstas: 60 vagas<\/li>\n<li>Situa\u00e7\u00e3o atual: A organizadora respons\u00e1vel pelo concurso, a Ibade, est\u00e1 elaborando o edital<\/li>\n<\/ul>\n<\/div>\n<div class=\"mc-column content-text active-extra-styles \" data-block-type=\"unstyled\" data-block-weight=\"5\" data-block-id=\"9\">\n<p class=\"content-text__container \" data-track-category=\"Link no Texto\" data-track-links=\"\"><strong>Secretaria Municipal de Sa\u00fade (SMS)<\/strong><\/p>\n<\/div>\n<div class=\"mc-column content-text active-extra-styles\" data-block-type=\"raw\" data-block-weight=\"28\" data-block-id=\"10\">\n<ul class=\"content-unordered-list\">\n<li>N\u00famero de vagas previstas: 587 vagas<\/li>\n<li>Locais de trabalho: Samu e UPAs Banc\u00e1rios e Cruz das Armas<\/li>\n<li>Situa\u00e7\u00e3o atual: Em fase de processo licitat\u00f3rio para escolha da organizadora<\/li>\n<\/ul>\n<p><strong>Prefeitura Municipal de Campina Grande<\/strong><\/p>\n<\/div>\n<div class=\"mc-column content-text active-extra-styles \" data-block-type=\"unstyled\" data-block-weight=\"63\" data-block-id=\"12\">\n<p class=\"content-text__container \" data-track-category=\"Link no Texto\" data-track-links=\"\">De acordo com Paulo Roberto, secret\u00e1rio de Administra\u00e7\u00e3o de Campina Grande, h\u00e1 previs\u00e3o de concursos para as secretarias de Educa\u00e7\u00e3o e Sa\u00fade, ainda no primeiro semestre de 2018. O secret\u00e1rio informou ainda que at\u00e9 28 de dezembro, uma comiss\u00e3o estava fazendo um levantamento para saber o n\u00famero de vagas e quais os cargos, antes de fazer o processo licitat\u00f3rio para escolha das organizadoras.<\/p>\n<p class=\"content-text__container \" data-track-category=\"Link no Texto\" data-track-links=\"\"><strong>C\u00e2mara Municipal de Campina Grande<\/strong><\/p>\n<\/div>\n<div class=\"mc-column content-text active-extra-styles \" data-block-type=\"unstyled\" data-block-weight=\"74\" data-block-id=\"14\">\n<p class=\"content-text__container \" data-track-category=\"Link no Texto\" data-track-links=\"\">A presidente da C\u00e2mara Municipal de Campina Grande, Ivonete Ludg\u00e9rio (PSD), informou que at\u00e9 o segundo semestre de 2018, um edital de concurso deve ser publicado para o \u00f3rg\u00e3o. Segundo a vereadora, uma comiss\u00e3o est\u00e1 fazendo um levantamento para saber quais setores est\u00e3o carentes de funcion\u00e1rios e avaliando a quantidade de vagas e quais os cargos. Em primeira an\u00e1lise, o n\u00famero deve ser entre 30 e 40 vagas. N\u00e3o foi informada a faixa salarial.<\/p>\n<p class=\"content-text__container \" data-track-category=\"Link no Texto\" data-track-links=\"\"><strong>Minist\u00e9rio P\u00fablico da Para\u00edba<\/strong><\/p>\n<\/div>\n<div class=\"mc-column content-text active-extra-styles \" data-block-type=\"unstyled\" data-block-weight=\"66\" data-block-id=\"17\">\n<p class=\"content-text__container \" data-track-category=\"Link no Texto\" data-track-links=\"\">A assessoria de comunica\u00e7\u00e3o do MPPB informou que o \u00f3rg\u00e3o prev\u00ea a realiza\u00e7\u00e3o de concurso para promotor substituto em 2018, por\u00e9m o n\u00famero de vagas ainda n\u00e3o foi definido, uma vez que a comiss\u00e3o para o concurso foi elaborada pouco antes do recesso de fim de ano. Ainda segundo o \u00f3rg\u00e3o, no in\u00edcio do ano a organizadora deve ser escolhida e o edital deve ser divulgado.<\/p>\n<p class=\"content-text__container \" data-track-category=\"Link no Texto\" data-track-links=\"\"><strong>Governo da Para\u00edba<\/strong><\/p>\n<\/div>\n<div class=\"mc-column content-text active-extra-styles \" data-block-type=\"unstyled\" data-block-weight=\"61\" data-block-id=\"19\">\n<p class=\"content-text__container \" data-track-category=\"Link no Texto\" data-track-links=\"\">Segundo Liv\u00e2nia Farias, secret\u00e1ria de administra\u00e7\u00e3o da Para\u00edba, at\u00e9 o dia 27 de dezembro ainda n\u00e3o havia sido debatido a possibilidade de concurso para o Estado em 2018. At\u00e9 a data, apenas a conclus\u00e3o do concurso para professor da rede estadual, que ofereceu 1 mil vagas, estava prevista. O resultado final do concurso deve ser divulgado no dia 26 de janeiro.<\/p>\n<p class=\"content-text__container \" data-track-category=\"Link no Texto\" data-track-links=\"\"><strong>Tribunal de Justi\u00e7a da Para\u00edba<\/strong><\/p>\n<\/div>\n<div data-track-category=\"fim do conteudo\" data-track-action=\"ultimo chunk conteudo\" data-track-noninteraction=\"false\" data-track-scroll=\"entrada completa viewport\">\n<div class=\"mc-column content-text active-extra-styles \" data-block-type=\"unstyled\" data-block-weight=\"11\" data-block-id=\"21\">\n<p class=\"content-text__container \" data-track-category=\"Link no Texto\" data-track-links=\"\">O TJPB informou que n\u00e3o h\u00e1 previs\u00e3o de concursos para 2018.<\/p>\n<p><strong>CARIRI EM A\u00c7\u00c3O<\/strong><\/p>\n<p><em>Com G1 \/Foto: Reprodu\u00e7\u00e3o google<\/em><\/p>\n<p><strong>Leia mais not\u00edcias em\u00a0<\/strong><a href=\"http:\/\/www.caririemacao.com\/\"><strong>caririemacao.com<\/strong><\/a><strong>, siga nossa p\u00e1gina no\u00a0<\/strong><a href=\"https:\/\/www.facebook.com\/CaririEmAcao\/?ref=aymt_homepage_panel\"><strong>Facebook<\/strong><\/a>,<strong>\u00a0<\/strong><a href=\"https:\/\/www.instagram.com\/cariri_em_acao\/?hl=pt-br\"><strong>Instagram<\/strong><\/a><strong>\u00a0e <\/strong><a href=\"https:\/\/www.youtube.com\/channel\/UCAptA0jQuYQy8vMhLt2m4qg\"><strong>Youtube<\/strong><\/a><strong>\u00a0e veja nossas mat\u00e9rias, v\u00eddeos e fotos. Voc\u00ea tamb\u00e9m pode enviar informa\u00e7\u00f5es \u00e0 Reda\u00e7\u00e3o do Portal Cariri em A\u00e7\u00e3o pelo WhatsApp (83) 9 9634.5791, (83) 9 9601-1162.<\/strong><\/p>\n<\/div>\n<\/div>\n<\/article>\n<div class=\"mc-column comments\"><\/div>\n","protected":false},"excerpt":{"rendered":"<p>Pelo menos quatro \u00f3rg\u00e3os p\u00fablicos da administra\u00e7\u00e3o direta, indireta e o Minist\u00e9rio P\u00fablico devem abrir vagas de emprego por meio de concursos previstos para 2018.&hellip; <\/p>\n","protected":false},"author":2,"featured_media":704,"comment_status":"closed","ping_status":"closed","sticky":false,"template":"","format":"standard","meta":{"sfsi_plus_gutenberg_text_before_share":"","sfsi_plus_gutenberg_show_text_before_share":"","sfsi_plus_gutenberg_icon_type":"","sfsi_plus_gutenberg_icon_alignemt":"","sfsi_plus_gutenburg_max_per_row":"","footnotes":""},"categories":[2],"tags":[],"class_list":["post-36161","post","type-post","status-publish","format-standard","has-post-thumbnail","hentry","category-geral"],"_links":{"self":[{"href":"https:\/\/www.caririemacao.com\/1\/wp-json\/wp\/v2\/posts\/36161","targetHints":{"allow":["GET"]}}],"collection":[{"href":"https:\/\/www.caririemacao.com\/1\/wp-json\/wp\/v2\/posts"}],"about":[{"href":"https:\/\/www.caririemacao.com\/1\/wp-json\/wp\/v2\/types\/post"}],"author":[{"embeddable":true,"href":"https:\/\/www.caririemacao.com\/1\/wp-json\/wp\/v2\/users\/2"}],"replies":[{"embeddable":true,"href":"https:\/\/www.caririemacao.com\/1\/wp-json\/wp\/v2\/comments?post=36161"}],"version-history":[{"count":0,"href":"https:\/\/www.caririemacao.com\/1\/wp-json\/wp\/v2\/posts\/36161\/revisions"}],"wp:featuredmedia":[{"embeddable":true,"href":"https:\/\/www.caririemacao.com\/1\/wp-json\/wp\/v2\/media\/704"}],"wp:attachment":[{"href":"https:\/\/www.caririemacao.com\/1\/wp-json\/wp\/v2\/media?parent=36161"}],"wp:term":[{"taxonomy":"category","embeddable":true,"href":"https:\/\/www.caririemacao.com\/1\/wp-json\/wp\/v2\/categories?post=36161"},{"taxonomy":"post_tag","embeddable":true,"href":"https:\/\/www.caririemacao.com\/1\/wp-json\/wp\/v2\/tags?post=36161"}],"curies":[{"name":"wp","href":"https:\/\/api.w.org\/{rel}","templated":true}]}}