{"id":36188,"date":"2018-01-02T09:50:05","date_gmt":"2018-01-02T12:50:05","guid":{"rendered":"http:\/\/caririemacao.com\/1\/?p=36188"},"modified":"2018-01-02T09:50:05","modified_gmt":"2018-01-02T12:50:05","slug":"governo-nega-boatos-de-falta-de-comida-e-situacao-precaria-antes-de-rebeliao","status":"publish","type":"post","link":"https:\/\/www.caririemacao.com\/1\/2018\/01\/02\/governo-nega-boatos-de-falta-de-comida-e-situacao-precaria-antes-de-rebeliao\/","title":{"rendered":"Governo nega boatos de falta de comida e situa\u00e7\u00e3o prec\u00e1ria antes de rebeli\u00e3o"},"content":{"rendered":"<p>A Superintend\u00eancia Executiva de Administra\u00e7\u00e3o Penitenci\u00e1ria (Seap) da Secretaria de Seguran\u00e7a P\u00fablica de Administra\u00e7\u00e3o Penitenci\u00e1ria (SSPAP) de Goi\u00e1s encaminhou nota na manh\u00e3 desta ter\u00e7a-feira (2\/1) para negar boatos sobre as condi\u00e7\u00f5es dos detentos no Col\u00f4nia Agroindustrial do Regime Semiaberto, no Complexo Prisional de Aparecida de Goi\u00e2nia, palco de rebeli\u00e3o na \u00faltima segunda-feira (1\u00ba\/1).<\/p>\n<p>Segundo informa\u00e7\u00e3o do \u00f3rg\u00e3o, os detentos n\u00e3o sofrem com falta de comida e todas as refei\u00e7\u00f5es s\u00e3o servidas normalmente. A nota informa que o problema de falta de \u00e1gua, outra reclama\u00e7\u00e3o dos presos, foi pontual, apenas na segunda-feira, e que foi solucionado pela Saneago.<\/p>\n<p>Al\u00e9m disso, a superintend\u00eancia afirma que realiza campanhas para manter a sa\u00fade dos detentos em dia e que realizar\u00e1 novos trabalhos para detectar e eliminar poss\u00edveis problemas de coceiras.<\/p>\n<p>Est\u00e1 marcada para esta ter\u00e7a-feira (2) uma coletiva de imprensa com o superintendente executivo de Administra\u00e7\u00e3o Penitenci\u00e1ria, tenente-coronel Newton Castilho, para esclarecer as circunst\u00e2ncias da rebeli\u00e3o.<\/p>\n<p>Nove presos morreram e 14 ficaram feridos depois que detentos que estavam na ala C, invadiram as alas A, B e D. Durante o confronto, os internos chegaram a incendiar a unidade prisional. Foi preciso a a\u00e7\u00e3o do Corpo de Bombeiros para apagar o inc\u00eandio. Por volta das 16 horas, o pres\u00eddio foi retomado pelo Grupo de Opera\u00e7\u00f5es Penitenci\u00e1rias Especiais (Gope), com apoio do Batalh\u00e3o de Choque da Pol\u00edcia Militar.<\/p>\n<p><strong>CARIRI EM A\u00c7\u00c3O<\/strong><\/p>\n<p><em>Com R7\/Foto: Reprodu\u00e7\u00e3o google<\/em><\/p>\n<p><strong>Leia mais not\u00edcias em\u00a0<\/strong><a href=\"http:\/\/www.caririemacao.com\/\"><strong>caririemacao.com<\/strong><\/a><strong>, siga nossa p\u00e1gina no\u00a0<\/strong><a href=\"https:\/\/www.facebook.com\/CaririEmAcao\/?ref=aymt_homepage_panel\"><strong>Facebook<\/strong><\/a>,<strong>\u00a0<\/strong><a href=\"https:\/\/www.instagram.com\/cariri_em_acao\/?hl=pt-br\"><strong>Instagram<\/strong><\/a><strong>\u00a0e <\/strong><a href=\"https:\/\/www.youtube.com\/channel\/UCAptA0jQuYQy8vMhLt2m4qg\"><strong>Youtube<\/strong><\/a><strong>\u00a0e veja nossas mat\u00e9rias, v\u00eddeos e fotos. Voc\u00ea tamb\u00e9m pode enviar informa\u00e7\u00f5es \u00e0 Reda\u00e7\u00e3o do Portal Cariri em A\u00e7\u00e3o pelo WhatsApp (83) 9 9634.5791, (83) 9 9601-1162.<\/strong><\/p>\n","protected":false},"excerpt":{"rendered":"<p>A Superintend\u00eancia Executiva de Administra\u00e7\u00e3o Penitenci\u00e1ria (Seap) da Secretaria de Seguran\u00e7a P\u00fablica de Administra\u00e7\u00e3o Penitenci\u00e1ria (SSPAP) de Goi\u00e1s encaminhou nota na manh\u00e3 desta ter\u00e7a-feira (2\/1)&hellip; <\/p>\n","protected":false},"author":2,"featured_media":36189,"comment_status":"closed","ping_status":"closed","sticky":false,"template":"","format":"standard","meta":{"sfsi_plus_gutenberg_text_before_share":"","sfsi_plus_gutenberg_show_text_before_share":"","sfsi_plus_gutenberg_icon_type":"","sfsi_plus_gutenberg_icon_alignemt":"","sfsi_plus_gutenburg_max_per_row":"","footnotes":""},"categories":[2],"tags":[],"class_list":["post-36188","post","type-post","status-publish","format-standard","has-post-thumbnail","hentry","category-geral"],"_links":{"self":[{"href":"https:\/\/www.caririemacao.com\/1\/wp-json\/wp\/v2\/posts\/36188","targetHints":{"allow":["GET"]}}],"collection":[{"href":"https:\/\/www.caririemacao.com\/1\/wp-json\/wp\/v2\/posts"}],"about":[{"href":"https:\/\/www.caririemacao.com\/1\/wp-json\/wp\/v2\/types\/post"}],"author":[{"embeddable":true,"href":"https:\/\/www.caririemacao.com\/1\/wp-json\/wp\/v2\/users\/2"}],"replies":[{"embeddable":true,"href":"https:\/\/www.caririemacao.com\/1\/wp-json\/wp\/v2\/comments?post=36188"}],"version-history":[{"count":0,"href":"https:\/\/www.caririemacao.com\/1\/wp-json\/wp\/v2\/posts\/36188\/revisions"}],"wp:featuredmedia":[{"embeddable":true,"href":"https:\/\/www.caririemacao.com\/1\/wp-json\/wp\/v2\/media\/36189"}],"wp:attachment":[{"href":"https:\/\/www.caririemacao.com\/1\/wp-json\/wp\/v2\/media?parent=36188"}],"wp:term":[{"taxonomy":"category","embeddable":true,"href":"https:\/\/www.caririemacao.com\/1\/wp-json\/wp\/v2\/categories?post=36188"},{"taxonomy":"post_tag","embeddable":true,"href":"https:\/\/www.caririemacao.com\/1\/wp-json\/wp\/v2\/tags?post=36188"}],"curies":[{"name":"wp","href":"https:\/\/api.w.org\/{rel}","templated":true}]}}