{"id":36191,"date":"2018-01-02T09:58:57","date_gmt":"2018-01-02T12:58:57","guid":{"rendered":"http:\/\/caririemacao.com\/1\/?p=36191"},"modified":"2018-01-02T09:58:57","modified_gmt":"2018-01-02T12:58:57","slug":"marun-avalia-reforma-faltam-de-40-a-50-votos","status":"publish","type":"post","link":"https:\/\/www.caririemacao.com\/1\/2018\/01\/02\/marun-avalia-reforma-faltam-de-40-a-50-votos\/","title":{"rendered":"Marun avalia reforma: &#8216;Faltam de 40 a 50 votos&#8217;"},"content":{"rendered":"<section class=\"l-noticia\">O governo acredita que tem entre 260 e 270 votos a favor da Reforma da Previd\u00eancia. A estimativa foi feita pelo ministro da Secretaria de Governo, Carlos Marun, em entrevista \u00e0 CBN. Por\u00e9m, para a aprova\u00e7\u00e3o, 308 deputados precisam apoiar a mudan\u00e7a nas aposentadorias. Marun disse que o governo ainda n\u00e3o tem os votos necess\u00e1rios por causa de um &#8216;receio eleitoral&#8217;, mas acredita que vai conseguir o apoio.<\/p>\n<p>&#8216;Faltam de 40 a 50 votos. S\u00e3o votos que n\u00f3s vamos buscar com o apoio da sociedade. Nesse momento \u00e9 muito importante a participa\u00e7\u00e3o da sociedade, porque n\u00e3o existe mais argumentos contra a reforma. O que existe \u00e9 um certo receio de alguma consequ\u00eancia eleitoral. Isso faz com que a gente ainda n\u00e3o tenha os votos necess\u00e1rios. Esse receio, no entanto, est\u00e1 deixando de existir em fun\u00e7\u00e3o da conscientiza\u00e7\u00e3o da sociedade&#8217;<\/p>\n<p>Para buscar os votos que faltam, Marun disse que foca em tentar convencer os parlamentares da base. A estimativa \u00e9 de que cem deputados aliados ainda n\u00e3o apoiam a medida. Para Marun, o governo consegue a aprova\u00e7\u00e3o da reforma com o apoio de metade dos indecisos.<\/p>\n<p>&#8216;Vamos trabalhar nesses cerca de 100 parlamentares de partidos da nossa base que ainda se dizem indecisos ou contr\u00e1rios \u00e0 reforma. Se conseguirmos metade desses indecisos, teremos a vit\u00f3ria&#8217;.<\/p>\n<p>O ministro garantiu que a \u00fanica moeda de troca ser\u00e1 o &#8216;convencimento&#8217;. Marun voltou a negar que tenha condicionado a libera\u00e7\u00e3o de empr\u00e9stimos de bancos p\u00fablicos aos governadores que apoiassem as mudan\u00e7as da Previd\u00eancia. No in\u00edcio da semana, o ministro disse que os governadores que trouxessem votos para a reforma teriam os financiamentos liberados. O ministro negou a chantagem e afirmou que apenas busca o apoio atrav\u00e9s do di\u00e1logo.<\/p>\n<p>&#8216;Eu nunca condicionei e nunca falei que ia condicionar. (&#8230;) O que eu falei \u00e9 que vou querer dialogar com todos os agentes p\u00fablicos, em especial os que s\u00e3o parceiros do govern , no sentido de tentar despertar neles a necess\u00e1ria responsabilidade. E ter responsabilidade nesse momento como agente p\u00fablico \u00e9 apoiar a reforma da Previd\u00eancia&#8217;.<\/p>\n<p><strong>CARIRI EM A\u00c7\u00c3O<\/strong><\/p>\n<p><em>Com Wscom\/Foto: Reprodu\u00e7\u00e3o google<\/em><\/p>\n<p><strong>Leia mais not\u00edcias em\u00a0<\/strong><a href=\"http:\/\/www.caririemacao.com\/\"><strong>caririemacao.com<\/strong><\/a><strong>, siga nossa p\u00e1gina no\u00a0<\/strong><a href=\"https:\/\/www.facebook.com\/CaririEmAcao\/?ref=aymt_homepage_panel\"><strong>Facebook<\/strong><\/a>,<strong>\u00a0<\/strong><a href=\"https:\/\/www.instagram.com\/cariri_em_acao\/?hl=pt-br\"><strong>Instagram<\/strong><\/a><strong>\u00a0e <\/strong><a href=\"https:\/\/www.youtube.com\/channel\/UCAptA0jQuYQy8vMhLt2m4qg\"><strong>Youtube<\/strong><\/a><strong>\u00a0e veja nossas mat\u00e9rias, v\u00eddeos e fotos. Voc\u00ea tamb\u00e9m pode enviar informa\u00e7\u00f5es \u00e0 Reda\u00e7\u00e3o do Portal Cariri em A\u00e7\u00e3o pelo WhatsApp (83) 9 9634.5791, (83) 9 9601-1162.<\/strong><\/p>\n<\/section>\n","protected":false},"excerpt":{"rendered":"<p>O governo acredita que tem entre 260 e 270 votos a favor da Reforma da Previd\u00eancia. A estimativa foi feita pelo ministro da Secretaria de&hellip; <\/p>\n","protected":false},"author":2,"featured_media":36194,"comment_status":"closed","ping_status":"closed","sticky":false,"template":"","format":"standard","meta":{"sfsi_plus_gutenberg_text_before_share":"","sfsi_plus_gutenberg_show_text_before_share":"","sfsi_plus_gutenberg_icon_type":"","sfsi_plus_gutenberg_icon_alignemt":"","sfsi_plus_gutenburg_max_per_row":"","footnotes":""},"categories":[11],"tags":[],"class_list":["post-36191","post","type-post","status-publish","format-standard","has-post-thumbnail","hentry","category-politica"],"_links":{"self":[{"href":"https:\/\/www.caririemacao.com\/1\/wp-json\/wp\/v2\/posts\/36191","targetHints":{"allow":["GET"]}}],"collection":[{"href":"https:\/\/www.caririemacao.com\/1\/wp-json\/wp\/v2\/posts"}],"about":[{"href":"https:\/\/www.caririemacao.com\/1\/wp-json\/wp\/v2\/types\/post"}],"author":[{"embeddable":true,"href":"https:\/\/www.caririemacao.com\/1\/wp-json\/wp\/v2\/users\/2"}],"replies":[{"embeddable":true,"href":"https:\/\/www.caririemacao.com\/1\/wp-json\/wp\/v2\/comments?post=36191"}],"version-history":[{"count":0,"href":"https:\/\/www.caririemacao.com\/1\/wp-json\/wp\/v2\/posts\/36191\/revisions"}],"wp:featuredmedia":[{"embeddable":true,"href":"https:\/\/www.caririemacao.com\/1\/wp-json\/wp\/v2\/media\/36194"}],"wp:attachment":[{"href":"https:\/\/www.caririemacao.com\/1\/wp-json\/wp\/v2\/media?parent=36191"}],"wp:term":[{"taxonomy":"category","embeddable":true,"href":"https:\/\/www.caririemacao.com\/1\/wp-json\/wp\/v2\/categories?post=36191"},{"taxonomy":"post_tag","embeddable":true,"href":"https:\/\/www.caririemacao.com\/1\/wp-json\/wp\/v2\/tags?post=36191"}],"curies":[{"name":"wp","href":"https:\/\/api.w.org\/{rel}","templated":true}]}}