{"id":36196,"date":"2018-01-02T10:02:03","date_gmt":"2018-01-02T13:02:03","guid":{"rendered":"http:\/\/caririemacao.com\/1\/?p=36196"},"modified":"2018-01-02T10:03:41","modified_gmt":"2018-01-02T13:03:41","slug":"paraiba-e-oito-estados-vao-ganhar-68-mil-cisternas-na-regiao-do-semiarido","status":"publish","type":"post","link":"https:\/\/www.caririemacao.com\/1\/2018\/01\/02\/paraiba-e-oito-estados-vao-ganhar-68-mil-cisternas-na-regiao-do-semiarido\/","title":{"rendered":"Para\u00edba e oito estados v\u00e3o ganhar 6,8 mil cisternas na regi\u00e3o do semi\u00e1rido"},"content":{"rendered":"<p>A partir deste m\u00eas, 6.821 fam\u00edlias de oito estados do Nordeste, incluindo a Para\u00edba, e Minas Gerais v\u00e3o ser contempladas com tecnologias que guardam \u00e1gua para a produ\u00e7\u00e3o de alimentos e cria\u00e7\u00e3o de animais. Al\u00e9m disso, cerca de 35% destas fam\u00edlias (2.380) v\u00e3o ter assist\u00eancia t\u00e9cnica agroecol\u00f3gica por um ano ap\u00f3s a instala\u00e7\u00e3o da tecnologia na propriedade. Trata-se de mais uma etapa do Programa Uma Terra e Duas \u00c1guas da Articula\u00e7\u00e3o Semi\u00e1rido Brasileiro (ASA) com apoio financeiro de R$ 100 milh\u00f5es do Banco Nacional de Desenvolvimento Econ\u00f4mico e Social (BNDES). A parceria entre o BNDES e a ASA, com a participa\u00e7\u00e3o da Funda\u00e7\u00e3o Banco do Brasil, vem desde 2013. De l\u00e1 pra c\u00e1, foram investidos R$ 271 milh\u00f5es que possibilitaram a constru\u00e7\u00e3o de 25 mil tecnologias de segunda \u00e1gua para n\u00famero igual de fam\u00edlias agricultoras.<\/p>\n<p>\u201cA parceria com a ASA dialoga perfeitamente com a miss\u00e3o da institui\u00e7\u00e3o, que \u00e9 contribuir para a redu\u00e7\u00e3o das desigualdades sociais e regionais do nosso pa\u00eds. As cisternas de produ\u00e7\u00e3o promovem n\u00e3o s\u00f3 a seguran\u00e7a alimentar das fam\u00edlias atendidas, como tamb\u00e9m conseguem gerar renda para essas fam\u00edlias. Trata-se, portanto, de uma a\u00e7\u00e3o de alto impacto social e \u00e9 isso que o BNDES busca cada vez mais com o uso de seus recursos, seja ele de natureza reembols\u00e1vel ou n\u00e3o\u201d, comenta a Chefe do Departamento de Inclus\u00e3o Produtiva do BNDES, Daniela Arantes.<\/p>\n<p>Atualmente, na regi\u00e3o semi\u00e1rida, cerca de 150 mil fam\u00edlias j\u00e1 fazem uso das tecnologias que estocam \u00e1gua da chuva para cultivo de alimentos. E quase o triplo \u2013 400 mil fam\u00edlias \u2013 necessitam delas para melhorar a sua alimenta\u00e7\u00e3o e tamb\u00e9m a renda.<\/p>\n<h4>Pol\u00edticas p\u00fablicas<\/h4>\n<p>Para Valqu\u00edria Lima, da coordena\u00e7\u00e3o nacional da ASA, essa parceria reanima a ASA, enquanto rede que constr\u00f3i pol\u00edticas p\u00fablicas de conviv\u00eancia com o Semi\u00e1rido, para se fortalecer no di\u00e1logo com o governo federal em defesa da n\u00e3o paralisa\u00e7\u00e3o dos programas de acesso \u00e0 \u00e1gua. \u201cO governo brasileiro precisa entender que essas pol\u00edticas p\u00fablicas n\u00e3o podem ser interrompidas e que ele precisa cumprir sua miss\u00e3o que \u00e9 garantir esse direito fundamental \u00e0s fam\u00edlias do Semi\u00e1rido\u201d, enfatiza.<\/p>\n<p>A implementa\u00e7\u00e3o destas 6.821 tecnologias sociais \u2013 cisternas-cal\u00e7ad\u00e3o, cisternas-enxurrada e barreiros trincheiras \u2013 acontecer\u00e1 durante o ano que vem em 34 territ\u00f3rios de nove estados que a ASA atua (MG, BA, SE. AL, PE, PB, RN, CE e PI). Para as 2.380 fam\u00edlias que ter\u00e3o assist\u00eancia t\u00e9cnica agroecol\u00f3gica, esse acompanhamento se dar\u00e1 no ano de 2019. Elas receber\u00e3o um recurso de R$ 3 mil \u2013 o dobro do valor que as demais fam\u00edlias atendidas pelo programa recebem \u2013 para ampliar a produ\u00e7\u00e3o.<\/p>\n<p>A a\u00e7\u00e3o do Programa Uma Terra e Duas \u00c1guas (P1+2) tamb\u00e9m contempla um processo de capacita\u00e7\u00e3o das fam\u00edlias em gest\u00e3o da \u00e1gua e no manejo agroecol\u00f3gico para a produ\u00e7\u00e3o de alimentos. Essas capacita\u00e7\u00f5es acontecem com a participa\u00e7\u00e3o de representantes das fam\u00edlias em cursos e interc\u00e2mbios e do envolvimento delas em processos de sistematiza\u00e7\u00e3o das suas experi\u00eancias.<\/p>\n<h4>Tecnologias sociais<\/h4>\n<p>Para Naidison Baptista, da coordena\u00e7\u00e3o nacional da ASA, \u00e9 preciso olhar para as tecnologias sociais n\u00e3o s\u00f3 como solu\u00e7\u00f5es baratas e simples, mas como uma oportunidade para as fam\u00edlias sa\u00edrem da situa\u00e7\u00e3o de subalternidade em que se encontram devido \u00e0 falta de pol\u00edticas p\u00fablicas adequadas \u00e0s necessidades de quem vive na regi\u00e3o.<\/p>\n<p>\u201cCom estas tecnologias, quem n\u00e3o tinha \u00e1gua pot\u00e1vel, passa a ter \u00e1gua pot\u00e1vel [atrav\u00e9s do programa que garante a \u00e1gua para consumo humano, o Programa Um Milh\u00e3o de Cisternas]. Quem n\u00e3o tinha \u00e1gua para produzir, tem \u00e1gua para produzir. Os grupos sociais saem da exclus\u00e3o. As pessoas, que estavam marginalizadas, come\u00e7am a satisfazer suas necessidades e ter acesso a direitos. Tamb\u00e9m podemos dizer que as tecnologias sociais promovem a democratiza\u00e7\u00e3o e acesso a bens e servi\u00e7os, neste caso, principalmente, ao bem da \u00e1gua e ao bem da possibilidade da produ\u00e7\u00e3o\u201d, pontua.<\/p>\n<p><strong>CARIRI EM A\u00c7\u00c3O<\/strong><\/p>\n<p><em>Com Jornal da Para\u00edba \/Foto: Reprodu\u00e7\u00e3o google<\/em><\/p>\n<p><strong>Leia mais not\u00edcias em\u00a0<\/strong><a href=\"http:\/\/www.caririemacao.com\/\"><strong>caririemacao.com<\/strong><\/a><strong>, siga nossa p\u00e1gina no\u00a0<\/strong><a href=\"https:\/\/www.facebook.com\/CaririEmAcao\/?ref=aymt_homepage_panel\"><strong>Facebook<\/strong><\/a>,<strong>\u00a0<\/strong><a href=\"https:\/\/www.instagram.com\/cariri_em_acao\/?hl=pt-br\"><strong>Instagram<\/strong><\/a><strong>\u00a0e <\/strong><a href=\"https:\/\/www.youtube.com\/channel\/UCAptA0jQuYQy8vMhLt2m4qg\"><strong>Youtube<\/strong><\/a><strong>\u00a0e veja nossas mat\u00e9rias, v\u00eddeos e fotos. Voc\u00ea tamb\u00e9m pode enviar informa\u00e7\u00f5es \u00e0 Reda\u00e7\u00e3o do Portal Cariri em A\u00e7\u00e3o pelo WhatsApp (83) 9 9634.5791, (83) 9 9601-1162.<\/strong><\/p>\n","protected":false},"excerpt":{"rendered":"<p>A partir deste m\u00eas, 6.821 fam\u00edlias de oito estados do Nordeste, incluindo a Para\u00edba, e Minas Gerais v\u00e3o ser contempladas com tecnologias que guardam \u00e1gua&hellip; <\/p>\n","protected":false},"author":2,"featured_media":36199,"comment_status":"closed","ping_status":"closed","sticky":false,"template":"","format":"standard","meta":{"sfsi_plus_gutenberg_text_before_share":"","sfsi_plus_gutenberg_show_text_before_share":"","sfsi_plus_gutenberg_icon_type":"","sfsi_plus_gutenberg_icon_alignemt":"","sfsi_plus_gutenburg_max_per_row":"","footnotes":""},"categories":[11],"tags":[],"class_list":["post-36196","post","type-post","status-publish","format-standard","has-post-thumbnail","hentry","category-politica"],"_links":{"self":[{"href":"https:\/\/www.caririemacao.com\/1\/wp-json\/wp\/v2\/posts\/36196","targetHints":{"allow":["GET"]}}],"collection":[{"href":"https:\/\/www.caririemacao.com\/1\/wp-json\/wp\/v2\/posts"}],"about":[{"href":"https:\/\/www.caririemacao.com\/1\/wp-json\/wp\/v2\/types\/post"}],"author":[{"embeddable":true,"href":"https:\/\/www.caririemacao.com\/1\/wp-json\/wp\/v2\/users\/2"}],"replies":[{"embeddable":true,"href":"https:\/\/www.caririemacao.com\/1\/wp-json\/wp\/v2\/comments?post=36196"}],"version-history":[{"count":0,"href":"https:\/\/www.caririemacao.com\/1\/wp-json\/wp\/v2\/posts\/36196\/revisions"}],"wp:featuredmedia":[{"embeddable":true,"href":"https:\/\/www.caririemacao.com\/1\/wp-json\/wp\/v2\/media\/36199"}],"wp:attachment":[{"href":"https:\/\/www.caririemacao.com\/1\/wp-json\/wp\/v2\/media?parent=36196"}],"wp:term":[{"taxonomy":"category","embeddable":true,"href":"https:\/\/www.caririemacao.com\/1\/wp-json\/wp\/v2\/categories?post=36196"},{"taxonomy":"post_tag","embeddable":true,"href":"https:\/\/www.caririemacao.com\/1\/wp-json\/wp\/v2\/tags?post=36196"}],"curies":[{"name":"wp","href":"https:\/\/api.w.org\/{rel}","templated":true}]}}