{"id":36206,"date":"2018-01-02T10:25:59","date_gmt":"2018-01-02T13:25:59","guid":{"rendered":"http:\/\/caririemacao.com\/1\/?p=36206"},"modified":"2018-01-02T10:25:59","modified_gmt":"2018-01-02T13:25:59","slug":"forcas-armadas-restauraram-a-ordem-no-rn-diz-jungmann","status":"publish","type":"post","link":"https:\/\/www.caririemacao.com\/1\/2018\/01\/02\/forcas-armadas-restauraram-a-ordem-no-rn-diz-jungmann\/","title":{"rendered":"For\u00e7as Armadas restauraram a ordem no RN, diz Jungmann"},"content":{"rendered":"<p>Durante entrevista coletiva na tarde desta segunda-feira (1\u00b0), em Natal, no\u00a0Rio Grande do Norte, o ministro da Defesa, Raul Jungmann, fez um balan\u00e7o da atua\u00e7\u00e3o das For\u00e7as Armadas no estado nos \u00faltimos tr\u00eas dias e disse que o quadro de viol\u00eancia que aterrorizou a popula\u00e7\u00e3o potiguar nas \u00faltimas semanas, desde o in\u00edcio da greve de policias militares, civis e bombeiros, est\u00e1 sob controle.<\/p>\n<p>\u201cTodos os indicadores, seja de morte, roubo, assalto, seja o que for, todos ca\u00edram verticalmente. Ou seja, o que n\u00f3s prometemos ao povo do Rio Grande do Norte, n\u00f3s entregamos\u201d, disse Jungmann.<\/p>\n<p>Desde o in\u00edcio da paralisa\u00e7\u00e3o, no dia 19 de dezembro, at\u00e9 a manh\u00e3 de domingo (31), 94 mortes violentas haviam sido registradas no estado, a maioria na regi\u00e3o metropolitana de Natal e Mossor\u00f3. Somente na \u00faltima sexta-feira (29), antes do in\u00edcio da Opera\u00e7\u00e3o Potiguar III, das For\u00e7as Armadas, 18 mortes foram contabilizadas.<\/p>\n<p>No dia 30, j\u00e1 com os militares na rua, o n\u00famero caiu para 11. No dia 31, foram duas mortes. E ap\u00f3s quase duas semanas registrando recordes nos \u00edndices de viol\u00eancia, o Rio Grande do Norte teve uma noite de r\u00e9veillon considerada tranquila.<\/p>\n<p>Na madrugada desta segunda-feira, uma morte foi registrada. \u201cSe existiam qualquer d\u00favidas sobre o desempenho e a capacidade do comprometimento das For\u00e7as Armadas, aqui est\u00e1 um retrato. [\u2026] Ontem na praia, havia milhares de pessoas participando da festa. Aquela quantidade [de gente] foi \u00e0s ruas porque se sentia segura. \u00c9 um evento de propor\u00e7\u00f5es enormes, permeado pelo consumo de bebidas, de fato, e considerando as dezenas de milhares de pessoas que participaram do ano novo, o resultado foi de fato excelente\u201d, avaliou o ministro.<\/p>\n<p>O chefe do Estado Maior das Opera\u00e7\u00f5es Guararapes, chamada de Potiguar III, tenente coronel Igor Pasinato, informou que 2,8 mil homens do Ex\u00e9rcito, Marinha e For\u00e7a A\u00e9rea de fora do Rio Grande do Norte est\u00e3o atuando no estado em um sistema de rod\u00edzio nos \u00faltimos tr\u00eas dias. Foram realizadas cerca de 380 a\u00e7\u00f5es, como patrulhamentos, rondas e prote\u00e7\u00e3o de eventos no per\u00edodo. Na noite da virada do ano, havia entre 90 e 100 viaturas com militares nas ruas.<\/p>\n<p><strong>Greve<\/strong><\/p>\n<p>Durante a entrevista, o ministro da Defesa fez um apelo aos policiais potiguares para que retornem ao trabalho, apesar de reconhecer as dificuldades que est\u00e3o enfrentando. Policiais militares, civis e do Corpo de Bombeiros est\u00e3o em greve desde o dia 19 de dezembro pelo recebimento de sal\u00e1rios atrasados de novembro, dezembro e o d\u00e9cimo terceiro, e pela melhoria das condi\u00e7\u00f5es de trabalho.<\/p>\n<p>A pedido do governo do estado, as For\u00e7as Armadas foram enviadas ao RN para controlar a escalada de viol\u00eancia registrada desde o in\u00edcio da paralisa\u00e7\u00e3o.<\/p>\n<p>Ontem (31), o desembargador Claudio Santos, do Plant\u00e3o Judicial do Tribunal de Justi\u00e7a do Rio Grande do Norte, determinou que policiais militares, civis e do Corpo de Bombeiros do Rio Grande do Norte que incentivarem a continuidade da paralisa\u00e7\u00e3o dos servi\u00e7os de seguran\u00e7a p\u00fablica no estado poder\u00e3o ser presos.<\/p>\n<p>No s\u00e1bado (30), uma decis\u00e3o judicial autorizou o governo estadual a usar R$ 225 milh\u00f5es recebidos do Fundo da Sa\u00fade, entre outros recursos, para quitar os sal\u00e1rios atrasados dos agentes.<\/p>\n<p>O ministro destacou que apesar do sucesso da atua\u00e7\u00e3o das For\u00e7as Armadas, essa \u00e9 uma situa\u00e7\u00e3o \u201cextraordin\u00e1ria que n\u00e3o pode perdurar\u201d, e que cabe ao governo estadual resolver a situa\u00e7\u00e3o e garantir a seguran\u00e7a p\u00fablica.<\/p>\n<p>\u201cAs For\u00e7as Armadas n\u00e3o podem ficar permanentemente nem aqui e nem em nenhum outro estado, primeiro porque a Constitui\u00e7\u00e3o n\u00e3o permite, existe um prazo em que podemos permanecer em fun\u00e7\u00e3o de situa\u00e7\u00f5es extraordin\u00e1rias. Em segundo lugar, o custo \u00e9 muito elevado. N\u00f3s sabemos que existem outros custos, sem sombra de d\u00favidas, mas essa \u00e9 uma atribui\u00e7\u00e3o do estado do Rio Grande do Norte e compete ao estado restaurar de forma permanente e de acordo com suas atribui\u00e7\u00f5es constitucionais a seguran\u00e7a devida as potiguares\u201d, disse o ministro<\/p>\n<div id=\"facebookWidget\" data-aop=\"facebookWidget\" data-id=\"1024\" data-m=\"{\"><center><\/p>\n<p style=\"text-align: left;\"><strong>CARIRI EM A\u00c7\u00c3O<\/strong><\/p>\n<p style=\"text-align: left;\"><em>Com Exame.com\/Foto: Reprodu\u00e7\u00e3o google\u00a0<\/em><\/p>\n<p style=\"text-align: left;\"><strong>Leia mais not\u00edcias em\u00a0<\/strong><a href=\"http:\/\/www.caririemacao.com\/\"><strong>caririemacao.com<\/strong><\/a><strong>, siga nossa p\u00e1gina no\u00a0<\/strong><a href=\"https:\/\/www.facebook.com\/CaririEmAcao\/?ref=aymt_homepage_panel\"><strong>Facebook<\/strong><\/a>,<strong>\u00a0<\/strong><a href=\"https:\/\/www.instagram.com\/cariri_em_acao\/?hl=pt-br\"><strong>Instagram<\/strong><\/a><strong>\u00a0e <\/strong><a href=\"https:\/\/www.youtube.com\/channel\/UCAptA0jQuYQy8vMhLt2m4qg\"><strong>Youtube<\/strong><\/a><strong>\u00a0e veja nossas mat\u00e9rias, v\u00eddeos e fotos. Voc\u00ea tamb\u00e9m pode enviar informa\u00e7\u00f5es \u00e0 Reda\u00e7\u00e3o do Portal Cariri em A\u00e7\u00e3o pelo WhatsApp (83) 9 9634.5791, (83) 9 9601-1162.<\/strong><\/p>\n<p><\/center><\/div>\n","protected":false},"excerpt":{"rendered":"<p>Durante entrevista coletiva na tarde desta segunda-feira (1\u00b0), em Natal, no\u00a0Rio Grande do Norte, o ministro da Defesa, Raul Jungmann, fez um balan\u00e7o da atua\u00e7\u00e3o&hellip; <\/p>\n","protected":false},"author":2,"featured_media":33568,"comment_status":"closed","ping_status":"closed","sticky":false,"template":"","format":"standard","meta":{"sfsi_plus_gutenberg_text_before_share":"","sfsi_plus_gutenberg_show_text_before_share":"","sfsi_plus_gutenberg_icon_type":"","sfsi_plus_gutenberg_icon_alignemt":"","sfsi_plus_gutenburg_max_per_row":"","footnotes":""},"categories":[11],"tags":[],"class_list":["post-36206","post","type-post","status-publish","format-standard","has-post-thumbnail","hentry","category-politica"],"_links":{"self":[{"href":"https:\/\/www.caririemacao.com\/1\/wp-json\/wp\/v2\/posts\/36206","targetHints":{"allow":["GET"]}}],"collection":[{"href":"https:\/\/www.caririemacao.com\/1\/wp-json\/wp\/v2\/posts"}],"about":[{"href":"https:\/\/www.caririemacao.com\/1\/wp-json\/wp\/v2\/types\/post"}],"author":[{"embeddable":true,"href":"https:\/\/www.caririemacao.com\/1\/wp-json\/wp\/v2\/users\/2"}],"replies":[{"embeddable":true,"href":"https:\/\/www.caririemacao.com\/1\/wp-json\/wp\/v2\/comments?post=36206"}],"version-history":[{"count":0,"href":"https:\/\/www.caririemacao.com\/1\/wp-json\/wp\/v2\/posts\/36206\/revisions"}],"wp:featuredmedia":[{"embeddable":true,"href":"https:\/\/www.caririemacao.com\/1\/wp-json\/wp\/v2\/media\/33568"}],"wp:attachment":[{"href":"https:\/\/www.caririemacao.com\/1\/wp-json\/wp\/v2\/media?parent=36206"}],"wp:term":[{"taxonomy":"category","embeddable":true,"href":"https:\/\/www.caririemacao.com\/1\/wp-json\/wp\/v2\/categories?post=36206"},{"taxonomy":"post_tag","embeddable":true,"href":"https:\/\/www.caririemacao.com\/1\/wp-json\/wp\/v2\/tags?post=36206"}],"curies":[{"name":"wp","href":"https:\/\/api.w.org\/{rel}","templated":true}]}}