{"id":36218,"date":"2018-01-03T04:20:39","date_gmt":"2018-01-03T07:20:39","guid":{"rendered":"http:\/\/caririemacao.com\/1\/?p=36218"},"modified":"2018-01-03T04:20:39","modified_gmt":"2018-01-03T07:20:39","slug":"empreender-paraiba-abre-inscricoes-para-seis-municipios-do-cariri","status":"publish","type":"post","link":"https:\/\/www.caririemacao.com\/1\/2018\/01\/03\/empreender-paraiba-abre-inscricoes-para-seis-municipios-do-cariri\/","title":{"rendered":"Empreender Para\u00edba abre inscri\u00e7\u00f5es para seis munic\u00edpios do Cariri"},"content":{"rendered":"<p>O programa Empreender Para\u00edba abre, nesta quarta-feira (3), as inscri\u00e7\u00f5es para concess\u00f5es de cr\u00e9dito em 19 munic\u00edpios. As inscri\u00e7\u00f5es s\u00e3o gratuitas e podem ser realizadas por pessoas f\u00edsicas maiores de 18 anos ou legalmente emancipadas que residam na Para\u00edba h\u00e1 mais de seis meses. Os interessados devem acessar o endere\u00e7o eletr\u00f4nico\u00a0<a class=\"vglnk\" href=\"http:\/\/www.empreender.pb.gov.br\/\" rel=\"nofollow\">www.empreender.pb.gov.br<\/a>\u00a0e fazer o cadastramento.<\/p>\n<div><\/div>\n<div>Os munic\u00edpios nos quais ser\u00e3o ofertadas as linhas de cr\u00e9dito disponibilizadas pelo Empreender PB s\u00e3o: Princesa Isabel, Mana\u00edra, S\u00e3o Jos\u00e9 de Princesa, Juru, Tavares, Patos, S\u00e3o Jos\u00e9 do Sabugi, Santa Luzia, Emas,\u00a0<strong>Tapero\u00e1, Cabaceiras<\/strong>, Puxinana,\u00a0<strong>Sum\u00e9, Congo, Zabel\u00ea, Cara\u00fabas<\/strong>, Cuitegi, Pil\u00f5es e Pil\u00f5ezinhos.<\/div>\n<div><\/div>\n<div>A documenta\u00e7\u00e3o necess\u00e1ria para inscri\u00e7\u00e3o varia de acordo com a exig\u00eancia de cada linha de cr\u00e9dito, cujas informa\u00e7\u00f5es podem ser encontradas por meio do edital dispon\u00edvel no portal do Empreender PB.<\/div>\n<div><\/div>\n<div>O Programa Empreender PB tem como prioridade a concess\u00e3o de cr\u00e9dito produtivo orientado com o objetivo de incentivar a gera\u00e7\u00e3o de ocupa\u00e7\u00e3o e renda entre os empreendedores paraibanos, bem como apoiar e fortalecer a economia solid\u00e1ria, o microempreendedor individual, o microempres\u00e1rio, o empres\u00e1rio de pequeno porte e as cooperativas de produ\u00e7\u00e3o do Estado da Para\u00edba.<\/div>\n<div><\/div>\n<div>O programa possui 14 linhas de cr\u00e9dito: Para pessoas f\u00edsicas \u2013 Empreender Artesanato, Empreender Cultural, Empreender Juventudes, Empreender Motociclista Profissional, Empreender Mulher, Empreender Pessoa F\u00edsica, Empreender Profissional Liberal, Empreender Profissional Liberal Juventudes. Para pessoas jur\u00eddicas: Empreender Cooperativas, Empreender Cultural, Empreender Inova\u00e7\u00e3o Tecnol\u00f3gica (ME-MPE-EPP), Empreender Inova\u00e7\u00e3o Tecnol\u00f3gica (MEI-EI-EIRELI), Empreender Pessoa Jur\u00eddica, Empreender Prefeituras.<\/div>\n<div>\n<p><strong>CARIRI EM A\u00c7\u00c3O<\/strong><\/p>\n<p><em>Com Ascom \/Foto:Divulga\u00e7\u00e3o \u00a0<\/em><\/p>\n<p><strong>Leia mais not\u00edcias em\u00a0<\/strong><a href=\"http:\/\/www.caririemacao.com\/\"><strong>caririemacao.com<\/strong><\/a><strong>, siga nossa p\u00e1gina no\u00a0<\/strong><a href=\"https:\/\/www.facebook.com\/CaririEmAcao\/?ref=aymt_homepage_panel\"><strong>Facebook<\/strong><\/a>,<strong>\u00a0<\/strong><a href=\"https:\/\/www.instagram.com\/cariri_em_acao\/?hl=pt-br\"><strong>Instagram<\/strong><\/a><strong>\u00a0e <\/strong><a href=\"https:\/\/www.youtube.com\/channel\/UCAptA0jQuYQy8vMhLt2m4qg\"><strong>Youtube<\/strong><\/a><strong>\u00a0e veja nossas mat\u00e9rias, v\u00eddeos e fotos. Voc\u00ea tamb\u00e9m pode enviar informa\u00e7\u00f5es \u00e0 Reda\u00e7\u00e3o do Portal Cariri em A\u00e7\u00e3o pelo WhatsApp (83) 9 9634.5791, (83) 9 9601-1162.<\/strong><\/p>\n<\/div>\n","protected":false},"excerpt":{"rendered":"<p>O programa Empreender Para\u00edba abre, nesta quarta-feira (3), as inscri\u00e7\u00f5es para concess\u00f5es de cr\u00e9dito em 19 munic\u00edpios. As inscri\u00e7\u00f5es s\u00e3o gratuitas e podem ser realizadas&hellip; <\/p>\n","protected":false},"author":2,"featured_media":36220,"comment_status":"closed","ping_status":"closed","sticky":false,"template":"","format":"standard","meta":{"sfsi_plus_gutenberg_text_before_share":"","sfsi_plus_gutenberg_show_text_before_share":"","sfsi_plus_gutenberg_icon_type":"","sfsi_plus_gutenberg_icon_alignemt":"","sfsi_plus_gutenburg_max_per_row":"","footnotes":""},"categories":[6,2],"tags":[],"class_list":["post-36218","post","type-post","status-publish","format-standard","has-post-thumbnail","hentry","category-cidades","category-geral"],"_links":{"self":[{"href":"https:\/\/www.caririemacao.com\/1\/wp-json\/wp\/v2\/posts\/36218","targetHints":{"allow":["GET"]}}],"collection":[{"href":"https:\/\/www.caririemacao.com\/1\/wp-json\/wp\/v2\/posts"}],"about":[{"href":"https:\/\/www.caririemacao.com\/1\/wp-json\/wp\/v2\/types\/post"}],"author":[{"embeddable":true,"href":"https:\/\/www.caririemacao.com\/1\/wp-json\/wp\/v2\/users\/2"}],"replies":[{"embeddable":true,"href":"https:\/\/www.caririemacao.com\/1\/wp-json\/wp\/v2\/comments?post=36218"}],"version-history":[{"count":0,"href":"https:\/\/www.caririemacao.com\/1\/wp-json\/wp\/v2\/posts\/36218\/revisions"}],"wp:featuredmedia":[{"embeddable":true,"href":"https:\/\/www.caririemacao.com\/1\/wp-json\/wp\/v2\/media\/36220"}],"wp:attachment":[{"href":"https:\/\/www.caririemacao.com\/1\/wp-json\/wp\/v2\/media?parent=36218"}],"wp:term":[{"taxonomy":"category","embeddable":true,"href":"https:\/\/www.caririemacao.com\/1\/wp-json\/wp\/v2\/categories?post=36218"},{"taxonomy":"post_tag","embeddable":true,"href":"https:\/\/www.caririemacao.com\/1\/wp-json\/wp\/v2\/tags?post=36218"}],"curies":[{"name":"wp","href":"https:\/\/api.w.org\/{rel}","templated":true}]}}