{"id":36227,"date":"2018-01-03T04:28:40","date_gmt":"2018-01-03T07:28:40","guid":{"rendered":"http:\/\/caririemacao.com\/1\/?p=36227"},"modified":"2018-01-03T04:28:40","modified_gmt":"2018-01-03T07:28:40","slug":"apesar-de-assinatura-de-temer-municipios-seguem-sem-prazo-para-receber-extra-de-r-2-bilhoes","status":"publish","type":"post","link":"https:\/\/www.caririemacao.com\/1\/2018\/01\/03\/apesar-de-assinatura-de-temer-municipios-seguem-sem-prazo-para-receber-extra-de-r-2-bilhoes\/","title":{"rendered":"Apesar de assinatura de Temer, munic\u00edpios seguem sem prazo para receber \u2018extra\u2019 de R$ 2 bilh\u00f5es"},"content":{"rendered":"<p>Mesmo ap\u00f3s assinatura do presidente Michel Temer na \u00faltima sexta-feira (29), a Medida Provis\u00f3ria (MP) que libera o repasse de R$ 2 bilh\u00f5es aos munic\u00edpios brasileiros ainda n\u00e3o garante os montantes aos cofres p\u00fablicos municipais. O impasse agora \u00e9 que a MP, segundo a equipe econ\u00f4mica, precisa ser aprovada no Congresso Nacional, que s\u00f3 volta aos trabalhos em fevereiro.<\/p>\n<p>O\u00a0presidente da Federa\u00e7\u00e3o das Associa\u00e7\u00f5es de Munic\u00edpios da Para\u00edba (Famup), Tota Guedes, comentou sobre a situa\u00e7\u00e3o e garantiu que os recursos ainda n\u00e3o chegaram \u00e0s prefeituras.\u201dO Governo Federal fez um compromisso com os munic\u00edpios, e n\u00e3o cumpriu o compromisso de liberar R$ 2 bilh\u00f5es agora no final do ano para que pudessem pagar o 13\u00ba sal\u00e1rio dos servidores. Infelizmente. Essa promessa foi no m\u00eas de outubro, foi ratificada em novembro e dezembro\u201d, lamentou Tota.<\/p>\n<p>O presidente da Famup explicou o tr\u00e2mite que deve acontecer para os valores chegarem aos munic\u00edpios. Na\u00a0Para\u00edba, os cofres p\u00fablicos das cidades devem receber cerca de R$ 62 milh\u00f5es.\u00a0\u201cFoi editada, ap\u00f3s press\u00e3o, a Medida Provis\u00f3ria no final de dezembro. A equipe econ\u00f4mica alega que essa MP tem que ser aprovada pela C\u00e2mara. Se espera que seja aprovada no m\u00eas de fevereiro ainda, mas sem nenhuma garantia de que os munic\u00edpios v\u00e3o receber esse dinheiro\u201d, disse Tota Guedes ao\u00a0Pol\u00edtica&amp;Etc.<\/p>\n<p><strong>CARIRI EM A\u00c7\u00c3O<\/strong><\/p>\n<p><em>Com Blog do Gordinho\/Foto: Reprodu\u00e7\u00e3o google<\/em><\/p>\n<p><strong>Leia mais not\u00edcias em\u00a0<\/strong><a href=\"http:\/\/www.caririemacao.com\/\"><strong>caririemacao.com<\/strong><\/a><strong>, siga nossa p\u00e1gina no\u00a0<\/strong><a href=\"https:\/\/www.facebook.com\/CaririEmAcao\/?ref=aymt_homepage_panel\"><strong>Facebook<\/strong><\/a>,<strong>\u00a0<\/strong><a href=\"https:\/\/www.instagram.com\/cariri_em_acao\/?hl=pt-br\"><strong>Instagram<\/strong><\/a><strong>\u00a0e <\/strong><a href=\"https:\/\/www.youtube.com\/channel\/UCAptA0jQuYQy8vMhLt2m4qg\"><strong>Youtube<\/strong><\/a><strong>\u00a0e veja nossas mat\u00e9rias, v\u00eddeos e fotos. Voc\u00ea tamb\u00e9m pode enviar informa\u00e7\u00f5es \u00e0 Reda\u00e7\u00e3o do Portal Cariri em A\u00e7\u00e3o pelo WhatsApp (83) 9 9634.5791, (83) 9 9601-1162.<\/strong><\/p>\n","protected":false},"excerpt":{"rendered":"<p>Mesmo ap\u00f3s assinatura do presidente Michel Temer na \u00faltima sexta-feira (29), a Medida Provis\u00f3ria (MP) que libera o repasse de R$ 2 bilh\u00f5es aos munic\u00edpios&hellip; <\/p>\n","protected":false},"author":2,"featured_media":36057,"comment_status":"closed","ping_status":"closed","sticky":false,"template":"","format":"standard","meta":{"sfsi_plus_gutenberg_text_before_share":"","sfsi_plus_gutenberg_show_text_before_share":"","sfsi_plus_gutenberg_icon_type":"","sfsi_plus_gutenberg_icon_alignemt":"","sfsi_plus_gutenburg_max_per_row":"","footnotes":""},"categories":[11],"tags":[],"class_list":["post-36227","post","type-post","status-publish","format-standard","has-post-thumbnail","hentry","category-politica"],"_links":{"self":[{"href":"https:\/\/www.caririemacao.com\/1\/wp-json\/wp\/v2\/posts\/36227","targetHints":{"allow":["GET"]}}],"collection":[{"href":"https:\/\/www.caririemacao.com\/1\/wp-json\/wp\/v2\/posts"}],"about":[{"href":"https:\/\/www.caririemacao.com\/1\/wp-json\/wp\/v2\/types\/post"}],"author":[{"embeddable":true,"href":"https:\/\/www.caririemacao.com\/1\/wp-json\/wp\/v2\/users\/2"}],"replies":[{"embeddable":true,"href":"https:\/\/www.caririemacao.com\/1\/wp-json\/wp\/v2\/comments?post=36227"}],"version-history":[{"count":0,"href":"https:\/\/www.caririemacao.com\/1\/wp-json\/wp\/v2\/posts\/36227\/revisions"}],"wp:featuredmedia":[{"embeddable":true,"href":"https:\/\/www.caririemacao.com\/1\/wp-json\/wp\/v2\/media\/36057"}],"wp:attachment":[{"href":"https:\/\/www.caririemacao.com\/1\/wp-json\/wp\/v2\/media?parent=36227"}],"wp:term":[{"taxonomy":"category","embeddable":true,"href":"https:\/\/www.caririemacao.com\/1\/wp-json\/wp\/v2\/categories?post=36227"},{"taxonomy":"post_tag","embeddable":true,"href":"https:\/\/www.caririemacao.com\/1\/wp-json\/wp\/v2\/tags?post=36227"}],"curies":[{"name":"wp","href":"https:\/\/api.w.org\/{rel}","templated":true}]}}