{"id":36231,"date":"2018-01-03T04:30:21","date_gmt":"2018-01-03T07:30:21","guid":{"rendered":"http:\/\/caririemacao.com\/1\/?p=36231"},"modified":"2018-01-03T04:30:21","modified_gmt":"2018-01-03T07:30:21","slug":"lira-isenta-temer-e-diz-que-pior-aumento-do-salario-minimo-em-24-anos-e-culpa-de-formula-criada-por-lula","status":"publish","type":"post","link":"https:\/\/www.caririemacao.com\/1\/2018\/01\/03\/lira-isenta-temer-e-diz-que-pior-aumento-do-salario-minimo-em-24-anos-e-culpa-de-formula-criada-por-lula\/","title":{"rendered":"Lira isenta Temer e diz que pior aumento do sal\u00e1rio m\u00ednimo em 24 anos \u00e9 culpa de f\u00f3rmula criada por Lula"},"content":{"rendered":"<p>O Brasil vai ter um \u201ccrescimento altamente positivo\u201d na economia em 2018 e o sal\u00e1rio m\u00ednimo ter o pior aumento em 24 anos, passando de R$ 937 para R$ 954, \u00e9 culpa do ex-presidente Lula (PT). As afirmativas s\u00e3o do senador Raimundo Lira (MDB), durante entrevista a uma r\u00e1dio de Jo\u00e3o Pessoa na manh\u00e3 desta ter\u00e7a-feira (2), ao comentar sobre a economia brasileira neste ano.<\/p>\n<p>\u201cO Brasil estava dentro da mais profunda crise econ\u00f4mica do pa\u00eds. E n\u00f3s agora terminamos o ano de 2017 saindo dessa recess\u00e3o. Todos os organismos, nacionais e internacionais, que analisam a pol\u00edtica e a economia do Brasil s\u00e3o unanimes em dizer que o Brasil vai crescer no m\u00ednimo 3%, que \u00e9 um crescimento que vai acontecer tamb\u00e9m nos Estados Unidos. Portanto, \u00e9 um crescimento altamente positivo, considerando que estamos saindo da maior recess\u00e3o da hist\u00f3ria pol\u00edtica e econ\u00f4mica do nosso pa\u00eds\u201d, afirmou Raimundo Lira sobre um panorama geral da economia brasileira este ano.<\/p>\n<p>O sal\u00e1rio m\u00ednimo apresentou o menor aumento nos \u00faltimos 24 anos, apenas 1,81%.\u00a0O montante passou de R$ 937 para R$ 954, aumento de apenas R$ 17. Para o emedebista, este valor \u00e9 culpa de uma f\u00f3rmula criada pelo ex-presidente Lu\u00eds In\u00e1cio Lula da Silva (PT). \u201c\u00c9 importante destacar que essa f\u00f3rmula do sal\u00e1rio m\u00ednimo foi criada no Governo Lula, \u00e9 uma rela\u00e7\u00e3o entre o crescimento da economia e a infla\u00e7\u00e3o. A economia n\u00e3o cresceu no ano de 2016, ela empatou, teve um crescimento muito baixo, de menos de 0,5%. O ano de 2016 foi um ano de crescimento negativo, quando \u00e9 negativo ele n\u00e3o entra na f\u00f3rmula, ele soma zero\u201d, explicou Lira.<\/p>\n<p>Ainda conforme o senador, a infla\u00e7\u00e3o do \u00faltimo ano referente ao aumento salarial foi a mais baixa dos \u00faltimos 19 anos. \u201cEssa f\u00f3rmula criada pelo presidente Lula fez com que o sal\u00e1rio m\u00ednimo tivesse um crescimento menor. Para que houvesse uma modifica\u00e7\u00e3o tem que ser aprovada uma nova Lei no Congresso, modificando a forma\u00e7\u00e3o e constru\u00e7\u00e3o do sal\u00e1rio m\u00ednimo\u201d, disse; acrescentando que\u00a0o \u201cpresidente Lula criou essa f\u00f3rmula, que terminou se tornando muito ruim nesse ano de 2017 para 2018\u201d.<\/p>\n<div class=\"sharedaddy sd-sharing-enabled\">\n<div class=\"robots-nocontent sd-block sd-social sd-social-icon sd-sharing\">\n<p><strong>CARIRI EM A\u00c7\u00c3O<\/strong><\/p>\n<p><em>Com B. gordinho \/Foto: Reprodu\u00e7\u00e3o google\u00a0<\/em><\/p>\n<p><strong>Leia mais not\u00edcias em\u00a0<\/strong><a href=\"http:\/\/www.caririemacao.com\/\"><strong>caririemacao.com<\/strong><\/a><strong>, siga nossa p\u00e1gina no\u00a0<\/strong><a href=\"https:\/\/www.facebook.com\/CaririEmAcao\/?ref=aymt_homepage_panel\"><strong>Facebook<\/strong><\/a>,<strong>\u00a0<\/strong><a href=\"https:\/\/www.instagram.com\/cariri_em_acao\/?hl=pt-br\"><strong>Instagram<\/strong><\/a><strong>\u00a0e <\/strong><a href=\"https:\/\/www.youtube.com\/channel\/UCAptA0jQuYQy8vMhLt2m4qg\"><strong>Youtube<\/strong><\/a><strong>\u00a0e veja nossas mat\u00e9rias, v\u00eddeos e fotos. Voc\u00ea tamb\u00e9m pode enviar informa\u00e7\u00f5es \u00e0 Reda\u00e7\u00e3o do Portal Cariri em A\u00e7\u00e3o pelo WhatsApp (83) 9 9634.5791, (83) 9 9601-1162.<\/strong><\/p>\n<\/div>\n<\/div>\n","protected":false},"excerpt":{"rendered":"<p>O Brasil vai ter um \u201ccrescimento altamente positivo\u201d na economia em 2018 e o sal\u00e1rio m\u00ednimo ter o pior aumento em 24 anos, passando de&hellip; <\/p>\n","protected":false},"author":2,"featured_media":11217,"comment_status":"closed","ping_status":"closed","sticky":false,"template":"","format":"standard","meta":{"sfsi_plus_gutenberg_text_before_share":"","sfsi_plus_gutenberg_show_text_before_share":"","sfsi_plus_gutenberg_icon_type":"","sfsi_plus_gutenberg_icon_alignemt":"","sfsi_plus_gutenburg_max_per_row":"","footnotes":""},"categories":[1],"tags":[],"class_list":["post-36231","post","type-post","status-publish","format-standard","has-post-thumbnail","hentry","category-o-site"],"_links":{"self":[{"href":"https:\/\/www.caririemacao.com\/1\/wp-json\/wp\/v2\/posts\/36231","targetHints":{"allow":["GET"]}}],"collection":[{"href":"https:\/\/www.caririemacao.com\/1\/wp-json\/wp\/v2\/posts"}],"about":[{"href":"https:\/\/www.caririemacao.com\/1\/wp-json\/wp\/v2\/types\/post"}],"author":[{"embeddable":true,"href":"https:\/\/www.caririemacao.com\/1\/wp-json\/wp\/v2\/users\/2"}],"replies":[{"embeddable":true,"href":"https:\/\/www.caririemacao.com\/1\/wp-json\/wp\/v2\/comments?post=36231"}],"version-history":[{"count":0,"href":"https:\/\/www.caririemacao.com\/1\/wp-json\/wp\/v2\/posts\/36231\/revisions"}],"wp:featuredmedia":[{"embeddable":true,"href":"https:\/\/www.caririemacao.com\/1\/wp-json\/wp\/v2\/media\/11217"}],"wp:attachment":[{"href":"https:\/\/www.caririemacao.com\/1\/wp-json\/wp\/v2\/media?parent=36231"}],"wp:term":[{"taxonomy":"category","embeddable":true,"href":"https:\/\/www.caririemacao.com\/1\/wp-json\/wp\/v2\/categories?post=36231"},{"taxonomy":"post_tag","embeddable":true,"href":"https:\/\/www.caririemacao.com\/1\/wp-json\/wp\/v2\/tags?post=36231"}],"curies":[{"name":"wp","href":"https:\/\/api.w.org\/{rel}","templated":true}]}}