{"id":36234,"date":"2018-01-03T04:34:47","date_gmt":"2018-01-03T07:34:47","guid":{"rendered":"http:\/\/caririemacao.com\/1\/?p=36234"},"modified":"2018-01-03T04:34:47","modified_gmt":"2018-01-03T07:34:47","slug":"sarney-nega-que-tenha-vetado-pedro-fernandes-para-ministerio","status":"publish","type":"post","link":"https:\/\/www.caririemacao.com\/1\/2018\/01\/03\/sarney-nega-que-tenha-vetado-pedro-fernandes-para-ministerio\/","title":{"rendered":"Sarney nega que tenha vetado Pedro Fernandes para minist\u00e9rio"},"content":{"rendered":"<p>O ex-presidente Jos\u00e9 Sarney negou nesta ter\u00e7a-feira (2) que tenha vetado a nomea\u00e7\u00e3o do deputado federal Pedro Fernandes (PTB-MA) para o comando do Minist\u00e9rio do Trabalho.<\/p>\n<p>Segundo a assessoria de imprensa dele, Sarney disse que n\u00e3o foi nem mesmo consultado pelo presidente Michel Temer sobre a nomea\u00e7\u00e3o do parlamentar.<\/p>\n<p>Em mensagem, enviada a correligion\u00e1rios, Fernandes disse mais cedo que n\u00e3o tomar\u00e1 posse devido &#8220;ao embara\u00e7o&#8221; que ele poderia criar na rela\u00e7\u00e3o entre Temer e Sarney.<\/p>\n<p>Segundo a reportagem apurou, Sarney n\u00e3o referendou o nome do parlamentar, que \u00e9 alinhado com o governador do Maranh\u00e3o, Fl\u00e1vio Dino, do PCdoB.<\/p>\n<p>Sem o aval do ex-presidente, Temer pediu ao PTB que indique outro nome. Fernandes recebeu a not\u00edcia na manh\u00e3 desta ter\u00e7a-feira (2) do presidente nacional do PTB, Roberto Jefferson.<\/p>\n<p>A decis\u00e3o do presidente causou desconforto na bancada do PTB na C\u00e2mara dos Deputados. &#8220;N\u00e3o aceitamos outra indica\u00e7\u00e3o. A indica\u00e7\u00e3o do Pedro Fernandes \u00e9 a do partido&#8221;, disse o l\u00edder, Jovair Arantes (PTB-GO).<\/p>\n<p>Com a recusa a Fernandes, o PTB avalia o nome do deputado federal S\u00e9rgio Moraes (RS), que n\u00e3o deve ser candidato na disputa eleitoral do ano que vem.Ele chegou a ser sondado ap\u00f3s a sa\u00edda do ex-ministro Ronaldo Nogueira, mas na \u00e9poca recusou.<\/p>\n<p>Na bancada do partido, contudo, h\u00e1 a expectativa de que agora ele aceite.Em 2009, Moraes causou pol\u00eamica ao dizer que estava &#8220;se lixando para a opini\u00e3o p\u00fablica&#8221;, quando defendeu o ex-deputado federal Edmar Moreira (sem partido-MG). Ele era o relator no conselho de \u00e9tica de acusa\u00e7\u00e3o contra o mineiro de apresentar notas falsas ao justificar o uso de verba indenizat\u00f3ria.<\/p>\n<p>O ex-ministro Ronaldo Nogueira deixou o cargo na semana passada para disputar cargo de deputados federal nas elei\u00e7\u00f5es do ano que vem.<\/p>\n<p>No mesmo dia em que saiu da pasta, ele publicou nova portaria sobre a defini\u00e7\u00e3o de trabalho escravo, que deixa mais r\u00edgidas as defini\u00e7\u00f5es do que leva \u00e0 puni\u00e7\u00e3o do empregador.<\/p>\n<p><em>Com Not\u00edcias ao Minuto\/Foto: Reprodu\u00e7\u00e3o google, Divulga\u00e7\u00e3o \u00a0<\/em><\/p>\n<p><strong>Leia mais not\u00edcias em\u00a0<\/strong><a href=\"http:\/\/www.caririemacao.com\/\"><strong>caririemacao.com<\/strong><\/a><strong>, siga nossa p\u00e1gina no\u00a0<\/strong><a href=\"https:\/\/www.facebook.com\/CaririEmAcao\/?ref=aymt_homepage_panel\"><strong>Facebook<\/strong><\/a>,<strong>\u00a0<\/strong><a href=\"https:\/\/www.instagram.com\/cariri_em_acao\/?hl=pt-br\"><strong>Instagram<\/strong><\/a><strong>\u00a0e <\/strong><a href=\"https:\/\/www.youtube.com\/channel\/UCAptA0jQuYQy8vMhLt2m4qg\"><strong>Youtube<\/strong><\/a><strong>\u00a0e veja nossas mat\u00e9rias, v\u00eddeos e fotos. Voc\u00ea tamb\u00e9m pode enviar informa\u00e7\u00f5es \u00e0 Reda\u00e7\u00e3o do Portal Cariri em A\u00e7\u00e3o pelo WhatsApp (83) 9 9634.5791, (83) 9 9601-1162.<\/strong><\/p>\n","protected":false},"excerpt":{"rendered":"<p>O ex-presidente Jos\u00e9 Sarney negou nesta ter\u00e7a-feira (2) que tenha vetado a nomea\u00e7\u00e3o do deputado federal Pedro Fernandes (PTB-MA) para o comando do Minist\u00e9rio do&hellip; <\/p>\n","protected":false},"author":2,"featured_media":36236,"comment_status":"closed","ping_status":"closed","sticky":false,"template":"","format":"standard","meta":{"sfsi_plus_gutenberg_text_before_share":"","sfsi_plus_gutenberg_show_text_before_share":"","sfsi_plus_gutenberg_icon_type":"","sfsi_plus_gutenberg_icon_alignemt":"","sfsi_plus_gutenburg_max_per_row":"","footnotes":""},"categories":[11],"tags":[],"class_list":["post-36234","post","type-post","status-publish","format-standard","has-post-thumbnail","hentry","category-politica"],"_links":{"self":[{"href":"https:\/\/www.caririemacao.com\/1\/wp-json\/wp\/v2\/posts\/36234","targetHints":{"allow":["GET"]}}],"collection":[{"href":"https:\/\/www.caririemacao.com\/1\/wp-json\/wp\/v2\/posts"}],"about":[{"href":"https:\/\/www.caririemacao.com\/1\/wp-json\/wp\/v2\/types\/post"}],"author":[{"embeddable":true,"href":"https:\/\/www.caririemacao.com\/1\/wp-json\/wp\/v2\/users\/2"}],"replies":[{"embeddable":true,"href":"https:\/\/www.caririemacao.com\/1\/wp-json\/wp\/v2\/comments?post=36234"}],"version-history":[{"count":0,"href":"https:\/\/www.caririemacao.com\/1\/wp-json\/wp\/v2\/posts\/36234\/revisions"}],"wp:featuredmedia":[{"embeddable":true,"href":"https:\/\/www.caririemacao.com\/1\/wp-json\/wp\/v2\/media\/36236"}],"wp:attachment":[{"href":"https:\/\/www.caririemacao.com\/1\/wp-json\/wp\/v2\/media?parent=36234"}],"wp:term":[{"taxonomy":"category","embeddable":true,"href":"https:\/\/www.caririemacao.com\/1\/wp-json\/wp\/v2\/categories?post=36234"},{"taxonomy":"post_tag","embeddable":true,"href":"https:\/\/www.caririemacao.com\/1\/wp-json\/wp\/v2\/tags?post=36234"}],"curies":[{"name":"wp","href":"https:\/\/api.w.org\/{rel}","templated":true}]}}