{"id":36238,"date":"2018-01-03T04:44:29","date_gmt":"2018-01-03T07:44:29","guid":{"rendered":"http:\/\/caririemacao.com\/1\/?p=36238"},"modified":"2018-01-03T04:44:29","modified_gmt":"2018-01-03T07:44:29","slug":"ministro-da-saude-libera-r-500-milhoes-para-aliados-e-mais-de-r-12-milhoes-sao-para-municipios-da-paraiba","status":"publish","type":"post","link":"https:\/\/www.caririemacao.com\/1\/2018\/01\/03\/ministro-da-saude-libera-r-500-milhoes-para-aliados-e-mais-de-r-12-milhoes-sao-para-municipios-da-paraiba\/","title":{"rendered":"Ministro da Sa\u00fade libera R$ 500 milh\u00f5es para aliados e mais de R$ 12 milh\u00f5es s\u00e3o para munic\u00edpios da Para\u00edba"},"content":{"rendered":"<p>O ministro da Sa\u00fade, Ricardo Barros (PP), e sua equipe fizeram um ser\u00e3o, no final de 2017, para liberar quase R$ 500 milh\u00f5es em recursos a centenas de munic\u00edpios no pen\u00faltimo dia do ano. A Para\u00edba foi contemplada com R$ 12.195 milh\u00f5es para munic\u00edpios paraibanos.<\/p>\n<p>Entre os munic\u00edpios que receber\u00e3o recursos est\u00e3o Condado, Passagem, S\u00e3o Jos\u00e9 do Bonfim, S\u00e3o Jos\u00e9 de Espinharas, Teixeira, Itatuba, Imaculada, Serra Redonda, Itabaiana, Juazeirinho, Serra Branca, Concei\u00e7\u00e3o, Pombal e Santa Rita. O Minist\u00e9rio da Sa\u00fade tamb\u00e9m liberou recursos para os fundos municipais das seguintes cidades: Ara\u00e7agi, Carrapateira, Diamante, Duas Estradas, Gado Bravo, Ing\u00e1, Lagoa, Livramento, Monteiro, Parari, Pilar, Prata, Santa Terezinha, Santana de Mangueira, S\u00e3o Jos\u00e9 da Lagoa Tapada, s\u00e3o Jos\u00e9 de Caiana, S\u00e3o Jos\u00e9 do Brejo do Cruz, Catingueira, Concei\u00e7\u00e3o, Coremas, Cuit\u00e9, Esperan\u00e7a, Gurinh\u00e9m e Gurj\u00e3o.<\/p>\n<p>Recursos para as redes b\u00e1sicas de sa\u00fade ser\u00e3o destinados aos munic\u00edpios de Ing\u00e1, Itaporanga, Junco do Serid\u00f3, Lagoa Seca, Lucena, M\u00e3e D\u2019\u00e1gua, Malta, Massaranduba, Mogeiro, Monte Horebe, <strong>Ouro Velho<\/strong>, Paulista, Pombal, Rem\u00edgio, Santa Luzia, S\u00e3o Bento, s\u00e3o Jos\u00e9 do Sabugi, S\u00e3o Mamede, Tavares, Teixeira, Imaculada, Pedras de Fogo, Alcantil, Boa vista, Cajazeiras, Capim, Cuitegi, Imaculada, Itabaiana, Itatuba, Natuba, <strong>Serra Branca<\/strong>, Esperan\u00e7a, S\u00e3o Sebasti\u00e3o da Lagoa de Ro\u00e7a, S\u00e3o Jos\u00e9 da Lagoa Tapada, Alcantil, Boa vista, Cajazeiras e Imaculada, entre outros. A lista completa foi publicada na edi\u00e7\u00e3o do Di\u00e1rio Oficial de s\u00e1bado, dia 30 de dezembro, que teve 74 p\u00e1ginas, todas elas com portarias da pasta.<\/p>\n<p>Foi editada ainda uma se\u00e7\u00e3o de uma p\u00e1gina com alguns conv\u00eanios liberando mais recursos, e houve at\u00e9 uma edi\u00e7\u00e3o extra para que tr\u00eas munic\u00edpios do Paran\u00e1, estado do ministro, n\u00e3o ficassem fora. Barros fez quest\u00e3o de registrar o trabalho extra em v\u00eddeo publicado em suas redes sociais dizendo que o dinheiro liberado era para honrar compromisso com \u201cparceiros\u201d do governo de Michel Temer (PMDB).<\/p>\n<p>\u201cHoje \u00e9 dia 30 de dezembro. S\u00e3o mais de 17 horas. Acabou de rodar o Di\u00e1rio Oficial extra. Temos mais um Di\u00e1rio Oficial extra para empenhar e pagar todos os compromissos que assumimos aqui com nossos parceiros parlamentares, com nossos prefeitos, secret\u00e1rios de estado, que colaboraram com suas propostas para que as decis\u00f5es do presidente Temer possam ser efetivadas\u201d, disse o ministro.<\/p>\n<p>As libera\u00e7\u00f5es foram de R$ 436 milh\u00f5es, no dia 30 de dezembro. Boa parte dos recursos liberados no apagar das luzes de 2017 foi para emendas parlamentares. O Minist\u00e9rio da Sa\u00fade \u00e9 quem mais recebe emendas parlamentares, porque, quando o Congresso alterou a Constitui\u00e7\u00e3o para tornar obrigat\u00f3rio o pagamento de recursos destinados por deputados e senadores, definiu-se que pelo menos a metade desses recursos teria de ser alocada na pasta. Por isso, o esfor\u00e7o para a libera\u00e7\u00e3o de recursos no final do ano tem tamb\u00e9m um componente pol\u00edtico: agradar \u00e0 base parlamentar de Temer. Entre os munic\u00edpios beneficiados no sald\u00e3o de final de ano est\u00e3o munic\u00edpios de todos os tamanhos, grandes e pequenos. Para alguns, a libera\u00e7\u00e3o foi de milhares de reais; outros conseguiram ficar com dezenas de milh\u00f5es. A cidade do Rio de Janeiro, por exemplo, recebeu cerca de R$ 50 milh\u00f5es. Deste montante, R$ 32,2 milh\u00f5es vieram de emendas parlamentares com objetivo de aquisi\u00e7\u00e3o de equipamentos e material permanente para estabelecimentos de sa\u00fade. Os munic\u00edpios paranaenses que foram beneficiados na edi\u00e7\u00e3o extra do Di\u00e1rio Oficial s\u00e3o Campo Largo, Cianorte e Campo Mour\u00e3o. O primeiro receber\u00e1 R$ 1 milh\u00e3o, e os demais, R$ 500 mil cada.<\/p>\n<p><strong>CARIRI EM A\u00c7\u00c3O<\/strong><\/p>\n<p><em>Com pbhoje\/Foto: Reprodu\u00e7\u00e3o google<\/em><\/p>\n<p><strong>Leia mais not\u00edcias em\u00a0<\/strong><a href=\"http:\/\/www.caririemacao.com\/\"><strong>caririemacao.com<\/strong><\/a><strong>, siga nossa p\u00e1gina no\u00a0<\/strong><a href=\"https:\/\/www.facebook.com\/CaririEmAcao\/?ref=aymt_homepage_panel\"><strong>Facebook<\/strong><\/a>,<strong>\u00a0<\/strong><a href=\"https:\/\/www.instagram.com\/cariri_em_acao\/?hl=pt-br\"><strong>Instagram<\/strong><\/a><strong>\u00a0e <\/strong><a href=\"https:\/\/www.youtube.com\/channel\/UCAptA0jQuYQy8vMhLt2m4qg\"><strong>Youtube<\/strong><\/a><strong>\u00a0e veja nossas mat\u00e9rias, v\u00eddeos e fotos. Voc\u00ea tamb\u00e9m pode enviar informa\u00e7\u00f5es \u00e0 Reda\u00e7\u00e3o do Portal Cariri em A\u00e7\u00e3o pelo WhatsApp (83) 9 9634.5791, (83) 9 9601-1162.<\/strong><\/p>\n","protected":false},"excerpt":{"rendered":"<p>O ministro da Sa\u00fade, Ricardo Barros (PP), e sua equipe fizeram um ser\u00e3o, no final de 2017, para liberar quase R$ 500 milh\u00f5es em recursos&hellip; <\/p>\n","protected":false},"author":2,"featured_media":15356,"comment_status":"closed","ping_status":"closed","sticky":false,"template":"","format":"standard","meta":{"sfsi_plus_gutenberg_text_before_share":"","sfsi_plus_gutenberg_show_text_before_share":"","sfsi_plus_gutenberg_icon_type":"","sfsi_plus_gutenberg_icon_alignemt":"","sfsi_plus_gutenburg_max_per_row":"","footnotes":""},"categories":[16],"tags":[],"class_list":["post-36238","post","type-post","status-publish","format-standard","has-post-thumbnail","hentry","category-saude"],"_links":{"self":[{"href":"https:\/\/www.caririemacao.com\/1\/wp-json\/wp\/v2\/posts\/36238","targetHints":{"allow":["GET"]}}],"collection":[{"href":"https:\/\/www.caririemacao.com\/1\/wp-json\/wp\/v2\/posts"}],"about":[{"href":"https:\/\/www.caririemacao.com\/1\/wp-json\/wp\/v2\/types\/post"}],"author":[{"embeddable":true,"href":"https:\/\/www.caririemacao.com\/1\/wp-json\/wp\/v2\/users\/2"}],"replies":[{"embeddable":true,"href":"https:\/\/www.caririemacao.com\/1\/wp-json\/wp\/v2\/comments?post=36238"}],"version-history":[{"count":0,"href":"https:\/\/www.caririemacao.com\/1\/wp-json\/wp\/v2\/posts\/36238\/revisions"}],"wp:featuredmedia":[{"embeddable":true,"href":"https:\/\/www.caririemacao.com\/1\/wp-json\/wp\/v2\/media\/15356"}],"wp:attachment":[{"href":"https:\/\/www.caririemacao.com\/1\/wp-json\/wp\/v2\/media?parent=36238"}],"wp:term":[{"taxonomy":"category","embeddable":true,"href":"https:\/\/www.caririemacao.com\/1\/wp-json\/wp\/v2\/categories?post=36238"},{"taxonomy":"post_tag","embeddable":true,"href":"https:\/\/www.caririemacao.com\/1\/wp-json\/wp\/v2\/tags?post=36238"}],"curies":[{"name":"wp","href":"https:\/\/api.w.org\/{rel}","templated":true}]}}