{"id":36243,"date":"2018-01-03T04:48:03","date_gmt":"2018-01-03T07:48:03","guid":{"rendered":"http:\/\/caririemacao.com\/1\/?p=36243"},"modified":"2018-01-03T04:48:03","modified_gmt":"2018-01-03T07:48:03","slug":"justica-impede-rn-de-usar-verba-da-saude-para-pagar-policiais","status":"publish","type":"post","link":"https:\/\/www.caririemacao.com\/1\/2018\/01\/03\/justica-impede-rn-de-usar-verba-da-saude-para-pagar-policiais\/","title":{"rendered":"Justi\u00e7a impede RN de usar verba da sa\u00fade para pagar policiais"},"content":{"rendered":"<p>O juiz Eduardo Dantas, da 14\u00aa Vara Federal do\u00a0Rio Grande do Norte, suspendeu uma liminar (decis\u00e3o provis\u00f3ria) da Justi\u00e7a do estado que havia permitido o uso de\u00a0recursos da sa\u00fade, repassados pela Uni\u00e3o, para o pagamento de\u00a0sal\u00e1rios atrasados\u00a0de servidores da \u00e1rea de\u00a0seguran\u00e7a p\u00fablica, entre eles policiais militares e civis.<\/p>\n<p>O magistrado afirmou que a medida seria uma\u00a0afronta aos direitos\u00a0dos cidad\u00e3os de ter acesso a servi\u00e7os de sa\u00fade. A liminar, concedida no \u00faltimo dia 30 pelo desembargador Corn\u00e9lio Lopes, do Tribunal de Justi\u00e7a do RN, atendia a um pedido da Associa\u00e7\u00e3o dos Subtenentes e Sargentos Policiais Militares e Bombeiros do Estado do Rio Grande do Norte.<\/p>\n<p>Na decis\u00e3o, Lopes autorizou o governo do estado a utilizar mais de\u00a0225 milh\u00f5es de reais\u00a0repassados pela Uni\u00e3o para pagar o sal\u00e1rio atrasado de servidores. Ele levou em conta\u00a0o caos provocado no estado pela greve de policiais estaduais em fun\u00e7\u00e3o do atraso nos sal\u00e1rios\u00a0\u00a0\u2014 e motivou o envio das\u00a0For\u00e7as Armadas\u00a0para o patrulhamento no estado.<\/p>\n<p>Mas a\u00a0Advocacia-Geral da Uni\u00e3o (AGU)\u00a0recorreu, argumentando que o remanejamento da verba \u00e9 inconstitucional. O \u00f3rg\u00e3o destacou tamb\u00e9m que o dinheiro foi repassado ap\u00f3s o estado declarar calamidade na \u00e1rea da sa\u00fade, n\u00e3o podendo ter sua destina\u00e7\u00e3o modificada.<\/p>\n<p>Tamb\u00e9m nesta ter\u00e7a,\u00a0a procuradora-geral da Rep\u00fablica,\u00a0Raquel Dodge,\u00a0havia pedido \u00e0 presidente do\u00a0Supremo Tribunal Federal (STF), ministra\u00a0C\u00e1rmen L\u00facia, que suspendesse a liminar deferida pela Justi\u00e7a do Rio Grande do Norte. Mas a ministra\u00a0entendeu que o caso j\u00e1 estava solucionado por meio da decis\u00e3o na Justi\u00e7a Federal.<\/p>\n<p><strong>CARIRI EM A\u00c7\u00c3O<\/strong><\/p>\n<p><em>Com Ag\u00eancia Brasil \/Foto: Reprodu\u00e7\u00e3o google<\/em><\/p>\n<p><strong>Leia mais not\u00edcias em\u00a0<\/strong><a href=\"http:\/\/www.caririemacao.com\/\"><strong>caririemacao.com<\/strong><\/a><strong>, siga nossa p\u00e1gina no\u00a0<\/strong><a href=\"https:\/\/www.facebook.com\/CaririEmAcao\/?ref=aymt_homepage_panel\"><strong>Facebook<\/strong><\/a>,<strong>\u00a0<\/strong><a href=\"https:\/\/www.instagram.com\/cariri_em_acao\/?hl=pt-br\"><strong>Instagram<\/strong><\/a><strong>\u00a0e <\/strong><a href=\"https:\/\/www.youtube.com\/channel\/UCAptA0jQuYQy8vMhLt2m4qg\"><strong>Youtube<\/strong><\/a><strong>\u00a0e veja nossas mat\u00e9rias, v\u00eddeos e fotos. Voc\u00ea tamb\u00e9m pode enviar informa\u00e7\u00f5es \u00e0 Reda\u00e7\u00e3o do Portal Cariri em A\u00e7\u00e3o pelo WhatsApp (83) 9 9634.5791, (83) 9 9601-1162.<\/strong><\/p>\n","protected":false},"excerpt":{"rendered":"<p>O juiz Eduardo Dantas, da 14\u00aa Vara Federal do\u00a0Rio Grande do Norte, suspendeu uma liminar (decis\u00e3o provis\u00f3ria) da Justi\u00e7a do estado que havia permitido o&hellip; <\/p>\n","protected":false},"author":2,"featured_media":36245,"comment_status":"closed","ping_status":"closed","sticky":false,"template":"","format":"standard","meta":{"sfsi_plus_gutenberg_text_before_share":"","sfsi_plus_gutenberg_show_text_before_share":"","sfsi_plus_gutenberg_icon_type":"","sfsi_plus_gutenberg_icon_alignemt":"","sfsi_plus_gutenburg_max_per_row":"","footnotes":""},"categories":[2],"tags":[],"class_list":["post-36243","post","type-post","status-publish","format-standard","has-post-thumbnail","hentry","category-geral"],"_links":{"self":[{"href":"https:\/\/www.caririemacao.com\/1\/wp-json\/wp\/v2\/posts\/36243","targetHints":{"allow":["GET"]}}],"collection":[{"href":"https:\/\/www.caririemacao.com\/1\/wp-json\/wp\/v2\/posts"}],"about":[{"href":"https:\/\/www.caririemacao.com\/1\/wp-json\/wp\/v2\/types\/post"}],"author":[{"embeddable":true,"href":"https:\/\/www.caririemacao.com\/1\/wp-json\/wp\/v2\/users\/2"}],"replies":[{"embeddable":true,"href":"https:\/\/www.caririemacao.com\/1\/wp-json\/wp\/v2\/comments?post=36243"}],"version-history":[{"count":0,"href":"https:\/\/www.caririemacao.com\/1\/wp-json\/wp\/v2\/posts\/36243\/revisions"}],"wp:featuredmedia":[{"embeddable":true,"href":"https:\/\/www.caririemacao.com\/1\/wp-json\/wp\/v2\/media\/36245"}],"wp:attachment":[{"href":"https:\/\/www.caririemacao.com\/1\/wp-json\/wp\/v2\/media?parent=36243"}],"wp:term":[{"taxonomy":"category","embeddable":true,"href":"https:\/\/www.caririemacao.com\/1\/wp-json\/wp\/v2\/categories?post=36243"},{"taxonomy":"post_tag","embeddable":true,"href":"https:\/\/www.caririemacao.com\/1\/wp-json\/wp\/v2\/tags?post=36243"}],"curies":[{"name":"wp","href":"https:\/\/api.w.org\/{rel}","templated":true}]}}