{"id":36248,"date":"2018-01-03T04:51:40","date_gmt":"2018-01-03T07:51:40","guid":{"rendered":"http:\/\/caririemacao.com\/1\/?p=36248"},"modified":"2018-01-03T04:51:40","modified_gmt":"2018-01-03T07:51:40","slug":"chapa-de-azevedo-pode-atrair-veneziano-mas-ricardo-tambem-corteja-romero","status":"publish","type":"post","link":"https:\/\/www.caririemacao.com\/1\/2018\/01\/03\/chapa-de-azevedo-pode-atrair-veneziano-mas-ricardo-tambem-corteja-romero\/","title":{"rendered":"Chapa de Azevedo pode atrair Veneziano mas Ricardo tamb\u00e9m corteja Romero"},"content":{"rendered":"<p>Inspirados nos passos do governador Ricardo Coutinho, seus aliados pol\u00edticos come\u00e7aram 2018 dando tratos \u00e0 bola para fornecer alternativas de composi\u00e7\u00e3o da chapa majorit\u00e1ria que ter\u00e1 o aval do socialista em palanques e cuja cabe\u00e7a, a dados de hoje, mant\u00e9m-se prometida para o secret\u00e1rio Jo\u00e3o Azevedo(PSB), da Infraestrutura e Recursos H\u00eddricos. O novo ano come\u00e7a com o recrudescimento da ofensiva para atrair o deputado federal Veneziano Vital do R\u00eago para o esquema ricardista, aproveitando-se do desconforto dele no PMDB, onde chegou a ser punido pela Executiva Nacional por ter votado pela abertura de processo de investiga\u00e7\u00e3o do presidente Michel Temer na C\u00e2mara.<\/p>\n<p>Veneziano est\u00e1 de malas arrumadas para deixar o PMDB, inclusive, por constatar que n\u00e3o h\u00e1 espa\u00e7o para uma candidatura sua ao governo, diante da pretens\u00e3o que o senador Jos\u00e9 Maranh\u00e3o tem apregoado. Fontes pol\u00edticas afirmam que Veneziano passou a sonhar com a hip\u00f3tese de ser adotado como candidato \u00e0 sucess\u00e3o de Ricardo pelo esquema deste, uma vez desfiliado do PMDB. Mas as mesmas fontes adiantam que o ex-prefeito de Campina Grande tem uma postura realista diante dos fatos e sabe que n\u00e3o ser\u00e1 f\u00e1cil a sa\u00edda de Azevedo do p\u00e1reo. A sugest\u00e3o de lan\u00e7amento da ex-deputada Nilda Gondim, m\u00e3e de Veneziano, para a vice-governan\u00e7a na chapa de Azevedo passou a ser levada em conta, dependendo do partido a que o \u201ccl\u00e3\u201d v\u00e1 se filiar.<\/p>\n<p>Fora da\u00ed, trabalha-se no esquema governista para viabilizar composi\u00e7\u00e3o ampla capaz de derrotar as for\u00e7as de oposi\u00e7\u00e3o que combatem a administra\u00e7\u00e3o e a lideran\u00e7a de Ricardo Coutinho. As proje\u00e7\u00f5es sinalizam para alian\u00e7as at\u00e9 ent\u00e3o tidas como improv\u00e1veis, como a uni\u00e3o do deputado federal Luiz Couto (PT) e do ex-senador Efraim Morais (DEM) no palanque de Azevedo. Couto, de h\u00e1 muito, tem seu nome cogitado para candidatar-se ao Senado, em coliga\u00e7\u00e3o com o esquema ricardista. O deputado federal Efraim Filho, do DEM, \u00e9 cotado para a vice-governan\u00e7a na chapa de Azevedo, podendo o seu pai, o ex-senador Efraim Morais, presidente estadual do Democratas, ser inclu\u00eddo como suplente de senador. Os Morais e petistas acentuaram diverg\u00eancias no epis\u00f3dio do impeachment de Dilma Rousseff, que o DEM apoiou. Mas diz-se que o governador Ricardo Coutinho ser\u00e1 o mediador da aproxima\u00e7\u00e3o entre eles na campanha de 2018, fazendo o papel de \u201dalgod\u00e3o entre cristais\u201d.<\/p>\n<p>Nenhuma op\u00e7\u00e3o \u00e9 descartada nas hostes ricardistas para bater advers\u00e1rios este ano. Tem sido ventilada nas \u00faltimas horas, por exemplo, a tese de que \u00e9 preciso fomentar e aliciar dissid\u00eancias em outros partidos para refor\u00e7ar o esquema que tem como expoente, atualmente, o secret\u00e1rio Jo\u00e3o Azevedo. N\u00e3o se descarta, nem mesmo, conversa com o atual prefeito de Campina Grande, Romero Rodrigues, do PSDB, parente do senador C\u00e1ssio Cunha Lima, que tenta se firmar como candidato ao governo mas estaria sendo \u201ccristianizado\u201d diante do apoio de C\u00e1ssio \u00e0 virtual candidatura do prefeito de Jo\u00e3o Pessoa, Luciano Cartaxo (PSD) que tenta aglutinar uma frente de oposi\u00e7\u00e3o em torno do seu nome. \u201cRomero pode vir a ser a joia da Coroa de Ricardo em 2018\u201d, informou, \u201cem off\u201d, uma fonte altamente credenciada, alertando para a eclos\u00e3o de uma reviravolta em alto estilo que seria patrocinada pelo governador Ricardo Coutinho.<br \/>\n<strong>CARIRI EM A\u00c7\u00c3O<\/strong><\/p>\n<p><em>Com Nonato Guedes\/Foto: Reprodu\u00e7\u00e3o google<\/em><\/p>\n<p><strong>Leia mais not\u00edcias em\u00a0<\/strong><a href=\"http:\/\/www.caririemacao.com\/\"><strong>caririemacao.com<\/strong><\/a><strong>, siga nossa p\u00e1gina no\u00a0<\/strong><a href=\"https:\/\/www.facebook.com\/CaririEmAcao\/?ref=aymt_homepage_panel\"><strong>Facebook<\/strong><\/a>,<strong>\u00a0<\/strong><a href=\"https:\/\/www.instagram.com\/cariri_em_acao\/?hl=pt-br\"><strong>Instagram<\/strong><\/a><strong>\u00a0e <\/strong><a href=\"https:\/\/www.youtube.com\/channel\/UCAptA0jQuYQy8vMhLt2m4qg\"><strong>Youtube<\/strong><\/a><strong>\u00a0e veja nossas mat\u00e9rias, v\u00eddeos e fotos. Voc\u00ea tamb\u00e9m pode enviar informa\u00e7\u00f5es \u00e0 Reda\u00e7\u00e3o do Portal Cariri em A\u00e7\u00e3o pelo WhatsApp (83) 9 9634.5791, (83) 9 9601-1162.<\/strong><\/p>\n","protected":false},"excerpt":{"rendered":"<p>Inspirados nos passos do governador Ricardo Coutinho, seus aliados pol\u00edticos come\u00e7aram 2018 dando tratos \u00e0 bola para fornecer alternativas de composi\u00e7\u00e3o da chapa majorit\u00e1ria que&hellip; <\/p>\n","protected":false},"author":2,"featured_media":36249,"comment_status":"closed","ping_status":"closed","sticky":false,"template":"","format":"standard","meta":{"sfsi_plus_gutenberg_text_before_share":"","sfsi_plus_gutenberg_show_text_before_share":"","sfsi_plus_gutenberg_icon_type":"","sfsi_plus_gutenberg_icon_alignemt":"","sfsi_plus_gutenburg_max_per_row":"","footnotes":""},"categories":[1],"tags":[],"class_list":["post-36248","post","type-post","status-publish","format-standard","has-post-thumbnail","hentry","category-o-site"],"_links":{"self":[{"href":"https:\/\/www.caririemacao.com\/1\/wp-json\/wp\/v2\/posts\/36248","targetHints":{"allow":["GET"]}}],"collection":[{"href":"https:\/\/www.caririemacao.com\/1\/wp-json\/wp\/v2\/posts"}],"about":[{"href":"https:\/\/www.caririemacao.com\/1\/wp-json\/wp\/v2\/types\/post"}],"author":[{"embeddable":true,"href":"https:\/\/www.caririemacao.com\/1\/wp-json\/wp\/v2\/users\/2"}],"replies":[{"embeddable":true,"href":"https:\/\/www.caririemacao.com\/1\/wp-json\/wp\/v2\/comments?post=36248"}],"version-history":[{"count":0,"href":"https:\/\/www.caririemacao.com\/1\/wp-json\/wp\/v2\/posts\/36248\/revisions"}],"wp:featuredmedia":[{"embeddable":true,"href":"https:\/\/www.caririemacao.com\/1\/wp-json\/wp\/v2\/media\/36249"}],"wp:attachment":[{"href":"https:\/\/www.caririemacao.com\/1\/wp-json\/wp\/v2\/media?parent=36248"}],"wp:term":[{"taxonomy":"category","embeddable":true,"href":"https:\/\/www.caririemacao.com\/1\/wp-json\/wp\/v2\/categories?post=36248"},{"taxonomy":"post_tag","embeddable":true,"href":"https:\/\/www.caririemacao.com\/1\/wp-json\/wp\/v2\/tags?post=36248"}],"curies":[{"name":"wp","href":"https:\/\/api.w.org\/{rel}","templated":true}]}}