{"id":36250,"date":"2018-01-03T04:52:59","date_gmt":"2018-01-03T07:52:59","guid":{"rendered":"http:\/\/caririemacao.com\/1\/?p=36250"},"modified":"2018-01-03T04:55:36","modified_gmt":"2018-01-03T07:55:36","slug":"maia-diz-que-mudar-a-previdencia-e-a-mais-importante-reforma-social-do-pais","status":"publish","type":"post","link":"https:\/\/www.caririemacao.com\/1\/2018\/01\/03\/maia-diz-que-mudar-a-previdencia-e-a-mais-importante-reforma-social-do-pais\/","title":{"rendered":"Maia diz que mudar a Previd\u00eancia \u00e9 a \u201cmais importante reforma social do pa\u00eds\u201d"},"content":{"rendered":"<p>O presidente da C\u00e2mara, deputado Rodrigo Maia (DEM-RJ), usou hoje (2) as redes sociais para voltar a defender a aprova\u00e7\u00e3o da reforma da Previd\u00eancia. Segundo Maia, a reforma \u00e9 importante para solucionar o desequil\u00edbrio fiscal do pa\u00eds e adiar a vota\u00e7\u00e3o da proposta \u00e9 \u201cempurrar para o futuro a urg\u00eancia de uma agenda social que mude de fato a vida do brasileiro\u201d.<\/p>\n<p>Em mensagens publicadas no seu perfil no Twitter, o presidente da C\u00e2mara disse que a mudan\u00e7a nas regras da aposentadoria \u00e9 a \u201cmais importante reforma social do pa\u00eds\u201d.<\/p>\n<p>O projeto da reforma, enviado pelo governo e alterado algumas vezes no Congresso para deixar as mudan\u00e7as menos duras, est\u00e1 previsto para ser votado pelos deputados no dia 19 de fevereiro.<\/p>\n<p>\u201cH\u00e1 uma urg\u00eancia, sim, que o Brasil volte a ser um pa\u00eds seguro para atrair investimentos. Mas mais do que isso, aprovar a reforma \u00e9 a \u00fanica forma de garantirmos que o aposentado, o servidor p\u00fablico e o trabalhador jovem ir\u00e3o receber suas aposentadorias num futuro pr\u00f3ximo\u201d, escreveu Maia.<\/p>\n<p>Como se trata de uma proposta de emenda \u00e0 Constitui\u00e7\u00e3o, a reforma da Previd\u00eancia precisa ser aprovada duas vezes por 308 dos 513 deputados, antes de ser analisada no Senado, tamb\u00e9m em dois turnos.<\/p>\n<p><strong>CARIRI EM A\u00c7\u00c3O<\/strong><\/p>\n<p><em>Com EBC \/Foto: Reprodu\u00e7\u00e3o google<\/em><\/p>\n<p><strong>Leia mais not\u00edcias em\u00a0<\/strong><a href=\"http:\/\/www.caririemacao.com\/\"><strong>caririemacao.com<\/strong><\/a><strong>, siga nossa p\u00e1gina no\u00a0<\/strong><a href=\"https:\/\/www.facebook.com\/CaririEmAcao\/?ref=aymt_homepage_panel\"><strong>Facebook<\/strong><\/a>,<strong>\u00a0<\/strong><a href=\"https:\/\/www.instagram.com\/cariri_em_acao\/?hl=pt-br\"><strong>Instagram<\/strong><\/a><strong>\u00a0e <\/strong><a href=\"https:\/\/www.youtube.com\/channel\/UCAptA0jQuYQy8vMhLt2m4qg\"><strong>Youtube<\/strong><\/a><strong>\u00a0e veja nossas mat\u00e9rias, v\u00eddeos e fotos. Voc\u00ea tamb\u00e9m pode enviar informa\u00e7\u00f5es \u00e0 Reda\u00e7\u00e3o do Portal Cariri em A\u00e7\u00e3o pelo WhatsApp (83) 9 9634.5791, (83) 9 9601-1162.<\/strong><\/p>\n","protected":false},"excerpt":{"rendered":"<p>O presidente da C\u00e2mara, deputado Rodrigo Maia (DEM-RJ), usou hoje (2) as redes sociais para voltar a defender a aprova\u00e7\u00e3o da reforma da Previd\u00eancia. Segundo&hellip; <\/p>\n","protected":false},"author":2,"featured_media":33611,"comment_status":"closed","ping_status":"closed","sticky":false,"template":"","format":"standard","meta":{"sfsi_plus_gutenberg_text_before_share":"","sfsi_plus_gutenberg_show_text_before_share":"","sfsi_plus_gutenberg_icon_type":"","sfsi_plus_gutenberg_icon_alignemt":"","sfsi_plus_gutenburg_max_per_row":"","footnotes":""},"categories":[11],"tags":[],"class_list":["post-36250","post","type-post","status-publish","format-standard","has-post-thumbnail","hentry","category-politica"],"_links":{"self":[{"href":"https:\/\/www.caririemacao.com\/1\/wp-json\/wp\/v2\/posts\/36250","targetHints":{"allow":["GET"]}}],"collection":[{"href":"https:\/\/www.caririemacao.com\/1\/wp-json\/wp\/v2\/posts"}],"about":[{"href":"https:\/\/www.caririemacao.com\/1\/wp-json\/wp\/v2\/types\/post"}],"author":[{"embeddable":true,"href":"https:\/\/www.caririemacao.com\/1\/wp-json\/wp\/v2\/users\/2"}],"replies":[{"embeddable":true,"href":"https:\/\/www.caririemacao.com\/1\/wp-json\/wp\/v2\/comments?post=36250"}],"version-history":[{"count":0,"href":"https:\/\/www.caririemacao.com\/1\/wp-json\/wp\/v2\/posts\/36250\/revisions"}],"wp:featuredmedia":[{"embeddable":true,"href":"https:\/\/www.caririemacao.com\/1\/wp-json\/wp\/v2\/media\/33611"}],"wp:attachment":[{"href":"https:\/\/www.caririemacao.com\/1\/wp-json\/wp\/v2\/media?parent=36250"}],"wp:term":[{"taxonomy":"category","embeddable":true,"href":"https:\/\/www.caririemacao.com\/1\/wp-json\/wp\/v2\/categories?post=36250"},{"taxonomy":"post_tag","embeddable":true,"href":"https:\/\/www.caririemacao.com\/1\/wp-json\/wp\/v2\/tags?post=36250"}],"curies":[{"name":"wp","href":"https:\/\/api.w.org\/{rel}","templated":true}]}}