{"id":36252,"date":"2018-01-03T04:56:19","date_gmt":"2018-01-03T07:56:19","guid":{"rendered":"http:\/\/caririemacao.com\/1\/?p=36252"},"modified":"2018-01-04T08:42:43","modified_gmt":"2018-01-04T11:42:43","slug":"marun-e-levado-a-comissao-de-etica-por-reforma-da-previdencia","status":"publish","type":"post","link":"https:\/\/www.caririemacao.com\/1\/2018\/01\/03\/marun-e-levado-a-comissao-de-etica-por-reforma-da-previdencia\/","title":{"rendered":"Marun \u00e9 levado \u00e0 Comiss\u00e3o de \u00c9tica por reforma da Previd\u00eancia"},"content":{"rendered":"<p>O presidente do Fonacate (F\u00f3rum Nacional Permanente das Carreiras T\u00edpicas de Estado), Rudinei Marques, esteve nesta tarde no Pal\u00e1cio do Planalto para protocolar uma representa\u00e7\u00e3o na Comiss\u00e3o de \u00c9tica P\u00fablica da Presid\u00eancia da Rep\u00fablica contra o secret\u00e1rio de Governo, Carlos Marun, pela suposta tentativa do ministro de coagir governadores e parlamentares, com a poss\u00edvel reten\u00e7\u00e3o de recursos da Caixa,\u00a0a apoiar a reforma da Previd\u00eancia.<\/p>\n<p>Na avalia\u00e7\u00e3o da associa\u00e7\u00e3o, que re\u00fane categorias como auditores fiscais e analistas do Banco Central, o comportamento do ministro \u00e9 inaceit\u00e1vel. &#8220;Ficamos estarrecidos com as palavras do ministro Marun, que sem nenhuma cerim\u00f4nia falou em usar recursos de financiamento da CEF para aliciar deputados para votarem a favor da reforma da Previd\u00eancia. Isso \u00e9 inconceb\u00edvel&#8221;, disse Marques.<\/p>\n<p>Na semana passada, Marun divulgou nota, numa esp\u00e9cie de &#8220;tr\u00e9plica&#8221; aos governadores que reagiram \u00e0 sua recente declara\u00e7\u00e3o de que o governo pressiona gestores estaduais e municipais a trabalharem a favor da aprova\u00e7\u00e3o da Reforma da Previd\u00eancia, em troca da libera\u00e7\u00e3o de recursos em financiamentos de bancos p\u00fablicos, como a Caixa. &#8220;A rea\u00e7\u00e3o daqueles que querem continuar omitindo a participa\u00e7\u00e3o do governo federal nas a\u00e7\u00f5es resultantes de financiamentos obtidos junto aos bancos p\u00fablicos s\u00f3 se justifica pela inten\u00e7\u00e3o de buscar resultados eleitorais exclusivamente para si&#8221;, escreveu o ministro. &#8220;Estes defendem a equivocada tese de que quem recebe financiamentos pratica a\u00e7\u00f5es de governo e que quem os concede, n\u00e3o&#8221;.<\/p>\n<p>Depois das declara\u00e7\u00f5es de Marun, sete dos nove governadores do Nordeste enviaram carta aberta ao presidente Michel Temer protestando contra a fala do ministro. No documento, os governadores prometem acionar pol\u00edtica e judicialmente os agentes p\u00fablicos envolvidos, caso a &#8220;amea\u00e7a&#8221; de Marun se confirme.<\/p>\n<p>Para o representante da Fonacate, n\u00e3o h\u00e1 d\u00favidas que o comportamento do ministro fere a lei e os princ\u00edpios da Administra\u00e7\u00e3o P\u00fablica. &#8220;Ele deixou claro e reiterou. Ele agora que se explique \u00e0 Comiss\u00e3o&#8221;, disse o presidente da entidade.<\/p>\n<div id=\"inner-ad-container\" class=\"open full-width\">A Comiss\u00e3o ainda vai avaliar o caso, mas costuma aplicar como san\u00e7\u00f5es medidas como advert\u00eancia e at\u00e9 sugest\u00e3o de uma eventual exonera\u00e7\u00e3o. &#8220;O que esperamos \u00e9 primeiro que n\u00e3o se efetive o que o governo se prop\u00f4s a fazer. Depois acreditamos que a comiss\u00e3o pode aconselhar o presidente a tomar alguma medida&#8221;, afirmou Marques.<\/div>\n<p><strong>Hist\u00f3rico<\/strong><\/p>\n<p>A Fonacate foi uma das entidades que entrou no ano passado com uma representa\u00e7\u00e3o contra o secret\u00e1rio da Previd\u00eancia, Marcelo Caetano, para que ele se afastasse do conselho de administra\u00e7\u00e3o da Brasilprev, empresa de previd\u00eancia ligada ao BB Seguridade. O pedido foi acatado pelo colegiado, que entendeu a solu\u00e7\u00e3o como &#8220;preventiva&#8221; j\u00e1 que n\u00e3o foi constatado transgress\u00f5es \u00e9ticas por parte do secret\u00e1rio pela Comiss\u00e3o.<\/p>\n<p><strong>CARIRI EM A\u00c7\u00c3O<\/strong><\/p>\n<p><em>Com R7\/Foto: Reprodu\u00e7\u00e3o google<\/em><\/p>\n<p><strong>Leia mais not\u00edcias em\u00a0<\/strong><a href=\"http:\/\/www.caririemacao.com\/\"><strong>caririemacao.com<\/strong><\/a><strong>, siga nossa p\u00e1gina no\u00a0<\/strong><a href=\"https:\/\/www.facebook.com\/CaririEmAcao\/?ref=aymt_homepage_panel\"><strong>Facebook<\/strong><\/a>,<strong>\u00a0<\/strong><a href=\"https:\/\/www.instagram.com\/cariri_em_acao\/?hl=pt-br\"><strong>Instagram<\/strong><\/a><strong>\u00a0e <\/strong><a href=\"https:\/\/www.youtube.com\/channel\/UCAptA0jQuYQy8vMhLt2m4qg\"><strong>Youtube<\/strong><\/a><strong>\u00a0e veja nossas mat\u00e9rias, v\u00eddeos e fotos. Voc\u00ea tamb\u00e9m pode enviar informa\u00e7\u00f5es \u00e0 Reda\u00e7\u00e3o do Portal Cariri em A\u00e7\u00e3o pelo WhatsApp (83) 9 9634.5791, (83) 9 9601-1162.<\/strong><\/p>\n","protected":false},"excerpt":{"rendered":"<p>O presidente do Fonacate (F\u00f3rum Nacional Permanente das Carreiras T\u00edpicas de Estado), Rudinei Marques, esteve nesta tarde no Pal\u00e1cio do Planalto para protocolar uma representa\u00e7\u00e3o&hellip; <\/p>\n","protected":false},"author":2,"featured_media":36194,"comment_status":"closed","ping_status":"closed","sticky":false,"template":"","format":"standard","meta":{"sfsi_plus_gutenberg_text_before_share":"","sfsi_plus_gutenberg_show_text_before_share":"","sfsi_plus_gutenberg_icon_type":"","sfsi_plus_gutenberg_icon_alignemt":"","sfsi_plus_gutenburg_max_per_row":"","footnotes":""},"categories":[2],"tags":[],"class_list":["post-36252","post","type-post","status-publish","format-standard","has-post-thumbnail","hentry","category-geral"],"_links":{"self":[{"href":"https:\/\/www.caririemacao.com\/1\/wp-json\/wp\/v2\/posts\/36252","targetHints":{"allow":["GET"]}}],"collection":[{"href":"https:\/\/www.caririemacao.com\/1\/wp-json\/wp\/v2\/posts"}],"about":[{"href":"https:\/\/www.caririemacao.com\/1\/wp-json\/wp\/v2\/types\/post"}],"author":[{"embeddable":true,"href":"https:\/\/www.caririemacao.com\/1\/wp-json\/wp\/v2\/users\/2"}],"replies":[{"embeddable":true,"href":"https:\/\/www.caririemacao.com\/1\/wp-json\/wp\/v2\/comments?post=36252"}],"version-history":[{"count":0,"href":"https:\/\/www.caririemacao.com\/1\/wp-json\/wp\/v2\/posts\/36252\/revisions"}],"wp:featuredmedia":[{"embeddable":true,"href":"https:\/\/www.caririemacao.com\/1\/wp-json\/wp\/v2\/media\/36194"}],"wp:attachment":[{"href":"https:\/\/www.caririemacao.com\/1\/wp-json\/wp\/v2\/media?parent=36252"}],"wp:term":[{"taxonomy":"category","embeddable":true,"href":"https:\/\/www.caririemacao.com\/1\/wp-json\/wp\/v2\/categories?post=36252"},{"taxonomy":"post_tag","embeddable":true,"href":"https:\/\/www.caririemacao.com\/1\/wp-json\/wp\/v2\/tags?post=36252"}],"curies":[{"name":"wp","href":"https:\/\/api.w.org\/{rel}","templated":true}]}}