{"id":36259,"date":"2018-01-04T08:46:09","date_gmt":"2018-01-04T11:46:09","guid":{"rendered":"http:\/\/caririemacao.com\/1\/?p=36259"},"modified":"2018-01-04T08:46:09","modified_gmt":"2018-01-04T11:46:09","slug":"policia-registra-primeira-explosao-a-banco-na-pb-em-sao-sebastiao-do-umbuzeiro","status":"publish","type":"post","link":"https:\/\/www.caririemacao.com\/1\/2018\/01\/04\/policia-registra-primeira-explosao-a-banco-na-pb-em-sao-sebastiao-do-umbuzeiro\/","title":{"rendered":"Pol\u00edcia registra primeira explos\u00e3o a banco na PB em S\u00e3o Sebasti\u00e3o do Umbuzeiro"},"content":{"rendered":"<p>Um grupo de bandidos fortemente armados invadiu\u00a0na madrugada desta quinta-feira (04),\u00a0a cidade de S\u00e3o Sebasti\u00e3o do Umbuzeiro, e explodiu a ag\u00eancia do Bradesco, localizada no Centro da cidade, a a\u00e7\u00e3o aconteceu por volta d\u00e1s 03:20hs.<\/p>\n<p>O grupo de aproximadamente cinco homens estava em um Sedan HB 20 de cor branca e um Gol Preto dando suporte. Os homens sa\u00edram do carro, deram v\u00e1rios disparos de Fuzil HK tipo 556 segundo projetil encontrado nas ruas pr\u00f3ximo do local.<\/p>\n<p>Os bandidos instalaram as dinamites e explodiram o caixa eletr\u00f4nico no interior da ag\u00eancia, no local da explos\u00e3o h\u00e1 varias notas espalhadas meladas de tinta fugindo logo em seguida.<\/p>\n<p>O estrondo da explos\u00e3o no total de tr\u00eas assustou os moradores que usaram as redes sociais durante a madrugada, para relatar o fato e a preocupa\u00e7\u00e3o com a situa\u00e7\u00e3o. A Ag\u00eancia fazia menos de tr\u00eas meses que tinha sido reaberta, ap\u00f3s explos\u00e3o em 22 de abril de 2017, dessa vez o estrago foi de grandes propor\u00e7\u00f5es.<\/p>\n<p>Ap\u00f3s a explos\u00e3o os bandidos fugiram em dire\u00e7\u00e3o da Cidade de Monteiro, a Policia Militar est\u00e1 realizando buscas na regi\u00e3o, at\u00e9 o momento n\u00e3o h\u00e1 informa\u00e7\u00f5es do paradeiro dos bandidos.<\/p>\n<p><a href=\"http:\/\/caririemacao.com\/1\/wp-content\/uploads\/2018\/01\/bb-ssu.jpg\"><img fetchpriority=\"high\" decoding=\"async\" class=\"alignnone size-medium wp-image-36262 aligncenter\" src=\"http:\/\/caririemacao.com\/1\/wp-content\/uploads\/2018\/01\/bb-ssu-300x225.jpg\" alt=\"\" width=\"300\" height=\"225\" srcset=\"https:\/\/www.caririemacao.com\/1\/wp-content\/uploads\/2018\/01\/bb-ssu-300x225.jpg 300w, https:\/\/www.caririemacao.com\/1\/wp-content\/uploads\/2018\/01\/bb-ssu-768x576.jpg 768w, https:\/\/www.caririemacao.com\/1\/wp-content\/uploads\/2018\/01\/bb-ssu.jpg 960w\" sizes=\"(max-width: 300px) 100vw, 300px\" \/><\/a> <a href=\"http:\/\/caririemacao.com\/1\/wp-content\/uploads\/2018\/01\/26196226_1958575480850077_840913262651621496_n.jpg\"><img decoding=\"async\" class=\"size-medium wp-image-36261 aligncenter lazyload\" data-src=\"http:\/\/caririemacao.com\/1\/wp-content\/uploads\/2018\/01\/26196226_1958575480850077_840913262651621496_n-169x300.jpg\" alt=\"\" width=\"169\" height=\"300\" data-srcset=\"https:\/\/www.caririemacao.com\/1\/wp-content\/uploads\/2018\/01\/26196226_1958575480850077_840913262651621496_n-169x300.jpg 169w, https:\/\/www.caririemacao.com\/1\/wp-content\/uploads\/2018\/01\/26196226_1958575480850077_840913262651621496_n.jpg 540w\" data-sizes=\"(max-width: 169px) 100vw, 169px\" src=\"data:image\/svg+xml;base64,PHN2ZyB3aWR0aD0iMSIgaGVpZ2h0PSIxIiB4bWxucz0iaHR0cDovL3d3dy53My5vcmcvMjAwMC9zdmciPjwvc3ZnPg==\" style=\"--smush-placeholder-width: 169px; --smush-placeholder-aspect-ratio: 169\/300;\" \/><\/a> <a href=\"http:\/\/caririemacao.com\/1\/wp-content\/uploads\/2018\/01\/26195376_1958575997516692_3645755855709439552_n.jpg\"><img decoding=\"async\" class=\"alignnone size-medium wp-image-36260 aligncenter lazyload\" data-src=\"http:\/\/caririemacao.com\/1\/wp-content\/uploads\/2018\/01\/26195376_1958575997516692_3645755855709439552_n-168x300.jpg\" alt=\"\" width=\"168\" height=\"300\" data-srcset=\"https:\/\/www.caririemacao.com\/1\/wp-content\/uploads\/2018\/01\/26195376_1958575997516692_3645755855709439552_n-168x300.jpg 168w, https:\/\/www.caririemacao.com\/1\/wp-content\/uploads\/2018\/01\/26195376_1958575997516692_3645755855709439552_n.jpg 539w\" data-sizes=\"(max-width: 168px) 100vw, 168px\" src=\"data:image\/svg+xml;base64,PHN2ZyB3aWR0aD0iMSIgaGVpZ2h0PSIxIiB4bWxucz0iaHR0cDovL3d3dy53My5vcmcvMjAwMC9zdmciPjwvc3ZnPg==\" style=\"--smush-placeholder-width: 168px; --smush-placeholder-aspect-ratio: 168\/300;\" \/><\/a><\/p>\n<p><strong>CARIRI EM A\u00c7\u00c3O<\/strong><\/p>\n<p><em>Com Blog do Didi<\/em><\/p>\n<p><strong>Leia mais not\u00edcias em\u00a0<\/strong><a href=\"http:\/\/www.caririemacao.com\/\"><strong>caririemacao.com<\/strong><\/a><strong>, siga nossa p\u00e1gina no\u00a0<\/strong><a href=\"https:\/\/www.facebook.com\/CaririEmAcao\/?ref=aymt_homepage_panel\"><strong>Facebook<\/strong><\/a>,<strong>\u00a0<\/strong><a href=\"https:\/\/www.instagram.com\/cariri_em_acao\/?hl=pt-br\"><strong>Instagram<\/strong><\/a><strong>\u00a0e <\/strong><a href=\"https:\/\/www.youtube.com\/channel\/UCAptA0jQuYQy8vMhLt2m4qg\"><strong>Youtube<\/strong><\/a><strong>\u00a0e veja nossas mat\u00e9rias, v\u00eddeos e fotos. Voc\u00ea tamb\u00e9m pode enviar informa\u00e7\u00f5es \u00e0 Reda\u00e7\u00e3o do Portal Cariri em A\u00e7\u00e3o pelo WhatsApp (83) 9 9634.5791, (83) 9 9601-1162.<\/strong><\/p>\n","protected":false},"excerpt":{"rendered":"<p>Um grupo de bandidos fortemente armados invadiu\u00a0na madrugada desta quinta-feira (04),\u00a0a cidade de S\u00e3o Sebasti\u00e3o do Umbuzeiro, e explodiu a ag\u00eancia do Bradesco, localizada no&hellip; <\/p>\n","protected":false},"author":2,"featured_media":36263,"comment_status":"closed","ping_status":"closed","sticky":false,"template":"","format":"standard","meta":{"sfsi_plus_gutenberg_text_before_share":"","sfsi_plus_gutenberg_show_text_before_share":"","sfsi_plus_gutenberg_icon_type":"","sfsi_plus_gutenberg_icon_alignemt":"","sfsi_plus_gutenburg_max_per_row":"","footnotes":""},"categories":[12],"tags":[],"class_list":["post-36259","post","type-post","status-publish","format-standard","has-post-thumbnail","hentry","category-policia"],"_links":{"self":[{"href":"https:\/\/www.caririemacao.com\/1\/wp-json\/wp\/v2\/posts\/36259","targetHints":{"allow":["GET"]}}],"collection":[{"href":"https:\/\/www.caririemacao.com\/1\/wp-json\/wp\/v2\/posts"}],"about":[{"href":"https:\/\/www.caririemacao.com\/1\/wp-json\/wp\/v2\/types\/post"}],"author":[{"embeddable":true,"href":"https:\/\/www.caririemacao.com\/1\/wp-json\/wp\/v2\/users\/2"}],"replies":[{"embeddable":true,"href":"https:\/\/www.caririemacao.com\/1\/wp-json\/wp\/v2\/comments?post=36259"}],"version-history":[{"count":0,"href":"https:\/\/www.caririemacao.com\/1\/wp-json\/wp\/v2\/posts\/36259\/revisions"}],"wp:featuredmedia":[{"embeddable":true,"href":"https:\/\/www.caririemacao.com\/1\/wp-json\/wp\/v2\/media\/36263"}],"wp:attachment":[{"href":"https:\/\/www.caririemacao.com\/1\/wp-json\/wp\/v2\/media?parent=36259"}],"wp:term":[{"taxonomy":"category","embeddable":true,"href":"https:\/\/www.caririemacao.com\/1\/wp-json\/wp\/v2\/categories?post=36259"},{"taxonomy":"post_tag","embeddable":true,"href":"https:\/\/www.caririemacao.com\/1\/wp-json\/wp\/v2\/tags?post=36259"}],"curies":[{"name":"wp","href":"https:\/\/api.w.org\/{rel}","templated":true}]}}