{"id":36266,"date":"2018-01-04T09:17:43","date_gmt":"2018-01-04T12:17:43","guid":{"rendered":"http:\/\/caririemacao.com\/1\/?p=36266"},"modified":"2018-01-04T09:17:43","modified_gmt":"2018-01-04T12:17:43","slug":"eleicao-ja-provoca-baixas-e-obriga-temer-a-antecipar-troca-de-ministros","status":"publish","type":"post","link":"https:\/\/www.caririemacao.com\/1\/2018\/01\/04\/eleicao-ja-provoca-baixas-e-obriga-temer-a-antecipar-troca-de-ministros\/","title":{"rendered":"Elei\u00e7\u00e3o j\u00e1 provoca baixas e obriga Temer a antecipar troca de ministros"},"content":{"rendered":"<p>\u00c0 revelia de\u00a0Michel Temer, mais um ministro deixou seu cargo na Esplanada dos Minist\u00e9rios. Marcos Pereira (PRB), que respondia pela pasta de Desenvolvimento, Ind\u00fastria, Com\u00e9rcio Exterior e Servi\u00e7os, entregou sua carta de demiss\u00e3o nesta quarta-feira. \u00c9 a quarta baixa em dois meses. Todas por conta das elei\u00e7\u00f5es de 2018. A sa\u00edda for\u00e7a com que o presidente antecipe uma reforma ministerial, ainda que a conta gotas. As trocas estavam previstas para ocorrerem apenas em abril, m\u00eas limite para os candidatos a cargos eletivos se demitirem de suas fun\u00e7\u00f5es comissionadas.<\/p>\n<div class=\"sumario__interior\">\n<p>A sa\u00edda de Marcos Pereira, do petebista Ronaldo Nogueira (Trabalho) e dos\u00a0tucanos Ant\u00f4nio Imbassahy (Secretaria de Governo) e Bruno Ara\u00fajo (Cidades)trazem uma herc\u00falea tarefa a Temer: reformar seu Governo a um m\u00eas e meio de se talvez sua \u00faltima votar a sua reforma da Previd\u00eancia. Ou seja, tem de articular para que as trocas ajudem a garantir os 308 votos necess\u00e1rios para a aprova\u00e7\u00e3o das mudan\u00e7as nas aposentadorias. Tudo isso em um momento em que a sa\u00fade do presidente voltou a apresentar debilidades. Ele foi orientado pelos m\u00e9dicos a reduzir sua carga de trabalho e a passar a virada do ano em casa porque apresentou um quadro de infec\u00e7\u00e3o urin\u00e1ria.<\/p>\n<\/div>\n<p>Os ex-ministros do PSDB deixaram os cargos porque a legenda n\u00e3o definiu oficialmente se continua ou n\u00e3o no Governo Temer. Al\u00e9m disso,\u00a0o partido tenta angariar apoio entre siglas do centr\u00e3o, que hoje s\u00e3o a principal coluna de sustenta\u00e7\u00e3o do Planalto, para a candidatura de Geraldo Alckmin \u00e0 presid\u00eancia da Rep\u00fablica. J\u00e1 os ex-deputados do PRB e do PTB deixam os cargos simplesmente porque querem se dedicar \u00e0s suas campanhas eleitorais neste ano. Ambos concorrer\u00e3o a uma vaga na C\u00e2mara dos Deputados.<\/p>\n<p><strong>Um agrado para Roberto Jeferson<\/strong><\/p>\n<p>Dos quatro demission\u00e1rios, tr\u00eas foram substitu\u00eddos. Todos os substitutos s\u00e3o deputados federais que abriram m\u00e3o de m\u00e3o de disputarem a reelei\u00e7\u00e3o. Alexandre Baldy (PP-GO) assumiu o Minist\u00e9rio das Cidades e\u00a0Carlos Marun (MDB-MS), a Secretaria de Governo. Nesta quarta-feira, quatro horas depois de receber a carta de demiss\u00e3o de Pereira, o presidente se reuniu com Roberto Jefferson, que cumpriu pena de pris\u00e3o pelo mensal\u00e3o que hoje preside o PTB. Do encontro, saiu a indica\u00e7\u00e3o da nova ministra do Trabalho, a deputada petebista Cristiane Brasil, filha de Jefferson. Sua posse deve ocorrer na pr\u00f3xima semana.<\/p>\n<p>Desses tr\u00eas, apenas Baldy n\u00e3o enfrentou resist\u00eancias desde que assumiu o cargo. Marun j\u00e1 se envolveu em um embate com governadores quando, em uma entrevista coletiva, condicionou a libera\u00e7\u00e3o de recursos ao apoio dos chefes de Executivos Estaduais \u00e0 reforma da Previd\u00eancia. Na ter\u00e7a-feira, foi denunciado \u00e0 Comiss\u00e3o de \u00c9tica da Presid\u00eancia da Rep\u00fablica onde poder\u00e1 responder a um processo.<\/p>\n<p>J\u00e1 Cristiane Brasil n\u00e3o \u00e9 unanimidade de seu partido. Tr\u00eas de quatro deputados do PTB ouvidos pela reportagem disseram que a indica\u00e7\u00e3o dela n\u00e3o teve o aval da bancada. \u201cNem sequer fomos consultados\u201d, afirmou um parlamentar. Roberto Jefferson respondeu que seu partido \u00e9 unido e, \u00e0s l\u00e1grimas, explicou a um grupo de rep\u00f3rteres que o nome de sua filha n\u00e3o foi uma indica\u00e7\u00e3o sua: \u201cEu n\u00e3o indiquei. O nome dela surgiu!\u201d. Antes de ela ser indicada, o deputado Pedro Fernandes (PTB-MA) tinha sido o escolhido pela sigla. Sua nomea\u00e7\u00e3o foi vetada por Jos\u00e9 Sarney (MDB), o ex-presidente da Rep\u00fablica que \u00e9 um dos consultores de Temer e de um grupo pol\u00edtico distinto de Fernandes no Maranh\u00e3o.<\/p>\n<p>At\u00e9 abril, Temer ainda dever\u00e1 trocar a metade da Esplanada dos Minist\u00e9rios, afinal, 14 de seus 28 ministros tentar\u00e3o a sorte nas urnas. Entre eles, o ministro da Fazenda,\u00a0Henrique Meirelles\u00a0(PSD), que se apresenta como potencial candidato \u00e0 presid\u00eancia da Rep\u00fablica e o da Educa\u00e7\u00e3o, Mendon\u00e7a Filho (DEM), que est\u00e1 sendo cotado concorrer como vice de Geraldo Alckmin. Os outros ministros que dever\u00e3o disputar a reelei\u00e7\u00e3o ou uma vaga no Legislativo s\u00e3o: Helder Barbalho (Integra\u00e7\u00e3o), Gilberto Kassab (Comunica\u00e7\u00f5es), os senadores Aloysio Nunes (Rela\u00e7\u00f5es Exteriores) e Blairo Maggi (Agricultura), al\u00e9m dos deputados federais Raul Jungmann (Defesa), Maur\u00edcio Quintella (Transportes), Osmar Terra (Desenvolvimento Social), Ricardo Barros (Sa\u00fade), Fernando Coelho Filho (Minas e Energia), Sarney Filho (Meio Ambiente), Leonardo Picciani (Esportes) e Marx Beltr\u00e3o (Turismo).<\/p>\n<p><strong>CARIRI EM A\u00c7\u00c3O<\/strong><\/p>\n<p><em>Com G1 \/Foto: Reprodu\u00e7\u00e3o google, Divulga\u00e7\u00e3o \u00a0<\/em><\/p>\n<p><strong>Leia mais not\u00edcias em\u00a0<\/strong><a href=\"http:\/\/www.caririemacao.com\/\"><strong>caririemacao.com<\/strong><\/a><strong>, siga nossa p\u00e1gina no\u00a0<\/strong><a href=\"https:\/\/www.facebook.com\/CaririEmAcao\/?ref=aymt_homepage_panel\"><strong>Facebook<\/strong><\/a>,<strong>\u00a0<\/strong><a href=\"https:\/\/www.instagram.com\/cariri_em_acao\/?hl=pt-br\"><strong>Instagram<\/strong><\/a><strong>\u00a0e <\/strong><a href=\"https:\/\/www.youtube.com\/channel\/UCAptA0jQuYQy8vMhLt2m4qg\"><strong>Youtube<\/strong><\/a><strong>\u00a0e veja nossas mat\u00e9rias, v\u00eddeos e fotos. Voc\u00ea tamb\u00e9m pode enviar informa\u00e7\u00f5es \u00e0 Reda\u00e7\u00e3o do Portal Cariri em A\u00e7\u00e3o pelo WhatsApp (83) 9 9634.5791, (83) 9 9601-1162.<\/strong><\/p>\n","protected":false},"excerpt":{"rendered":"<p>\u00c0 revelia de\u00a0Michel Temer, mais um ministro deixou seu cargo na Esplanada dos Minist\u00e9rios. Marcos Pereira (PRB), que respondia pela pasta de Desenvolvimento, Ind\u00fastria, Com\u00e9rcio&hellip; <\/p>\n","protected":false},"author":2,"featured_media":33186,"comment_status":"closed","ping_status":"closed","sticky":false,"template":"","format":"standard","meta":{"sfsi_plus_gutenberg_text_before_share":"","sfsi_plus_gutenberg_show_text_before_share":"","sfsi_plus_gutenberg_icon_type":"","sfsi_plus_gutenberg_icon_alignemt":"","sfsi_plus_gutenburg_max_per_row":"","footnotes":""},"categories":[11],"tags":[],"class_list":["post-36266","post","type-post","status-publish","format-standard","has-post-thumbnail","hentry","category-politica"],"_links":{"self":[{"href":"https:\/\/www.caririemacao.com\/1\/wp-json\/wp\/v2\/posts\/36266","targetHints":{"allow":["GET"]}}],"collection":[{"href":"https:\/\/www.caririemacao.com\/1\/wp-json\/wp\/v2\/posts"}],"about":[{"href":"https:\/\/www.caririemacao.com\/1\/wp-json\/wp\/v2\/types\/post"}],"author":[{"embeddable":true,"href":"https:\/\/www.caririemacao.com\/1\/wp-json\/wp\/v2\/users\/2"}],"replies":[{"embeddable":true,"href":"https:\/\/www.caririemacao.com\/1\/wp-json\/wp\/v2\/comments?post=36266"}],"version-history":[{"count":0,"href":"https:\/\/www.caririemacao.com\/1\/wp-json\/wp\/v2\/posts\/36266\/revisions"}],"wp:featuredmedia":[{"embeddable":true,"href":"https:\/\/www.caririemacao.com\/1\/wp-json\/wp\/v2\/media\/33186"}],"wp:attachment":[{"href":"https:\/\/www.caririemacao.com\/1\/wp-json\/wp\/v2\/media?parent=36266"}],"wp:term":[{"taxonomy":"category","embeddable":true,"href":"https:\/\/www.caririemacao.com\/1\/wp-json\/wp\/v2\/categories?post=36266"},{"taxonomy":"post_tag","embeddable":true,"href":"https:\/\/www.caririemacao.com\/1\/wp-json\/wp\/v2\/tags?post=36266"}],"curies":[{"name":"wp","href":"https:\/\/api.w.org\/{rel}","templated":true}]}}