{"id":36271,"date":"2018-01-04T09:25:38","date_gmt":"2018-01-04T12:25:38","guid":{"rendered":"http:\/\/caririemacao.com\/1\/?p=36271"},"modified":"2018-01-04T09:25:38","modified_gmt":"2018-01-04T12:25:38","slug":"cristiane-brasil-e-nomeada-ministra-do-trabalho","status":"publish","type":"post","link":"https:\/\/www.caririemacao.com\/1\/2018\/01\/04\/cristiane-brasil-e-nomeada-ministra-do-trabalho\/","title":{"rendered":"Cristiane Brasil \u00e9 nomeada ministra do Trabalho"},"content":{"rendered":"<p>O Di\u00e1rio Oficial da Uni\u00e3o (DOU) desta quinta-feira, 4, traz publicado o decreto de nomea\u00e7\u00e3o da deputada Cristiane Brasil Francisco (PTB-RJ) como ministra do Trabalho. A titular foi definida ontem pelo presidente Michel Temer depois de encontro com o presidente do partido,\u00a0o ex-deputado Roberto Jefferson, que \u00e9 pai da nova ministra.<\/p>\n<p>Jefferson, que foi condenado no processo do mensal\u00e3o, se disse emocionado e chorou ao falar com jornalistas ao final do encontro. Para ele, a escolha de Cristiane representa &#8220;um resgate da fam\u00edlia&#8221;. &#8220;\u00c9 o orgulho, a surpresa, a emo\u00e7\u00e3o que me d\u00e1. \u00c9 o resgate, sabe? \u00c9 um resgate. (O mensal\u00e3o) J\u00e1 passou. Fico satisfeito&#8221;, disse.<\/p>\n<p>Na quarta-feira, 3, Temer pediu ao PTB para indicar um nome alternativo ao do deputado Pedro Fernandes (PTB-MA), advers\u00e1rio eleitoral do ex-presidente Jos\u00e9 Sarney (PMDB), amigo de Temer. Segundo Jefferson, Sarney vetou a indica\u00e7\u00e3o do parlamentar, mas o ex-presidente nega a informa\u00e7\u00e3o. Jefferson tamb\u00e9m disse que o nome de Cristiane surgiu durante a conversa de ontem com Temer.<\/p>\n<p>Cristiane assume a pasta no lugar do deputado Ronaldo Nogueira (PTB-RS), que deixou o cargo semana passada alegando que ir\u00e1 se candidatar neste ano para mais um mandato parlamentar. A data da posse de Cristiane ainda n\u00e3o foi marcada, mas deve ocorrer na pr\u00f3xima semana.<\/p>\n<p><strong>CARIRI EM A\u00c7\u00c3O<\/strong><\/p>\n<p><em>Com\u00a0<\/em>Estad\u00e3o<em>\/Foto: Reprodu\u00e7\u00e3o google<\/em><\/p>\n<p><strong>Leia mais not\u00edcias em\u00a0<\/strong><a href=\"http:\/\/www.caririemacao.com\/\"><strong>caririemacao.com<\/strong><\/a><strong>, siga nossa p\u00e1gina no\u00a0<\/strong><a href=\"https:\/\/www.facebook.com\/CaririEmAcao\/?ref=aymt_homepage_panel\"><strong>Facebook<\/strong><\/a>,<strong>\u00a0<\/strong><a href=\"https:\/\/www.instagram.com\/cariri_em_acao\/?hl=pt-br\"><strong>Instagram<\/strong><\/a><strong>\u00a0e <\/strong><a href=\"https:\/\/www.youtube.com\/channel\/UCAptA0jQuYQy8vMhLt2m4qg\"><strong>Youtube<\/strong><\/a><strong>\u00a0e veja nossas mat\u00e9rias, v\u00eddeos e fotos. Voc\u00ea tamb\u00e9m pode enviar informa\u00e7\u00f5es \u00e0 Reda\u00e7\u00e3o do Portal Cariri em A\u00e7\u00e3o pelo WhatsApp (83) 9 9634.5791, (83) 9 9601-1162.<\/strong><\/p>\n","protected":false},"excerpt":{"rendered":"<p>O Di\u00e1rio Oficial da Uni\u00e3o (DOU) desta quinta-feira, 4, traz publicado o decreto de nomea\u00e7\u00e3o da deputada Cristiane Brasil Francisco (PTB-RJ) como ministra do Trabalho.&hellip; <\/p>\n","protected":false},"author":2,"featured_media":36273,"comment_status":"closed","ping_status":"closed","sticky":false,"template":"","format":"standard","meta":{"sfsi_plus_gutenberg_text_before_share":"","sfsi_plus_gutenberg_show_text_before_share":"","sfsi_plus_gutenberg_icon_type":"","sfsi_plus_gutenberg_icon_alignemt":"","sfsi_plus_gutenburg_max_per_row":"","footnotes":""},"categories":[11],"tags":[],"class_list":["post-36271","post","type-post","status-publish","format-standard","has-post-thumbnail","hentry","category-politica"],"_links":{"self":[{"href":"https:\/\/www.caririemacao.com\/1\/wp-json\/wp\/v2\/posts\/36271","targetHints":{"allow":["GET"]}}],"collection":[{"href":"https:\/\/www.caririemacao.com\/1\/wp-json\/wp\/v2\/posts"}],"about":[{"href":"https:\/\/www.caririemacao.com\/1\/wp-json\/wp\/v2\/types\/post"}],"author":[{"embeddable":true,"href":"https:\/\/www.caririemacao.com\/1\/wp-json\/wp\/v2\/users\/2"}],"replies":[{"embeddable":true,"href":"https:\/\/www.caririemacao.com\/1\/wp-json\/wp\/v2\/comments?post=36271"}],"version-history":[{"count":0,"href":"https:\/\/www.caririemacao.com\/1\/wp-json\/wp\/v2\/posts\/36271\/revisions"}],"wp:featuredmedia":[{"embeddable":true,"href":"https:\/\/www.caririemacao.com\/1\/wp-json\/wp\/v2\/media\/36273"}],"wp:attachment":[{"href":"https:\/\/www.caririemacao.com\/1\/wp-json\/wp\/v2\/media?parent=36271"}],"wp:term":[{"taxonomy":"category","embeddable":true,"href":"https:\/\/www.caririemacao.com\/1\/wp-json\/wp\/v2\/categories?post=36271"},{"taxonomy":"post_tag","embeddable":true,"href":"https:\/\/www.caririemacao.com\/1\/wp-json\/wp\/v2\/tags?post=36271"}],"curies":[{"name":"wp","href":"https:\/\/api.w.org\/{rel}","templated":true}]}}