{"id":36275,"date":"2018-01-04T09:33:00","date_gmt":"2018-01-04T12:33:00","guid":{"rendered":"http:\/\/caririemacao.com\/1\/?p=36275"},"modified":"2018-01-04T09:33:00","modified_gmt":"2018-01-04T12:33:00","slug":"apos-repercussao-no-ninho-tucano-fhc-reitera-alckmin-como-candidato-do-psdb-a-presidencia","status":"publish","type":"post","link":"https:\/\/www.caririemacao.com\/1\/2018\/01\/04\/apos-repercussao-no-ninho-tucano-fhc-reitera-alckmin-como-candidato-do-psdb-a-presidencia\/","title":{"rendered":"Ap\u00f3s repercuss\u00e3o no ninho tucano, FHC reitera Alckmin como candidato do PSDB \u00e0 Presid\u00eancia"},"content":{"rendered":"<p>O\u00a0ex-presidente Fernando Henrique Cardoso\u00a0reiterou na manh\u00e3 desta quarta-feira, 13, por meio de nota, que \u201cnada h\u00e1 mais distante de sua a\u00e7\u00e3o e de seu pensamento do que enfraquecer a candidatura presidencial do PSDB\u201d neste ano. A posi\u00e7\u00e3o do ex-presidente acontece ap\u00f3s a repercuss\u00e3o negativa dentro do ninho tucano daentrevista concedida ao Estado por FHC, publicada na ter\u00e7a-feira. O ex-presidente foi enf\u00e1tico ao defender o governador de S\u00e3o Paulo,\u00a0Geraldo Alckmin, mas avaliou ao\u00a0Estado\u00a0que, caso ele n\u00e3o cumpra essas tarefas, os tucanos podem apoiar outro nome para evitar a fragmenta\u00e7\u00e3o do centro. \u201cSe houver algu\u00e9m com mais capacidade de juntar, que prove essa capacidade e que tenha princ\u00edpios pr\u00f3ximos aos nossos (<em>do PSDB<\/em>), tem que apoiar essa pessoa\u201d.<\/p>\n<p>Na nota, FHC reafirmou a necessidade de uma candidatura que aglutine o centro pol\u00edtico na elei\u00e7\u00e3o de outubro e diz confiar que o governador paulista possa assumir esse papel. \u201cO apelo que tenho feito visa ampliar o leque de alian\u00e7as em torno dessa candidatura\u201d, disse o tucano, em refer\u00eancia a parte da entrevista em que diz da necessidade do candidato provar sua capacidade de unir as for\u00e7as pol\u00edticas de centro.<\/p>\n<p>\u201cSe ainda n\u00e3o fui taxativo em explicitar o nome do governador Alckmin, isso se deve exclusivamente ao fato de que o PSDB dever\u00e1 indic\u00e1-lo mais \u00e0 frente, dentro de calend\u00e1rio politico adequado\u201d, afirmou. Apesar de ter sido eleito presidente nacional do partido, em dezembro, Alckmin ainda poder\u00e1 ter de se submeter a pr\u00e9vias nacionais antes de ver seu nome confirmado como candidato da sigla \u00e0 Presid\u00eancia \u2013 o prefeito de Manaus, Arthur Virg\u00edlio, tamb\u00e9m se colocou como pr\u00e9-candidato.<\/p>\n<p>Nos bastidores do PSDB, tucanos interpretaram as declara\u00e7\u00f5es de FHC como um alerta a Alckmin, que ainda n\u00e3o teve um desempenho \u201cconvincente\u201d pesquisas de inten\u00e7\u00e3o de voto. Partid\u00e1rios deVirg\u00edlio comemoram a entrevista. Para um assessor ouvido pelo\u00a0Estado, FHC deixa em aberto a disputa interno no partido para ver quem vai ser o candidato tucano.<\/p>\n<p>As declara\u00e7\u00f5es animaram tamb\u00e9m pessoas pr\u00f3ximas ao prefeito de S\u00e3o Paulo,\u00a0Jo\u00e3o Doria. De acordo com fontes ouvidas pelo\u00a0Estado, o c\u00edrculo pol\u00edtico do prefeito avaliou a entrevista como um sinal de que o tucano n\u00e3o est\u00e1 fora do p\u00e1reo para a disputa presidencial.<\/p>\n<p>Al\u00e9m da disputa interna, o governador ainda v\u00ea aumentar a lista de nomes do centro que demonstram disponibilidade em pleitear essa vaga, como o ministro da Fazenda,\u00a0Henrique Meirelles\u00a0(PSD), e o presidente da C\u00e2mara dos Deputados,\u00a0Rodrigo Maia\u00a0(DEM). A baixa inten\u00e7\u00e3o de voto no tucano apontada pelas pesquisas oficiais at\u00e9 agora \u2013 os \u00edndices variam de 9% a 11%, de acordo com o cen\u00e1rio \u2013, explicam o cen\u00e1rio ainda incerto.<\/p>\n<p>Na entrevista exclusiva concedida ao\u00a0Estado, FHC diz que \u201cse houver algu\u00e9m com mais capacidade de juntar, que prove essa capacidade e que tenha princ\u00edpios pr\u00f3ximos aos nossos (do PSDB), tem que apoiar essa pessoa.\u201d O ex-presidente ainda cita a elei\u00e7\u00e3o \u00e0 Prefeitura do Rio, em 2016, como um exemplo a n\u00e3o ser seguido. Ao responder se o candidato do centro deve ser do PSDB, disse: \u201cTem que ter um. Espero que esse (<em>candidato<\/em>) tenha capacidade de aglutinar. Se houver outro que aglutine, vai fazer o qu\u00ea? Veja o que houve no Rio: ficou entre (<em>Marcelo<\/em>) Crivella (<em>atual prefeito pelo PRB<\/em>) e (<em>Marcelo<\/em>) Freixo (<em>deputado estadual pelo PSOL que perdeu para Crivella na disputa municipal<\/em>).<\/p>\n<p>Leia a nota na \u00edntegra:<br \/>\n<em>\u201cDo exterior, onde me encontro, reitero que nada h\u00e1 mais distante de minha a\u00e7\u00e3o e de meu pensamento do que enfraquecer a candidatura presidencial do PSDB. O apelo que tenho feito visa ampliar o leque de alian\u00e7as em torno dessa candidatura. Se ainda n\u00e3o fui taxativo em explicitar o nome do governador Alckmin, isso se deve exclusivamente ao fato de que o PSDB dever\u00e1 indic\u00e1-lo mais \u00e0 frente, dentro de calend\u00e1rio politico adequado.\u201d<\/em><\/p>\n<p><strong>CARIRI EM A\u00c7\u00c3O<\/strong><\/p>\n<p><em>Com Estad\u00e3o \/Foto: Reprodu\u00e7\u00e3o google<\/em><\/p>\n<p><strong>Leia mais not\u00edcias em\u00a0<\/strong><a href=\"http:\/\/www.caririemacao.com\/\"><strong>caririemacao.com<\/strong><\/a><strong>, siga nossa p\u00e1gina no\u00a0<\/strong><a href=\"https:\/\/www.facebook.com\/CaririEmAcao\/?ref=aymt_homepage_panel\"><strong>Facebook<\/strong><\/a>,<strong>\u00a0<\/strong><a href=\"https:\/\/www.instagram.com\/cariri_em_acao\/?hl=pt-br\"><strong>Instagram<\/strong><\/a><strong>\u00a0e <\/strong><a href=\"https:\/\/www.youtube.com\/channel\/UCAptA0jQuYQy8vMhLt2m4qg\"><strong>Youtube<\/strong><\/a><strong>\u00a0e veja nossas mat\u00e9rias, v\u00eddeos e fotos. Voc\u00ea tamb\u00e9m pode enviar informa\u00e7\u00f5es \u00e0 Reda\u00e7\u00e3o do Portal Cariri em A\u00e7\u00e3o pelo WhatsApp (83) 9 9634.5791, (83) 9 9601-1162.<\/strong><\/p>\n","protected":false},"excerpt":{"rendered":"<p>O\u00a0ex-presidente Fernando Henrique Cardoso\u00a0reiterou na manh\u00e3 desta quarta-feira, 13, por meio de nota, que \u201cnada h\u00e1 mais distante de sua a\u00e7\u00e3o e de seu pensamento&hellip; <\/p>\n","protected":false},"author":2,"featured_media":36277,"comment_status":"closed","ping_status":"closed","sticky":false,"template":"","format":"standard","meta":{"sfsi_plus_gutenberg_text_before_share":"","sfsi_plus_gutenberg_show_text_before_share":"","sfsi_plus_gutenberg_icon_type":"","sfsi_plus_gutenberg_icon_alignemt":"","sfsi_plus_gutenburg_max_per_row":"","footnotes":""},"categories":[1],"tags":[],"class_list":["post-36275","post","type-post","status-publish","format-standard","has-post-thumbnail","hentry","category-o-site"],"_links":{"self":[{"href":"https:\/\/www.caririemacao.com\/1\/wp-json\/wp\/v2\/posts\/36275","targetHints":{"allow":["GET"]}}],"collection":[{"href":"https:\/\/www.caririemacao.com\/1\/wp-json\/wp\/v2\/posts"}],"about":[{"href":"https:\/\/www.caririemacao.com\/1\/wp-json\/wp\/v2\/types\/post"}],"author":[{"embeddable":true,"href":"https:\/\/www.caririemacao.com\/1\/wp-json\/wp\/v2\/users\/2"}],"replies":[{"embeddable":true,"href":"https:\/\/www.caririemacao.com\/1\/wp-json\/wp\/v2\/comments?post=36275"}],"version-history":[{"count":0,"href":"https:\/\/www.caririemacao.com\/1\/wp-json\/wp\/v2\/posts\/36275\/revisions"}],"wp:featuredmedia":[{"embeddable":true,"href":"https:\/\/www.caririemacao.com\/1\/wp-json\/wp\/v2\/media\/36277"}],"wp:attachment":[{"href":"https:\/\/www.caririemacao.com\/1\/wp-json\/wp\/v2\/media?parent=36275"}],"wp:term":[{"taxonomy":"category","embeddable":true,"href":"https:\/\/www.caririemacao.com\/1\/wp-json\/wp\/v2\/categories?post=36275"},{"taxonomy":"post_tag","embeddable":true,"href":"https:\/\/www.caririemacao.com\/1\/wp-json\/wp\/v2\/tags?post=36275"}],"curies":[{"name":"wp","href":"https:\/\/api.w.org\/{rel}","templated":true}]}}