{"id":36286,"date":"2018-01-04T10:18:01","date_gmt":"2018-01-04T13:18:01","guid":{"rendered":"http:\/\/caririemacao.com\/1\/?p=36286"},"modified":"2018-01-04T10:20:53","modified_gmt":"2018-01-04T13:20:53","slug":"chuvas-chegam-ao-interior-e-moradores-comemoram-na-internet","status":"publish","type":"post","link":"https:\/\/www.caririemacao.com\/1\/2018\/01\/04\/chuvas-chegam-ao-interior-e-moradores-comemoram-na-internet\/","title":{"rendered":"Chuvas chegam ao interior e moradores comemoram na internet"},"content":{"rendered":"<p>Cidades do interior da Para\u00edba come\u00e7aram a receber chuvas, nessa quarta-feira (3). Nas redes sociais, moradores demonstraram alegria com o in\u00edcio do per\u00edodo chuvoso. Nas regi\u00f5es do Cariri, Curitamata\u00fa, Sert\u00e3o e Alto Sert\u00e3o, esse per\u00edodo coincide com o ver\u00e3o. Segundo a Aesa, as chuvas<strong>\u00a0<\/strong>em 2018 devem ficar dentro da m\u00e9dia hist\u00f3rica.<\/p>\n<p>Uma das localidades que recebeu chuvas foi S\u00e3o Jo\u00e3o do Cariri, a 216 km de Jo\u00e3o Pessoa. O vereador Francisco J\u00fanior postou uma imagem no Facebook e agradeceu a Deus pela chegada das chuvas. A postagem tinha recebido 653 rea\u00e7\u00f5es e 176 compartilhamentos at\u00e9 a publica\u00e7\u00e3o desta mat\u00e9ria. Nos coment\u00e1rios, moradores da regi\u00e3o comemoraram as chuvas.<\/p>\n<p>\u201cSalve o nosso querido Cariri! Que Deus mande chuva para molhar o nosso ch\u00e3o\u201d, diz um dos coment\u00e1rios. \u201cS\u00f3 agradecendo ao Deus todo poderoso que quando manda, manda de vontade. Obrigada, nosso Deus\u201d, escreveu outra pessoa.<\/p>\n<p>O meteorologista da Aesa, Lindemberg Lucena, confirmou que as precipita\u00e7\u00f5es que aconteceram no munic\u00edpio de S\u00e3o Jo\u00e3o do Cariri registraram um \u00edndice 11,8 mil\u00edmetros, considerado baixo pelo especialista. \u201c\u00c9 muito pouca chuva. Quase n\u00e3o conseguimos registrar, porque foi apenas nessa cidade. Em outras regi\u00f5es tivemos registros de cinco a seis mil\u00edmetros de chuva. Em S\u00e3o Jo\u00e3o do Cariri foi o maior registro, mas ainda \u00e9 muito pouco\u201d, afirmou o meteorologista.<\/p>\n<p>Em S\u00e3o Jo\u00e3o do Cariri, as chuvas foram acompanhadas por ventos fortes, que derrubaram telhados de casas e parte do muro de um est\u00e1dio de futebol. Moradores da regi\u00e3o relataram que, durante as chuvas, aconteceram problemas nos sinais de telefonia e internet.<\/p>\n<p>O meteorologista Lindemberg Lucena explicou que os fortes ventos que atingiram a cidade s\u00e3o decorrentes do forte calor da regi\u00e3o. \u201c\u00c9 normal ter ventos fortes porque a temperatura esta muito alta. Est\u00e1 muito quente. Al\u00e9m disso, as nuvens est\u00e3o muito altas. Mas tudo dentro da normalidade\u201d, finalizou o especialista.<\/p>\n<p>Outra cidade que registrou a primeira chuva do ano nessa quarta-feira foi Assun\u00e7\u00e3o. Moradores relataram que a precipita\u00e7\u00e3o foi de baixa intensidade, mas suficiente para despertar esperan\u00e7a de dias menos secos.<\/p>\n<p><strong>CARIRI EM A\u00c7\u00c3O<\/strong><\/p>\n<p><i>Com Portal C<\/i><em>orreio\/Foto:Reprodu\u00e7\u00e3o\/Facebook<\/em><\/p>\n<p><strong>Leia mais not\u00edcias em\u00a0<\/strong><a href=\"http:\/\/www.caririemacao.com\/\"><strong>caririemacao.com<\/strong><\/a><strong>, siga nossa p\u00e1gina no\u00a0<\/strong><a href=\"https:\/\/www.facebook.com\/CaririEmAcao\/?ref=aymt_homepage_panel\"><strong>Facebook<\/strong><\/a>,<strong>\u00a0<\/strong><a href=\"https:\/\/www.instagram.com\/cariri_em_acao\/?hl=pt-br\"><strong>Instagram<\/strong><\/a><strong>\u00a0e <\/strong><a href=\"https:\/\/www.youtube.com\/channel\/UCAptA0jQuYQy8vMhLt2m4qg\"><strong>Youtube<\/strong><\/a><strong>\u00a0e veja nossas mat\u00e9rias, v\u00eddeos e fotos. Voc\u00ea tamb\u00e9m pode enviar informa\u00e7\u00f5es \u00e0 Reda\u00e7\u00e3o do Portal Cariri em A\u00e7\u00e3o pelo WhatsApp (83) 9 9634.5791, (83) 9 9601-1162.<\/strong><\/p>\n","protected":false},"excerpt":{"rendered":"<p>Cidades do interior da Para\u00edba come\u00e7aram a receber chuvas, nessa quarta-feira (3). Nas redes sociais, moradores demonstraram alegria com o in\u00edcio do per\u00edodo chuvoso. Nas&hellip; <\/p>\n","protected":false},"author":2,"featured_media":36288,"comment_status":"closed","ping_status":"closed","sticky":false,"template":"","format":"standard","meta":{"sfsi_plus_gutenberg_text_before_share":"","sfsi_plus_gutenberg_show_text_before_share":"","sfsi_plus_gutenberg_icon_type":"","sfsi_plus_gutenberg_icon_alignemt":"","sfsi_plus_gutenburg_max_per_row":"","footnotes":""},"categories":[6],"tags":[],"class_list":["post-36286","post","type-post","status-publish","format-standard","has-post-thumbnail","hentry","category-cidades"],"_links":{"self":[{"href":"https:\/\/www.caririemacao.com\/1\/wp-json\/wp\/v2\/posts\/36286","targetHints":{"allow":["GET"]}}],"collection":[{"href":"https:\/\/www.caririemacao.com\/1\/wp-json\/wp\/v2\/posts"}],"about":[{"href":"https:\/\/www.caririemacao.com\/1\/wp-json\/wp\/v2\/types\/post"}],"author":[{"embeddable":true,"href":"https:\/\/www.caririemacao.com\/1\/wp-json\/wp\/v2\/users\/2"}],"replies":[{"embeddable":true,"href":"https:\/\/www.caririemacao.com\/1\/wp-json\/wp\/v2\/comments?post=36286"}],"version-history":[{"count":0,"href":"https:\/\/www.caririemacao.com\/1\/wp-json\/wp\/v2\/posts\/36286\/revisions"}],"wp:featuredmedia":[{"embeddable":true,"href":"https:\/\/www.caririemacao.com\/1\/wp-json\/wp\/v2\/media\/36288"}],"wp:attachment":[{"href":"https:\/\/www.caririemacao.com\/1\/wp-json\/wp\/v2\/media?parent=36286"}],"wp:term":[{"taxonomy":"category","embeddable":true,"href":"https:\/\/www.caririemacao.com\/1\/wp-json\/wp\/v2\/categories?post=36286"},{"taxonomy":"post_tag","embeddable":true,"href":"https:\/\/www.caririemacao.com\/1\/wp-json\/wp\/v2\/tags?post=36286"}],"curies":[{"name":"wp","href":"https:\/\/api.w.org\/{rel}","templated":true}]}}