{"id":36294,"date":"2018-01-04T10:29:52","date_gmt":"2018-01-04T13:29:52","guid":{"rendered":"http:\/\/caririemacao.com\/1\/?p=36294"},"modified":"2018-01-04T10:29:52","modified_gmt":"2018-01-04T13:29:52","slug":"deputado-federal-da-soco-em-vereador-de-bayeux-dentro-da-camara","status":"publish","type":"post","link":"https:\/\/www.caririemacao.com\/1\/2018\/01\/04\/deputado-federal-da-soco-em-vereador-de-bayeux-dentro-da-camara\/","title":{"rendered":"Deputado federal d\u00e1 soco em vereador de Bayeux dentro da C\u00e2mara"},"content":{"rendered":"<p>A reuni\u00e3o da comiss\u00e3o processante que apura a den\u00fancia que pede a cassa\u00e7\u00e3o do mandato do prefeito interino de Bayeux, Luiz Ant\u00f4nio (PSDB), realizada nesta quarta-feira (3), \u00e0 tarde, acabou na delegacia. \u00c9 que o deputado federal Andr\u00e9 Amaral (MDB), durante seu depoimento partiu para agress\u00e3o e deu um soco no vereador Roberto da Silva, o Betinho RS (Podemos), membro da Comiss\u00e3o.<\/p>\n<p>O fato virou caso de pol\u00edcia e acabou sendo registrado pelo vereador agredido na delegacia.\u00a0 O deputado teria se revoltado com a acusa\u00e7\u00e3o de que andava sempre acompanhado por capangas.<\/p>\n<p>Amaral disse que foi agredido verbalmente v\u00e1rias vezes por Betinho, que insistentemente o provocava durante os questionamentos. \u201cFui agredido verbalmente. O vereador me insultou diversas vezes. Disse que eu tinha capanga. Eu n\u00e3o tenho capangas. Eu n\u00e3o sou de briga, mas eu defendo minha honra. N\u00e3o vou deixar um capacho de prefeito destruir a hist\u00f3ria que construo\u201d, argumentou Andr\u00e9 Amaral.<\/p>\n<p>O deputado \u00e9 testemunha contra o prefeito, Luiz Ant\u00f4nio (PSDB), que \u00e9 alvo de um processo de cassa\u00e7\u00e3o por ter, supostamente, orientado auxiliares a utilizar a m\u00e1quina p\u00fablica para denegrir a imagem de Andr\u00e9 Amaral. A reportagem tentou entrar em contato com o vereador\u00a0Betinho RS, mas n\u00e3o conseguiu falar com o pol\u00edtico at\u00e9 o fechamento desta mat\u00e9ria.<\/p>\n<p><strong>CARIRI EM A\u00c7\u00c3O<\/strong><\/p>\n<p><em>Com Jornal do Correio da Para\u00edba \/Foto: Reprodu\u00e7\u00e3o google<\/em><\/p>\n<p><strong>Leia mais not\u00edcias em\u00a0<\/strong><a href=\"http:\/\/www.caririemacao.com\/\"><strong>caririemacao.com<\/strong><\/a><strong>, siga nossa p\u00e1gina no\u00a0<\/strong><a href=\"https:\/\/www.facebook.com\/CaririEmAcao\/?ref=aymt_homepage_panel\"><strong>Facebook<\/strong><\/a>,<strong>\u00a0<\/strong><a href=\"https:\/\/www.instagram.com\/cariri_em_acao\/?hl=pt-br\"><strong>Instagram<\/strong><\/a><strong>\u00a0e <\/strong><a href=\"https:\/\/www.youtube.com\/channel\/UCAptA0jQuYQy8vMhLt2m4qg\"><strong>Youtube<\/strong><\/a><strong>\u00a0e veja nossas mat\u00e9rias, v\u00eddeos e fotos. Voc\u00ea tamb\u00e9m pode enviar informa\u00e7\u00f5es \u00e0 Reda\u00e7\u00e3o do Portal Cariri em A\u00e7\u00e3o pelo WhatsApp (83) 9 9634.5791, (83) 9 9601-1162.<\/strong><\/p>\n","protected":false},"excerpt":{"rendered":"<p>A reuni\u00e3o da comiss\u00e3o processante que apura a den\u00fancia que pede a cassa\u00e7\u00e3o do mandato do prefeito interino de Bayeux, Luiz Ant\u00f4nio (PSDB), realizada nesta&hellip; <\/p>\n","protected":false},"author":2,"featured_media":36295,"comment_status":"closed","ping_status":"closed","sticky":false,"template":"","format":"standard","meta":{"sfsi_plus_gutenberg_text_before_share":"","sfsi_plus_gutenberg_show_text_before_share":"","sfsi_plus_gutenberg_icon_type":"","sfsi_plus_gutenberg_icon_alignemt":"","sfsi_plus_gutenburg_max_per_row":"","footnotes":""},"categories":[11],"tags":[],"class_list":["post-36294","post","type-post","status-publish","format-standard","has-post-thumbnail","hentry","category-politica"],"_links":{"self":[{"href":"https:\/\/www.caririemacao.com\/1\/wp-json\/wp\/v2\/posts\/36294","targetHints":{"allow":["GET"]}}],"collection":[{"href":"https:\/\/www.caririemacao.com\/1\/wp-json\/wp\/v2\/posts"}],"about":[{"href":"https:\/\/www.caririemacao.com\/1\/wp-json\/wp\/v2\/types\/post"}],"author":[{"embeddable":true,"href":"https:\/\/www.caririemacao.com\/1\/wp-json\/wp\/v2\/users\/2"}],"replies":[{"embeddable":true,"href":"https:\/\/www.caririemacao.com\/1\/wp-json\/wp\/v2\/comments?post=36294"}],"version-history":[{"count":0,"href":"https:\/\/www.caririemacao.com\/1\/wp-json\/wp\/v2\/posts\/36294\/revisions"}],"wp:featuredmedia":[{"embeddable":true,"href":"https:\/\/www.caririemacao.com\/1\/wp-json\/wp\/v2\/media\/36295"}],"wp:attachment":[{"href":"https:\/\/www.caririemacao.com\/1\/wp-json\/wp\/v2\/media?parent=36294"}],"wp:term":[{"taxonomy":"category","embeddable":true,"href":"https:\/\/www.caririemacao.com\/1\/wp-json\/wp\/v2\/categories?post=36294"},{"taxonomy":"post_tag","embeddable":true,"href":"https:\/\/www.caririemacao.com\/1\/wp-json\/wp\/v2\/tags?post=36294"}],"curies":[{"name":"wp","href":"https:\/\/api.w.org\/{rel}","templated":true}]}}