{"id":36304,"date":"2018-01-04T11:11:27","date_gmt":"2018-01-04T14:11:27","guid":{"rendered":"http:\/\/caririemacao.com\/1\/?p=36304"},"modified":"2018-01-04T11:11:27","modified_gmt":"2018-01-04T14:11:27","slug":"universidades-federais-recebem-verba-extra-de-r-344-mi-para-2018","status":"publish","type":"post","link":"https:\/\/www.caririemacao.com\/1\/2018\/01\/04\/universidades-federais-recebem-verba-extra-de-r-344-mi-para-2018\/","title":{"rendered":"Universidades federais recebem verba extra de R$ 344 mi para 2018"},"content":{"rendered":"<div class=\"ol-content-desc\">\n<p>O Minist\u00e9rio da Educa\u00e7\u00e3o liberou R$ 344,9 milh\u00f5es de recursos adicionais para as universidades e institutos federais de todo o Pa\u00eds no final do exerc\u00edcio de 2017. A\u00e7\u00f5es de custeio e investimento em obras de amplia\u00e7\u00e3o ou reforma, aquisi\u00e7\u00e3o de equipamentos e contrata\u00e7\u00e3o de servi\u00e7os terceirizados s\u00e3o alguns dos destinos poss\u00edveis para a verba extra.<\/p>\n<p>No caso das universidades federais, o repasse foi de R$ 251,2 milh\u00f5es. Para os institutos federais foram destinados R$ 93,7 milh\u00f5es. Como s\u00e3o recursos descontingenciados, a institui\u00e7\u00e3o tem total autonomia para aplicar os valores nas a\u00e7\u00f5es que considere mais importantes.<\/p>\n<p>Segundo o ministro da Educa\u00e7\u00e3o, Mendon\u00e7a Filho, os recursos permitem que as institui\u00e7\u00f5es federais de ensino fechem as contas de 2017 com &#8220;mais tranquilidade&#8221;, al\u00e9m de possibilitar o planejamento deste ano, adiantar ordens de servi\u00e7o e planejar obras. Com informa\u00e7\u00f5es do Portal Brasil.<\/p>\n<\/div>\n<div class=\"ol-content-category-s\"><strong>CARIRI EM A\u00c7\u00c3O<\/strong><\/div>\n<div>\n<p><em>Com Rep\u00f3rter PB\/Foto: Reprodu\u00e7\u00e3o google<\/em><\/p>\n<p><strong>Leia mais not\u00edcias em\u00a0<\/strong><a href=\"http:\/\/www.caririemacao.com\/\"><strong>caririemacao.com<\/strong><\/a><strong>, siga nossa p\u00e1gina no\u00a0<\/strong><a href=\"https:\/\/www.facebook.com\/CaririEmAcao\/?ref=aymt_homepage_panel\"><strong>Facebook<\/strong><\/a>,<strong>\u00a0<\/strong><a href=\"https:\/\/www.instagram.com\/cariri_em_acao\/?hl=pt-br\"><strong>Instagram<\/strong><\/a><strong>\u00a0e <\/strong><a href=\"https:\/\/www.youtube.com\/channel\/UCAptA0jQuYQy8vMhLt2m4qg\"><strong>Youtube<\/strong><\/a><strong>\u00a0e veja nossas mat\u00e9rias, v\u00eddeos e fotos. Voc\u00ea tamb\u00e9m pode enviar informa\u00e7\u00f5es \u00e0 Reda\u00e7\u00e3o do Portal Cariri em A\u00e7\u00e3o pelo WhatsApp (83) 9 9634.5791, (83) 9 9601-1162.<\/strong><\/p>\n<\/div>\n","protected":false},"excerpt":{"rendered":"<p>O Minist\u00e9rio da Educa\u00e7\u00e3o liberou R$ 344,9 milh\u00f5es de recursos adicionais para as universidades e institutos federais de todo o Pa\u00eds no final do exerc\u00edcio&hellip; <\/p>\n","protected":false},"author":2,"featured_media":31417,"comment_status":"closed","ping_status":"closed","sticky":false,"template":"","format":"standard","meta":{"sfsi_plus_gutenberg_text_before_share":"","sfsi_plus_gutenberg_show_text_before_share":"","sfsi_plus_gutenberg_icon_type":"","sfsi_plus_gutenberg_icon_alignemt":"","sfsi_plus_gutenburg_max_per_row":"","footnotes":""},"categories":[14],"tags":[],"class_list":["post-36304","post","type-post","status-publish","format-standard","has-post-thumbnail","hentry","category-educacao"],"_links":{"self":[{"href":"https:\/\/www.caririemacao.com\/1\/wp-json\/wp\/v2\/posts\/36304","targetHints":{"allow":["GET"]}}],"collection":[{"href":"https:\/\/www.caririemacao.com\/1\/wp-json\/wp\/v2\/posts"}],"about":[{"href":"https:\/\/www.caririemacao.com\/1\/wp-json\/wp\/v2\/types\/post"}],"author":[{"embeddable":true,"href":"https:\/\/www.caririemacao.com\/1\/wp-json\/wp\/v2\/users\/2"}],"replies":[{"embeddable":true,"href":"https:\/\/www.caririemacao.com\/1\/wp-json\/wp\/v2\/comments?post=36304"}],"version-history":[{"count":0,"href":"https:\/\/www.caririemacao.com\/1\/wp-json\/wp\/v2\/posts\/36304\/revisions"}],"wp:featuredmedia":[{"embeddable":true,"href":"https:\/\/www.caririemacao.com\/1\/wp-json\/wp\/v2\/media\/31417"}],"wp:attachment":[{"href":"https:\/\/www.caririemacao.com\/1\/wp-json\/wp\/v2\/media?parent=36304"}],"wp:term":[{"taxonomy":"category","embeddable":true,"href":"https:\/\/www.caririemacao.com\/1\/wp-json\/wp\/v2\/categories?post=36304"},{"taxonomy":"post_tag","embeddable":true,"href":"https:\/\/www.caririemacao.com\/1\/wp-json\/wp\/v2\/tags?post=36304"}],"curies":[{"name":"wp","href":"https:\/\/api.w.org\/{rel}","templated":true}]}}