{"id":36312,"date":"2018-01-04T11:43:51","date_gmt":"2018-01-04T14:43:51","guid":{"rendered":"http:\/\/caririemacao.com\/1\/?p=36312"},"modified":"2018-01-04T11:43:51","modified_gmt":"2018-01-04T14:43:51","slug":"janela-partidaria-trara-danca-das-cadeiras-entre-politicos-paraibanos","status":"publish","type":"post","link":"https:\/\/www.caririemacao.com\/1\/2018\/01\/04\/janela-partidaria-trara-danca-das-cadeiras-entre-politicos-paraibanos\/","title":{"rendered":"Janela partid\u00e1ria trar\u00e1 dan\u00e7a das cadeiras entre pol\u00edticos paraibanos"},"content":{"rendered":"<section class=\"l-noticia\">Janela partid\u00e1ria trar\u00e1 dan\u00e7a das cadeiras entre pol\u00edticos paraibanos<br \/>\nMovimenta\u00e7\u00e3o ser\u00e1 intensa entre os meses de mar\u00e7o e abril deste ano no Estado visando as elei\u00e7\u00f5es<\/p>\n<p>A bolsa de valores das mudan\u00e7as partid\u00e1rias, na Para\u00edba, anda muito movimentada. O prazo para a janela partid\u00e1ria, previsto na legisla\u00e7\u00e3o eleitoral, ser\u00e1 entre os dias 7 de mar\u00e7o e sete de abril. O que n\u00e3o faltam, para isso, s\u00e3o virtuais candidatos interessados em trocar de ares. Dois pontos contam para isso: insatisfa\u00e7\u00e3o dentro do partido atual e a busca de condi\u00e7\u00f5es para a sobreviv\u00eancia pol\u00edtica. No ganha e perde da movimenta\u00e7\u00e3o, praticamente todos os partidos paraibanos correm risco de perder estrelas. No sentido contr\u00e1rio, n\u00e3o faltam os que esperam ganhar.<\/p>\n<p>A movimenta\u00e7\u00e3o \u00e9 grande. O deputado estadual Jo\u00e3o Henrique anda \u00e0s turras com o DEM e pode ir para o PMDB. Do PMDB, o deputado federal Veneziano Vital do R\u00eago n\u00e3o esconde o descontentamento com a sigla. Ele namora uma transfer\u00eancia para o Podemos, que passaria a ser comandado pelo parlamentar. O acerto foi feito com a sigla nacionalmente, mas encontra oposi\u00e7\u00e3o do deputado estadual Janduhy Carneiro, atual dirigente da sigla. Indesejado pela dire\u00e7\u00e3o nacional, Carneiro pode abandonar o partido e se transferir para outro.<\/p>\n<p>O ambiente anda t\u00f3xico tamb\u00e9m no PEN e n\u00e3o por causa da mudan\u00e7a de nome para Patriotas. A sigla passou \u00e0s m\u00e3os de Julian Lemos, por decis\u00e3o da Executiva Nacional. Em contrapartida, isso dever\u00e1 resultar na sa\u00edda dos deputados Branco Mendes, Edmilson Soares e An\u00edbal Marcolino. O destino deles, inclusive, ainda \u00e9 incerto. O ambiente tamb\u00e9m n\u00e3o \u00e9 bom no PROS. O partido foi tirado das m\u00e3os de Lindolfo Pires e dado ao pai do deputado Andr\u00e9 Amaral, que tem o mesmo nome do filho. Al\u00e9m de Pires, o tamb\u00e9m deputado estadual Trocolli J\u00fanior deve deixar o partido.<\/p>\n<p>O deputado estadual In\u00e1cio Falc\u00e3o foi expulso do Avante por uma s\u00e9rie de motivos alegados pelo presidente da sigla, Genival Matias. Com isso, o destino de Falc\u00e3o dever\u00e1 ser o PPS de Nonato Bandeira. Uma das grandes surpresas pode ser a mudan\u00e7a do deputado Pedro Cunha Lima do PSDB para o Livres (PSL). O tema est\u00e1 em conversa\u00e7\u00e3o e ainda n\u00e3o \u00e9 confirmado. N\u00e3o est\u00e1 descartada, tamb\u00e9m, a sa\u00edda de Eliza Virg\u00ednia do PSDB para o Patriota. O vereador de Jo\u00e3o Pessoa, Tiago Lucena, tamb\u00e9m pode trocar o PMN pelo Livres. Com isso, assumiria o comando municipal do partido.<\/p>\n<p><strong>CARIRI EM A\u00c7\u00c3O<\/strong><\/p>\n<p><em>Com Jornal da Para\u00edba\/Foto: Reprodu\u00e7\u00e3o google<\/em><\/p>\n<p><strong>Leia mais not\u00edcias em\u00a0<\/strong><a href=\"http:\/\/www.caririemacao.com\/\"><strong>caririemacao.com<\/strong><\/a><strong>, siga nossa p\u00e1gina no\u00a0<\/strong><a href=\"https:\/\/www.facebook.com\/CaririEmAcao\/?ref=aymt_homepage_panel\"><strong>Facebook<\/strong><\/a>,<strong>\u00a0<\/strong><a href=\"https:\/\/www.instagram.com\/cariri_em_acao\/?hl=pt-br\"><strong>Instagram<\/strong><\/a><strong>\u00a0e <\/strong><a href=\"https:\/\/www.youtube.com\/channel\/UCAptA0jQuYQy8vMhLt2m4qg\"><strong>Youtube<\/strong><\/a><strong>\u00a0e veja nossas mat\u00e9rias, v\u00eddeos e fotos. Voc\u00ea tamb\u00e9m pode enviar informa\u00e7\u00f5es \u00e0 Reda\u00e7\u00e3o do Portal Cariri em A\u00e7\u00e3o pelo WhatsApp (83) 9 9634.5791, (83) 9 9601-1162.<\/strong><\/p>\n<\/section>\n","protected":false},"excerpt":{"rendered":"<p>Janela partid\u00e1ria trar\u00e1 dan\u00e7a das cadeiras entre pol\u00edticos paraibanos Movimenta\u00e7\u00e3o ser\u00e1 intensa entre os meses de mar\u00e7o e abril deste ano no Estado visando as&hellip; <\/p>\n","protected":false},"author":2,"featured_media":36313,"comment_status":"closed","ping_status":"closed","sticky":false,"template":"","format":"standard","meta":{"sfsi_plus_gutenberg_text_before_share":"","sfsi_plus_gutenberg_show_text_before_share":"","sfsi_plus_gutenberg_icon_type":"","sfsi_plus_gutenberg_icon_alignemt":"","sfsi_plus_gutenburg_max_per_row":"","footnotes":""},"categories":[11],"tags":[],"class_list":["post-36312","post","type-post","status-publish","format-standard","has-post-thumbnail","hentry","category-politica"],"_links":{"self":[{"href":"https:\/\/www.caririemacao.com\/1\/wp-json\/wp\/v2\/posts\/36312","targetHints":{"allow":["GET"]}}],"collection":[{"href":"https:\/\/www.caririemacao.com\/1\/wp-json\/wp\/v2\/posts"}],"about":[{"href":"https:\/\/www.caririemacao.com\/1\/wp-json\/wp\/v2\/types\/post"}],"author":[{"embeddable":true,"href":"https:\/\/www.caririemacao.com\/1\/wp-json\/wp\/v2\/users\/2"}],"replies":[{"embeddable":true,"href":"https:\/\/www.caririemacao.com\/1\/wp-json\/wp\/v2\/comments?post=36312"}],"version-history":[{"count":0,"href":"https:\/\/www.caririemacao.com\/1\/wp-json\/wp\/v2\/posts\/36312\/revisions"}],"wp:featuredmedia":[{"embeddable":true,"href":"https:\/\/www.caririemacao.com\/1\/wp-json\/wp\/v2\/media\/36313"}],"wp:attachment":[{"href":"https:\/\/www.caririemacao.com\/1\/wp-json\/wp\/v2\/media?parent=36312"}],"wp:term":[{"taxonomy":"category","embeddable":true,"href":"https:\/\/www.caririemacao.com\/1\/wp-json\/wp\/v2\/categories?post=36312"},{"taxonomy":"post_tag","embeddable":true,"href":"https:\/\/www.caririemacao.com\/1\/wp-json\/wp\/v2\/tags?post=36312"}],"curies":[{"name":"wp","href":"https:\/\/api.w.org\/{rel}","templated":true}]}}