{"id":36315,"date":"2018-01-04T11:48:31","date_gmt":"2018-01-04T14:48:31","guid":{"rendered":"http:\/\/caririemacao.com\/1\/?p=36315"},"modified":"2018-01-04T11:48:31","modified_gmt":"2018-01-04T14:48:31","slug":"suplente-de-cristiane-brasil-na-camara-e-ex-presidiario-e-irmao-de-garotinho","status":"publish","type":"post","link":"https:\/\/www.caririemacao.com\/1\/2018\/01\/04\/suplente-de-cristiane-brasil-na-camara-e-ex-presidiario-e-irmao-de-garotinho\/","title":{"rendered":"Suplente de Cristiane Brasil na C\u00e2mara \u00e9 ex-presidi\u00e1rio e irm\u00e3o de Garotinho"},"content":{"rendered":"<p>Irm\u00e3o do ex-governador do Rio de Janeiro Anthony Garotinho, o suplente parlamentar Nelson Nahim (PSD-RJ) deve assumir a vaga da deputada Cristiane Brasil (PTB-RJ) na C\u00e2mara\u00a0ap\u00f3s ela tomar posse como ministra do Trabalho, na pr\u00f3xima semana.<\/p>\n<p>A informa\u00e7\u00e3o foi confirmada pela Secretaria-Geral da Mesa Diretora da Casa. Assim como Garotinho,\u00a0que ficou preso por cerca de um m\u00eas\u00a0no final do ano passado por crimes eleitorais, Nahin tamb\u00e9m \u00e9 ex-presidi\u00e1rio.<\/p>\n<p>Ele foi preso com outras 12 pessoas, em junho de 2016, numa a\u00e7\u00e3o da Pol\u00edcia Civil e do Minist\u00e9rio P\u00fablico,\u00a0sob a acusa\u00e7\u00e3o de participar de uma rede de explora\u00e7\u00e3o sexual de crian\u00e7as e adolescentes, em Campos de Goytacazes (RJ).<\/p>\n<p>Na \u00e9poca da pris\u00e3o, Nahim negou envolvimento no crime. Ele foi solto quatro meses depois, ap\u00f3s habeas corpus concedido pelo Supremo Tribunal Federal (STF).<\/p>\n<p>Como suplente, na atual legislatura, Nahim j\u00e1 assumiu mandato de deputado federal por duas vezes, em dezembro de 2015, por apenas um dia, e em janeiro de 2017, por cerca de duas semanas.<\/p>\n<p>Na mesma coliga\u00e7\u00e3o, ele tamb\u00e9m seria o eventual substituto do deputado Celso Jacob (PMDB-RJ), que\u00a0cumpre pena em regime semiaberto por falsifica\u00e7\u00e3o de documento p\u00fablico\u00a0e dispensa indevida de licita\u00e7\u00e3o para constru\u00e7\u00e3o de creche na \u00e9poca em que comandou a prefeitura de Tr\u00eas Rios (RJ), em 2002.<\/p>\n<p><strong>CARIRI EM A\u00c7\u00c3O<\/strong><\/p>\n<p><em>Com\u00a0Estad\u00e3o\/Foto: Reprodu\u00e7\u00e3o google<\/em><\/p>\n<p><strong>Leia mais not\u00edcias em\u00a0<\/strong><a href=\"http:\/\/www.caririemacao.com\/\"><strong>caririemacao.com<\/strong><\/a><strong>, siga nossa p\u00e1gina no\u00a0<\/strong><a href=\"https:\/\/www.facebook.com\/CaririEmAcao\/?ref=aymt_homepage_panel\"><strong>Facebook<\/strong><\/a>,<strong>\u00a0<\/strong><a href=\"https:\/\/www.instagram.com\/cariri_em_acao\/?hl=pt-br\"><strong>Instagram<\/strong><\/a><strong>\u00a0e <\/strong><a href=\"https:\/\/www.youtube.com\/channel\/UCAptA0jQuYQy8vMhLt2m4qg\"><strong>Youtube<\/strong><\/a><strong>\u00a0e veja nossas mat\u00e9rias, v\u00eddeos e fotos. Voc\u00ea tamb\u00e9m pode enviar informa\u00e7\u00f5es \u00e0 Reda\u00e7\u00e3o do Portal Cariri em A\u00e7\u00e3o pelo WhatsApp (83) 9 9634.5791, (83) 9 9601-1162.<\/strong><\/p>\n","protected":false},"excerpt":{"rendered":"<p>Irm\u00e3o do ex-governador do Rio de Janeiro Anthony Garotinho, o suplente parlamentar Nelson Nahim (PSD-RJ) deve assumir a vaga da deputada Cristiane Brasil (PTB-RJ) na&hellip; <\/p>\n","protected":false},"author":2,"featured_media":36316,"comment_status":"closed","ping_status":"closed","sticky":false,"template":"","format":"standard","meta":{"sfsi_plus_gutenberg_text_before_share":"","sfsi_plus_gutenberg_show_text_before_share":"","sfsi_plus_gutenberg_icon_type":"","sfsi_plus_gutenberg_icon_alignemt":"","sfsi_plus_gutenburg_max_per_row":"","footnotes":""},"categories":[11],"tags":[],"class_list":["post-36315","post","type-post","status-publish","format-standard","has-post-thumbnail","hentry","category-politica"],"_links":{"self":[{"href":"https:\/\/www.caririemacao.com\/1\/wp-json\/wp\/v2\/posts\/36315","targetHints":{"allow":["GET"]}}],"collection":[{"href":"https:\/\/www.caririemacao.com\/1\/wp-json\/wp\/v2\/posts"}],"about":[{"href":"https:\/\/www.caririemacao.com\/1\/wp-json\/wp\/v2\/types\/post"}],"author":[{"embeddable":true,"href":"https:\/\/www.caririemacao.com\/1\/wp-json\/wp\/v2\/users\/2"}],"replies":[{"embeddable":true,"href":"https:\/\/www.caririemacao.com\/1\/wp-json\/wp\/v2\/comments?post=36315"}],"version-history":[{"count":0,"href":"https:\/\/www.caririemacao.com\/1\/wp-json\/wp\/v2\/posts\/36315\/revisions"}],"wp:featuredmedia":[{"embeddable":true,"href":"https:\/\/www.caririemacao.com\/1\/wp-json\/wp\/v2\/media\/36316"}],"wp:attachment":[{"href":"https:\/\/www.caririemacao.com\/1\/wp-json\/wp\/v2\/media?parent=36315"}],"wp:term":[{"taxonomy":"category","embeddable":true,"href":"https:\/\/www.caririemacao.com\/1\/wp-json\/wp\/v2\/categories?post=36315"},{"taxonomy":"post_tag","embeddable":true,"href":"https:\/\/www.caririemacao.com\/1\/wp-json\/wp\/v2\/tags?post=36315"}],"curies":[{"name":"wp","href":"https:\/\/api.w.org\/{rel}","templated":true}]}}