{"id":36318,"date":"2018-01-04T11:53:22","date_gmt":"2018-01-04T14:53:22","guid":{"rendered":"http:\/\/caririemacao.com\/1\/?p=36318"},"modified":"2018-01-04T11:53:22","modified_gmt":"2018-01-04T14:53:22","slug":"preco-medio-da-gasolina-sobe-916-em-2017-e-fecha-ano-a-r-4099","status":"publish","type":"post","link":"https:\/\/www.caririemacao.com\/1\/2018\/01\/04\/preco-medio-da-gasolina-sobe-916-em-2017-e-fecha-ano-a-r-4099\/","title":{"rendered":"Pre\u00e7o m\u00e9dio da gasolina sobe 9,16% em 2017 e fecha ano a R$ 4,099"},"content":{"rendered":"<div class=\"mc-column content-media content-media--normal  content-photo\" data-block-type=\"backstage-photo\" data-block-id=\"0\">\n<div class=\"content-media__container\">\n<div class=\"content-media__description-centered \">\n<p class=\"content-media__description\">O valor m\u00e9dio da gasolina para o consumidor final subiu 9,16% em 2017, segundo levantamento divulgado nesta ter\u00e7a-feira (2) pela Ag\u00eancia Nacional do Petr\u00f3leo, G\u00e1s Natural e Biocombust\u00edveis (ANP).\u00a0Na \u00faltima semana de 2016, o combust\u00edvel valia R$ 3,755.<\/p>\n<\/div>\n<\/div>\n<\/div>\n<div class=\"mc-column content-text active-extra-styles \" data-block-type=\"unstyled\" data-block-weight=\"37\" data-block-id=\"3\">\n<p class=\"content-text__container \" data-track-category=\"Link no Texto\" data-track-links=\"\">Ja na \u00faltima semana do ano passado, o valor m\u00e9dio da gasolina nos postos do pa\u00eds chegou a R$ 4,099, contra R$ 4,089 na semana anterior, uma varia\u00e7\u00e3o de 0,24%. Foi a nona alta seguida dos pre\u00e7os.<\/p>\n<\/div>\n<div class=\"mc-column content-text active-extra-styles \" data-block-type=\"unstyled\" data-block-weight=\"33\" data-block-id=\"4\">\n<p class=\"content-text__container \" data-track-category=\"Link no Texto\" data-track-links=\"\">Na compara\u00e7\u00e3o entre capitais, Rio Branco fechou o ano com o maior pre\u00e7o m\u00e9dio da gasolina do Brasil, com R$ 4,771 por litro. J\u00e1 S\u00e3o Lu\u00eds tem o menor valor m\u00e9dio, R$ 3,597.<\/p>\n<\/div>\n<div class=\"row medium-uncollapsed content-text\">\n<div class=\"column medium-centered medium-22 large-20\">\n<div class=\"show-table\">\n<p class=\"mc-column show-table__title\">Pre\u00e7o m\u00e9dio da gasolina por capital<\/p>\n<div class=\"show-table__centralized\">\n<div class=\"show-table__container\">\n<table class=\"show-table__content\n show-table__content--highlight-top        \"><\/p>\n<tbody>\n<tr>\n<td>Munic\u00edpio<\/td>\n<td>Pre\u00e7o m\u00e9dio (R$)<\/td>\n<\/tr>\n<tr>\n<td>Rio Branco<\/td>\n<td>4,771<\/td>\n<\/tr>\n<tr>\n<td>Rio de Janeiro<\/td>\n<td>4,533<\/td>\n<\/tr>\n<tr>\n<td>Goi\u00e2nia<\/td>\n<td>4,472<\/td>\n<\/tr>\n<tr>\n<td>Porto Alegre<\/td>\n<td>4,372<\/td>\n<\/tr>\n<tr>\n<td>Palmas<\/td>\n<td>4,285<\/td>\n<\/tr>\n<tr>\n<td>Florian\u00f3polis<\/td>\n<td>4,214<\/td>\n<\/tr>\n<tr>\n<td>Bras\u00edlia<\/td>\n<td>4,197<\/td>\n<\/tr>\n<tr>\n<td>Fortaleza<\/td>\n<td>4,162<\/td>\n<\/tr>\n<tr>\n<td>Boa Vista<\/td>\n<td>4,143<\/td>\n<\/tr>\n<tr>\n<td>Aracaju<\/td>\n<td>4,132<\/td>\n<\/tr>\n<tr>\n<td>Cuiab\u00e1<\/td>\n<td>4,125<\/td>\n<\/tr>\n<tr>\n<td>Porto Velho<\/td>\n<td>4,121<\/td>\n<\/tr>\n<tr>\n<td>Belo Horizonte<\/td>\n<td>4,087<\/td>\n<\/tr>\n<tr>\n<td>Natal<\/td>\n<td>4,086<\/td>\n<\/tr>\n<tr>\n<td>Bel\u00e9m<\/td>\n<td>4,034<\/td>\n<\/tr>\n<tr>\n<td>Campo Grande<\/td>\n<td>4,013<\/td>\n<\/tr>\n<tr>\n<td>Curitiba<\/td>\n<td>4,002<\/td>\n<\/tr>\n<tr>\n<td>Vit\u00f3ria<\/td>\n<td>3,969<\/td>\n<\/tr>\n<tr>\n<td>Macei\u00f3<\/td>\n<td>3,967<\/td>\n<\/tr>\n<tr>\n<td>Macap\u00e1<\/td>\n<td>3,957<\/td>\n<\/tr>\n<tr>\n<td>Recife<\/td>\n<td>3,917<\/td>\n<\/tr>\n<tr>\n<td>Teresina<\/td>\n<td>3,917<\/td>\n<\/tr>\n<tr>\n<td>S\u00e3o Paulo<\/td>\n<td>3,899<\/td>\n<\/tr>\n<tr>\n<td>Jo\u00e3o Pessoa<\/td>\n<td>3,884<\/td>\n<\/tr>\n<tr>\n<td>Salvador<\/td>\n<td>3,8<\/td>\n<\/tr>\n<tr>\n<td>Manaus<\/td>\n<td>3,658<\/td>\n<\/tr>\n<tr>\n<td>S\u00e3o Lu\u00eds<\/td>\n<td>3,597<\/td>\n<\/tr>\n<\/tbody>\n<\/table>\n<\/div>\n<div class=\"show-table__footer\">\n<div class=\"show-table__source\">Fonte: ANP<\/div>\n<\/div>\n<\/div>\n<\/div>\n<\/div>\n<\/div>\n<div class=\"mc-column content-text active-extra-styles \" data-block-type=\"unstyled\" data-block-weight=\"23\" data-block-id=\"5\">\n<p class=\"content-text__container \" data-track-category=\"Link no Texto\" data-track-links=\"\">O pre\u00e7o do diesel subiu 9,01% em 2017, terminando o ano a R$ 3,326. Na \u00faltima semana, o combust\u00edvel ficou 0,24% mais caro.<\/p>\n<\/div>\n<div class=\"mc-column content-text active-extra-styles \" data-block-type=\"unstyled\" data-block-weight=\"29\" data-block-id=\"6\">\n<p class=\"content-text__container \" data-track-category=\"Link no Texto\" data-track-links=\"\">Os aumentos est\u00e3o bem acima da infla\u00e7\u00e3o esperada para o ano, que deve terminar 2017 em 2,78%,\u00a0segundo as expectativas de mercado registradas pelo boletim Focus, do Banco Central.<\/p>\n<\/div>\n<div class=\"mc-column content-text active-extra-styles \" data-block-type=\"unstyled\" data-block-weight=\"25\" data-block-id=\"7\">\n<p class=\"content-text__container \" data-track-category=\"Link no Texto\" data-track-links=\"\">J\u00e1 o etanol subiu 2,39% no ano, fechando a \u00faltima semana de 2017 com o pre\u00e7o m\u00e9dio de R$ 2,912 por litro, segundo a ANP.<\/p>\n<p class=\"content-text__container \" data-track-category=\"Link no Texto\" data-track-links=\"\"><strong>Disparada dos combust\u00edveis a partir de julho<\/strong><\/p>\n<\/div>\n<div class=\"show-chart mc-column content-media content-media--normal\">\n<div class=\"show-chart__title\">De julho at\u00e9 o final de 2017, o pre\u00e7o m\u00e9dio da gasolina para o consumidor subiu 16,78%, segundo a ANP. A alta mais acentuada aconteceu em meio ao an\u00fancio da nova metodologia de reajustes da Petrobras e da\u00a0eleva\u00e7\u00e3o do tributo sobre os combust\u00edveis.\u00a0J\u00e1 o diesel ficou 12,44% mais caro desde a nova pol\u00edtica de pre\u00e7os.<\/div>\n<\/div>\n<div class=\"mc-column content-text active-extra-styles \" data-block-type=\"unstyled\" data-block-weight=\"29\" data-block-id=\"11\">\n<p class=\"content-text__container \" data-track-category=\"Link no Texto\" data-track-links=\"\">Com o novo formato da pol\u00edtica de pre\u00e7os, adotado em 3 de julho, a Petrobras passou a fazer reajustes mais frequentes nos valores dos combust\u00edveis nas refinarias, inclusive diariamente.<\/p>\n<\/div>\n<div class=\"mc-column content-text active-extra-styles \" data-block-type=\"unstyled\" data-block-weight=\"35\" data-block-id=\"12\">\n<p class=\"content-text__container \" data-track-category=\"Link no Texto\" data-track-links=\"\">Desde o in\u00edcio da nova metodologia, a gasolina acumula alta de 30,03% nas refinarias e o diesel, valoriza\u00e7\u00e3o de 26,68%, segundo o Valor Online. O repasse ou n\u00e3o para o consumidor final depende dos postos.<\/p>\n<\/div>\n<div class=\"mc-column content-text active-extra-styles \" data-block-type=\"unstyled\" data-block-weight=\"41\" data-block-id=\"13\">\n<p class=\"content-text__container \" data-track-category=\"Link no Texto\" data-track-links=\"\">Nesta quarta, a Petrobras anunciou nesta quarta-feira redu\u00e7\u00f5es de 1,9% no pre\u00e7o do diesel e de 1,4% no pre\u00e7o da gasolina comercializados nas refinarias. Na ter\u00e7a-feira, foi anunciado alta de 0,6% no pre\u00e7o do diesel e recuo de 0,1% na gasolina.<\/p>\n<p class=\"content-text__container \" data-track-category=\"Link no Texto\" data-track-links=\"\"><strong>Botij\u00e3o de g\u00e1s sobe mais de 20% no ano<\/strong><\/p>\n<\/div>\n<div class=\"mc-column content-text active-extra-styles \" data-block-type=\"unstyled\" data-block-weight=\"59\" data-block-id=\"15\">\n<p class=\"content-text__container \" data-track-category=\"Link no Texto\" data-track-links=\"\">Ainda de acordo com a ANP, o pre\u00e7o m\u00e9dio do botij\u00e3o de g\u00e1s de cozinha teve alta de 21,27% no ano (tamb\u00e9m bem acima da infla\u00e7\u00e3o de 2,78% esperada para o ano), passando de R$ 55,58 no fim de 2016 para R$ 67,41 na \u00faltima semana de 2017. Na varia\u00e7\u00e3o semanal, o g\u00e1s de cozinha ficou 0,7% mais caro.<\/p>\n<p class=\"content-text__container \" data-track-category=\"Link no Texto\" data-track-links=\"\"><strong>O que diz a Petrobras<\/strong><\/p>\n<\/div>\n<div class=\"mc-column content-text active-extra-styles \" data-block-type=\"unstyled\" data-block-weight=\"20\" data-block-id=\"18\">\n<p class=\"content-text__container \" data-track-category=\"Link no Texto\" data-track-links=\"\">Segundo a Petrobras, a periodicidade frequente dos reajustes &#8220;possibilita a companhia competir de maneira mais \u00e1gil e eficiente com importadores&#8221;.<\/p>\n<\/div>\n<div class=\"mc-column content-text active-extra-styles \" data-block-type=\"unstyled\" data-block-weight=\"70\" data-block-id=\"19\">\n<p class=\"content-text__container \" data-track-category=\"Link no Texto\" data-track-links=\"\">Diante da alta de pre\u00e7os acumulada desde julho, o presidente da Petrobras, Pedro Parente,\u00a0j\u00e1 chegou a declarar\u00a0que o principal fator para o aumento do pre\u00e7o da gasolina \u00e9 o aumento de impostos. Em julho deste ano,\u00a0o governo anunciou a eleva\u00e7\u00e3o da tributa\u00e7\u00e3o sobre os combust\u00edveis, como uma das medidas para tentar reequilibrar as contas p\u00fablicas. Foi elevada a a al\u00edquota de PIS e Cofins sobre os combust\u00edveis.<\/p>\n<\/div>\n<div class=\"mc-column content-text active-extra-styles \" data-block-type=\"unstyled\" data-block-weight=\"55\" data-block-id=\"20\">\n<p class=\"content-text__container \" data-track-category=\"Link no Texto\" data-track-links=\"\">Em resposta ao\u00a0G1, a Petrobras disse que &#8220;\u00e9 importante destacar que, na gasolina, por exemplo, apenas 29% do pre\u00e7o pago pelo consumidor final correspondem \u00e0 parcela da Petrobras. Os demais 71% referiam-se a tributos, custo do etanol anidro e margens de distribui\u00e7\u00e3o e revenda &#8211; parcelas sobre as quais a Petrobras n\u00e3o tem ger\u00eancia&#8221;.<\/p>\n<\/div>\n<div class=\"mc-column content-text active-extra-styles \" data-block-type=\"unstyled\" data-block-weight=\"42\" data-block-id=\"21\">\n<p class=\"content-text__container \" data-track-category=\"Link no Texto\" data-track-links=\"\">Outra consequ\u00eancia da nova pol\u00edtica de pre\u00e7os da Petrobras doi o aumento das importa\u00e7\u00f5es de combust\u00edveis, que\u00a0dispararam 25% no ano. Somente as compras externas de gasolina no acumulado em 2017 at\u00e9 novembro, cresceram 53,8% sobre o mesmo per\u00edodo do ano passado.<\/p>\n<\/div>\n<div class=\"mc-column content-text active-extra-styles \" data-block-type=\"unstyled\" data-block-weight=\"47\" data-block-id=\"22\">\n<p class=\"content-text__container \" data-track-category=\"Link no Texto\" data-track-links=\"\">O setor se tornou fortemente importador em um mercado de distribui\u00e7\u00e3o dominado por empresas como Ra\u00edzen, dos grupos Cosan e Shell; Ipiranga, da Ultrapar; e a pr\u00f3pria BR Distribuidora, controlada pela Petrobras, l\u00edder no segmento que tem liberdade para comprar de outras companhias, se for mais lucrativo.<\/p>\n<\/div>\n<div data-track-category=\"fim do conteudo\" data-track-action=\"ultimo chunk conteudo\" data-track-noninteraction=\"false\" data-track-scroll=\"entrada completa viewport\"><\/div>\n","protected":false},"excerpt":{"rendered":"<p>O valor m\u00e9dio da gasolina para o consumidor final subiu 9,16% em 2017, segundo levantamento divulgado nesta ter\u00e7a-feira (2) pela Ag\u00eancia Nacional do Petr\u00f3leo, G\u00e1s&hellip; <\/p>\n","protected":false},"author":2,"featured_media":25127,"comment_status":"closed","ping_status":"closed","sticky":false,"template":"","format":"standard","meta":{"sfsi_plus_gutenberg_text_before_share":"","sfsi_plus_gutenberg_show_text_before_share":"","sfsi_plus_gutenberg_icon_type":"","sfsi_plus_gutenberg_icon_alignemt":"","sfsi_plus_gutenburg_max_per_row":"","footnotes":""},"categories":[2],"tags":[],"class_list":["post-36318","post","type-post","status-publish","format-standard","has-post-thumbnail","hentry","category-geral"],"_links":{"self":[{"href":"https:\/\/www.caririemacao.com\/1\/wp-json\/wp\/v2\/posts\/36318","targetHints":{"allow":["GET"]}}],"collection":[{"href":"https:\/\/www.caririemacao.com\/1\/wp-json\/wp\/v2\/posts"}],"about":[{"href":"https:\/\/www.caririemacao.com\/1\/wp-json\/wp\/v2\/types\/post"}],"author":[{"embeddable":true,"href":"https:\/\/www.caririemacao.com\/1\/wp-json\/wp\/v2\/users\/2"}],"replies":[{"embeddable":true,"href":"https:\/\/www.caririemacao.com\/1\/wp-json\/wp\/v2\/comments?post=36318"}],"version-history":[{"count":0,"href":"https:\/\/www.caririemacao.com\/1\/wp-json\/wp\/v2\/posts\/36318\/revisions"}],"wp:featuredmedia":[{"embeddable":true,"href":"https:\/\/www.caririemacao.com\/1\/wp-json\/wp\/v2\/media\/25127"}],"wp:attachment":[{"href":"https:\/\/www.caririemacao.com\/1\/wp-json\/wp\/v2\/media?parent=36318"}],"wp:term":[{"taxonomy":"category","embeddable":true,"href":"https:\/\/www.caririemacao.com\/1\/wp-json\/wp\/v2\/categories?post=36318"},{"taxonomy":"post_tag","embeddable":true,"href":"https:\/\/www.caririemacao.com\/1\/wp-json\/wp\/v2\/tags?post=36318"}],"curies":[{"name":"wp","href":"https:\/\/api.w.org\/{rel}","templated":true}]}}